{"id":7370,"date":"2017-03-17T00:00:00","date_gmt":"2017-03-17T00:00:00","guid":{"rendered":"https:\/\/pre.madridemprende.anovagroup.es\/noticias\/arranca-la-remodelacin-del-mercado-de-tetun\/"},"modified":"2022-06-08T11:24:31","modified_gmt":"2022-06-08T09:24:31","slug":"arranca-la-remodelacin-del-mercado-de-tetun","status":"publish","type":"noticias","link":"https:\/\/test.madridemprende.anovagroup.es\/en\/noticias\/arranca-la-remodelacin-del-mercado-de-tetun\/","title":{"rendered":"Arranca la remodelaci\u00f3n del Mercado de Tetu\u00e1n"},"content":{"rendered":"<div style=\\\"text-align: justify;\\\">El\u00a0<strong><a href=\\\"\/es\/mercados\/mercados-de-madrid\/Mercados\/ficha\/615c4ba6ec1bf12c0ec31d4df811b3a3\/\\\">Mercado de Tetu\u00e1n<\/a><\/strong> ha recibido el martes 14 de marzo la visita de <strong>Marta Higueras<\/strong>, <strong>Primer Teniente de Alcalde<\/strong>, y de <strong>Monserrat Galcer\u00e1n<\/strong>, <strong>Concejala del Distrito de Tetu\u00e1n<\/strong>, acompa\u00f1adas por la <strong>Directora General de Comercio y Emprendimiento<\/strong>, <strong>Concha D\u00edaz de Villegas<\/strong>, el <strong>Director Regional de Expansi\u00f3n e Inmuebles de Lidl<\/strong>, <strong>Sergio S\u00e1nchez<\/strong>, y representantes de la <strong>Asociaci\u00f3n de Comerciantes del Centro Comercial de Tetu\u00e1n<\/strong>.<\/div>\n<div style=\\\"text-align: justify;\\\">Este mercado, que comenz\u00f3 su andadura en 1947, inicia ahora un proceso de remodelaci\u00f3n, que conllevar\u00e1 su reestructuraci\u00f3n comercial. Se reformar\u00e1 y consolidar\u00e1 el edificio, reubicando y dando nuevos usos a los locales, y se implantar\u00e1 un supermercado de la marca Lidl en la primera planta, con una ocupaci\u00f3n de 1.742,16 metros cuadrados, de un total de 2.061,72 metros cuadrados de superficie construida del proyecto. Adem\u00e1s, en el solar municipal que est\u00e1 junto al Mercado, se construir\u00e1 un parque infantil.<\/div>\n<div style=\\\"text-align: justify;\\\">El proyecto, con una inversi\u00f3n estimada en 6 millones de euros, es fruto de la colaboraci\u00f3n p\u00fablico-privada, como destac\u00f3 Marta Higueras, que recalc\u00f3 que \u201c<strong>el Mercado de Tetu\u00e1n cambiar\u00e1 la piel manteniendo el alma<\/strong>\u201d, pues mantendr\u00e1 a los comerciantes de toda la vida en los puestos tradicionales de la planta baja, incorporando adem\u00e1s el nuevo supermercado en la primera planta.<\/div>\n<div style=\\\"text-align: justify;\\\">El proyecto, que ha sido subvencionado por la\u00a0<strong><a>Direcci\u00f3n General de Comercio y Emprendimiento<\/a><\/strong> con cerca de 550.000 euros como parte de la Convocatoria de subvenciones de modernizaci\u00f3n y dinamizaci\u00f3n de los mercados municipales, generar\u00e1 22 nuevos puestos de trabajo directos y 77 indirectos durante las obras, y supondr\u00e1 un impulso a la actividad del Mercado de Tetu\u00e1n, y del barrio en general.<\/div>\n","protected":false},"excerpt":{"rendered":"<p>El\u00a0Mercado de Tetu\u00e1n ha recibido el martes 14 de marzo la visita de Marta&#8230;<\/p>\n","protected":false},"featured_media":7371,"template":"","meta":{"_acf_changed":false},"categories":[],"noticias":[],"class_list":["post-7370","noticias","type-noticias","status-publish","has-post-thumbnail","hentry"],"acf":[],"_links":{"self":[{"href":"https:\/\/test.madridemprende.anovagroup.es\/en\/wp-json\/wp\/v2\/noticias\/7370"}],"collection":[{"href":"https:\/\/test.madridemprende.anovagroup.es\/en\/wp-json\/wp\/v2\/noticias"}],"about":[{"href":"https:\/\/test.madridemprende.anovagroup.es\/en\/wp-json\/wp\/v2\/types\/noticias"}],"version-history":[{"count":0,"href":"https:\/\/test.madridemprende.anovagroup.es\/en\/wp-json\/wp\/v2\/noticias\/7370\/revisions"}],"wp:featuredmedia":[{"embeddable":true,"href":"https:\/\/test.madridemprende.anovagroup.es\/en\/wp-json\/wp\/v2\/media\/7371"}],"wp:attachment":[{"href":"https:\/\/test.madridemprende.anovagroup.es\/en\/wp-json\/wp\/v2\/media?parent=7370"}],"wp:term":[{"taxonomy":"category","embeddable":true,"href":"https:\/\/test.madridemprende.anovagroup.es\/en\/wp-json\/wp\/v2\/categories?post=7370"},{"taxonomy":"noticias","embeddable":true,"href":"https:\/\/test.madridemprende.anovagroup.es\/en\/wp-json\/wp\/v2\/noticias?post=7370"}],"curies":[{"name":"wp","href":"https:\/\/api.w.org\/{rel}","templated":true}]}}