{"id":7372,"date":"2017-03-17T00:00:00","date_gmt":"2017-03-17T00:00:00","guid":{"rendered":"https:\/\/pre.madridemprende.anovagroup.es\/noticias\/barcel-food-gourmet-nuevo-espacio-en-el-mercado-de-barcel\/"},"modified":"2022-06-08T11:24:31","modified_gmt":"2022-06-08T09:24:31","slug":"barcel-food-gourmet-nuevo-espacio-en-el-mercado-de-barcel","status":"publish","type":"noticias","link":"https:\/\/test.madridemprende.anovagroup.es\/en\/noticias\/barcel-food-gourmet-nuevo-espacio-en-el-mercado-de-barcel\/","title":{"rendered":"Barcel\u00f3 Food Gourmet, nuevo espacio en el Mercado de Barcel\u00f3"},"content":{"rendered":"<div style=\\\"text-align: justify;\\\">Acompa\u00f1ada por la <strong>Directora General de Comercio y Emprendimiento<\/strong>, <strong>Concha D\u00edaz de Villegas<\/strong>, <strong>Marta Higueras<\/strong> ha inaugurado un espacio que empez\u00f3 a construirse el 7 de julio de 2016, y que ha contado con una inversi\u00f3n de m\u00e1s de medio mill\u00f3n de euros. El Ayuntamiento de Madrid, a trav\u00e9s de la <strong><a>Direcci\u00f3n General de Comercio y Emprendimiento<\/a><\/strong> ha apoyado esta iniciativa de la Asociaci\u00f3n Profesional de Comerciantes, concesionaria del <a href=\\\"\/es\/mercados\/mercados-de-madrid\/Mercados\/ficha\/7c3432bb769952f9b0a7c4b43373ac62\/\\\"><strong>Mercado de Barcel\u00f3<\/strong><\/a>, con una subvenci\u00f3n de m\u00e1s de 60.000 euros.<\/div>\n<div style=\\\"text-align: justify;\\\">El nuevo espacio, ubicado en la segunda planta del mercado y con un total de 330 metros cuadrados, ofrece espacios para la degustaci\u00f3n y comercializaci\u00f3n de productos gourmet, restauraci\u00f3n y hosteler\u00eda y un \u00e1rea com\u00fan para actividades de ocio. Barcel\u00f3 Food Gourmet ofrecer\u00e1 una programaci\u00f3n cultural con actividades como exposiciones, presentaciones de libros, o actuaciones musicales. El proyecto est\u00e1 en la l\u00ednea municipal de dinamizaci\u00f3n de los Mercados de Madrid, ofreciendo propuestas adaptadas a los tiempos actuales que integran a los mercados en la vida diaria de los barrios.<\/div>\n","protected":false},"excerpt":{"rendered":"<p>Acompa\u00f1ada por la Directora General de Comercio y Emprendimiento, Concha&#8230;<\/p>\n","protected":false},"featured_media":7373,"template":"","meta":{"_acf_changed":false},"categories":[],"noticias":[],"class_list":["post-7372","noticias","type-noticias","status-publish","has-post-thumbnail","hentry"],"acf":[],"_links":{"self":[{"href":"https:\/\/test.madridemprende.anovagroup.es\/en\/wp-json\/wp\/v2\/noticias\/7372"}],"collection":[{"href":"https:\/\/test.madridemprende.anovagroup.es\/en\/wp-json\/wp\/v2\/noticias"}],"about":[{"href":"https:\/\/test.madridemprende.anovagroup.es\/en\/wp-json\/wp\/v2\/types\/noticias"}],"version-history":[{"count":0,"href":"https:\/\/test.madridemprende.anovagroup.es\/en\/wp-json\/wp\/v2\/noticias\/7372\/revisions"}],"wp:featuredmedia":[{"embeddable":true,"href":"https:\/\/test.madridemprende.anovagroup.es\/en\/wp-json\/wp\/v2\/media\/7373"}],"wp:attachment":[{"href":"https:\/\/test.madridemprende.anovagroup.es\/en\/wp-json\/wp\/v2\/media?parent=7372"}],"wp:term":[{"taxonomy":"category","embeddable":true,"href":"https:\/\/test.madridemprende.anovagroup.es\/en\/wp-json\/wp\/v2\/categories?post=7372"},{"taxonomy":"noticias","embeddable":true,"href":"https:\/\/test.madridemprende.anovagroup.es\/en\/wp-json\/wp\/v2\/noticias?post=7372"}],"curies":[{"name":"wp","href":"https:\/\/api.w.org\/{rel}","templated":true}]}}