{"id":7374,"date":"2017-03-22T00:00:00","date_gmt":"2017-03-22T00:00:00","guid":{"rendered":"https:\/\/pre.madridemprende.anovagroup.es\/noticias\/la-maison-de-vestiaire-collective-compromiso-con-la-autenticidad-en-el-sector-de-la-moda\/"},"modified":"2022-06-08T11:24:30","modified_gmt":"2022-06-08T09:24:30","slug":"la-maison-de-vestiaire-collective-compromiso-con-la-autenticidad-en-el-sector-de-la-moda","status":"publish","type":"noticias","link":"https:\/\/test.madridemprende.anovagroup.es\/en\/noticias\/la-maison-de-vestiaire-collective-compromiso-con-la-autenticidad-en-el-sector-de-la-moda\/","title":{"rendered":"La Maison de Vestiaire Collective, compromiso con la autenticidad en el sector de la Moda"},"content":{"rendered":"<div style=\\\"text-align: justify;\\\">Como parte de su compromiso con el comercio de nuestra ciudad, el <strong>Ayuntamiento de Madrid<\/strong> vela por la autenticidad de los productos que adquieren los consumidores madrile\u00f1os, y por la lucha contra la venta ambulante ilegal y las falsificaciones de productos.<\/div>\n<div style=\\\"text-align: justify;\\\">La <strong>Directora General de <a href=\\\"https:\/\/pre.madridemprende.anovagroup.es\/\\\">Comercio y Emprendimiento<\/a><\/strong>, <strong>Concha D\u00edaz de Villegas<\/strong>, ha participado hoy en una mesa redonda en la que se han tratado estas cuestiones, junto a representantes de <strong><a href=\\\"http:\/\/www.andema.org\/\\\">ANDEMA, la Asociaci\u00f3n para la Defensa de la Marca<\/a><\/strong>, y de <strong><a href=\\\"http:\/\/www.vestiairecollective.es\/\\\">Vestiaire Collective<\/a><\/strong>.<\/div>\n<div style=\\\"text-align: justify;\\\">En la mesa se ha desvelado c\u00f3mo, en contra de lo que se suele creer, las personas que m\u00e1s compran productos falsificados no son las que menos poder adquisitivo tienen; o c\u00f3mo detr\u00e1s de las falsificaciones est\u00e1 el crimen organizado, para el cual esta actividad es una de las m\u00e1s lucrativas. <strong>Concha D\u00edaz de Villega<\/strong>s ha recalcado el enorme da\u00f1o que la venta ambulante ilegal y las falsificaciones provocan tanto a los derechos de los consumidores como al comercio legal, y ha opinado que \u201cun valor como la autenticidad debe formar parte no s\u00f3lo de la actividad econ\u00f3mica, sino tambi\u00e9n de la actitud de cada consumidor\u201d.<\/div>\n<div style=\\\"text-align: justify;\\\">Esta mesa redonda ha tenido lugar en el marco de <strong><a href=\\\"http:\/\/www.vestiairecollective.es\/journal\/la-maison-de-vestiaire-collective\/\\\">La Maison de Vestiaire Collective<\/a><\/strong>, que se celebra en el <strong>Palacio de Santa B\u00e1rbara<\/strong> de Madrid hasta el 25 de marzo con el objetivo de acercar el universo de la moda a todas las personas interesadas en ella. En <strong>La Maison de Vestiaire Collective<\/strong> tendr\u00e1n cabida workshops gratuitos y abiertos al p\u00fablico, exposici\u00f3n de productos exclusivos, y un atelier permanente de autentificaci\u00f3n, en el que los asistentes podr\u00e1n descubrir si un art\u00edculo es verdadero o falso.<\/div>\n","protected":false},"excerpt":{"rendered":"<p>Como parte de su compromiso con el comercio de nuestra ciudad, el&#8230;<\/p>\n","protected":false},"featured_media":7375,"template":"","meta":{"_acf_changed":false},"categories":[],"noticias":[],"class_list":["post-7374","noticias","type-noticias","status-publish","has-post-thumbnail","hentry"],"acf":[],"_links":{"self":[{"href":"https:\/\/test.madridemprende.anovagroup.es\/en\/wp-json\/wp\/v2\/noticias\/7374"}],"collection":[{"href":"https:\/\/test.madridemprende.anovagroup.es\/en\/wp-json\/wp\/v2\/noticias"}],"about":[{"href":"https:\/\/test.madridemprende.anovagroup.es\/en\/wp-json\/wp\/v2\/types\/noticias"}],"version-history":[{"count":0,"href":"https:\/\/test.madridemprende.anovagroup.es\/en\/wp-json\/wp\/v2\/noticias\/7374\/revisions"}],"wp:featuredmedia":[{"embeddable":true,"href":"https:\/\/test.madridemprende.anovagroup.es\/en\/wp-json\/wp\/v2\/media\/7375"}],"wp:attachment":[{"href":"https:\/\/test.madridemprende.anovagroup.es\/en\/wp-json\/wp\/v2\/media?parent=7374"}],"wp:term":[{"taxonomy":"category","embeddable":true,"href":"https:\/\/test.madridemprende.anovagroup.es\/en\/wp-json\/wp\/v2\/categories?post=7374"},{"taxonomy":"noticias","embeddable":true,"href":"https:\/\/test.madridemprende.anovagroup.es\/en\/wp-json\/wp\/v2\/noticias?post=7374"}],"curies":[{"name":"wp","href":"https:\/\/api.w.org\/{rel}","templated":true}]}}