{"id":7376,"date":"2017-03-27T00:00:00","date_gmt":"2017-03-27T00:00:00","guid":{"rendered":"https:\/\/pre.madridemprende.anovagroup.es\/noticias\/jornada-de-trabajo-sobre-la-venta-ambulante-ilegal-y-de-falsificaciones\/"},"modified":"2022-06-08T11:24:30","modified_gmt":"2022-06-08T09:24:30","slug":"jornada-de-trabajo-sobre-la-venta-ambulante-ilegal-y-de-falsificaciones","status":"publish","type":"noticias","link":"https:\/\/test.madridemprende.anovagroup.es\/en\/noticias\/jornada-de-trabajo-sobre-la-venta-ambulante-ilegal-y-de-falsificaciones\/","title":{"rendered":"Jornada de trabajo sobre la venta ambulante ilegal y de falsificaciones"},"content":{"rendered":"<p class=\\\"MsoNormal\\\" style=\\\"text-align: justify;\\\">A dicha Jornada asistieron junto a los representantes de la Direcci\u00f3n General de Comercio y Emprendimiento, los de diferentes Organizaciones de consumidores y de Organizaciones de empresarios y comerciantes afectadas, bajo la coordinaci\u00f3n de la Mesa de Comercio de Madrid Foro Empresarial.<\/p>\n<p class=\\\"MsoNormal\\\" style=\\\"text-align: justify;\\\">Tanto el Ayuntamiento de Madrid como las distintas organizaciones presentes manifestaron su preocupaci\u00f3n por la problem\u00e1tica que plantea la venta ambulante ilegal y de falsificaciones ya que con estas actividades se vulneran derechos tanto de los empresarios y comerciantes como del colectivo de consumidores y usuarios, en tanto que son causa de p\u00e9rdida de puestos de trabajo, cierre de negocios y empresas y ponen en peligro la seguridad y salud de las personas.<\/p>\n<p class=\\\"MsoNormal\\\" style=\\\"text-align: justify;\\\">La venta ambulante ilegal y de falsificaciones supone un trato discriminatorio hac\u00eda aquellos comerciantes y empresarios que, cumpliendo con sus obligaciones administrativas y tributarias d\u00eda a d\u00eda, deben competir, en desigualdad de condiciones, con quienes las incumplen desde la ilegalidad, desarrollando una actividad que entra\u00f1a graves riesgos para la sociedad en general y para los consumidores en particular.<\/p>\n<p class=\\\"MsoNormal\\\" style=\\\"text-align: justify;\\\">En esta Jornada los comerciantes y empresarios han denunciado la pasividad en la actividad inspectora y en la persecuci\u00f3n de estas pr\u00e1cticas ilegales que conduce a un incremento de este tipo de actividades, gener\u00e1ndose un efecto llamada hacia la capital de redes de distribuci\u00f3n y personas que no pueden desarrollarlas en otros puntos del pa\u00eds.<\/p>\n<p class=\\\"MsoNormal\\\" style=\\\"text-align: justify;\\\">As\u00ed mismo, se ha insistido en la necesidad de continuar promoviendo desde la Administraci\u00f3n, en colaboraci\u00f3n con empresarios y organizaciones de consumidores, campa\u00f1as de sensibilizaci\u00f3n de la ciudadan\u00eda que conciencien sobre la importancia de realizar un consumo responsable, absolutamente incompatible con la adquisici\u00f3n de productos a trav\u00e9s de cauces ilegales de comercializaci\u00f3n o de falsificaciones.<\/p>\n","protected":false},"excerpt":{"rendered":"<p>A dicha Jornada asistieron junto a los representantes de la Direcci\u00f3n&#8230;<\/p>\n","protected":false},"featured_media":7377,"template":"","meta":{"_acf_changed":false},"categories":[],"noticias":[],"class_list":["post-7376","noticias","type-noticias","status-publish","has-post-thumbnail","hentry"],"acf":[],"_links":{"self":[{"href":"https:\/\/test.madridemprende.anovagroup.es\/en\/wp-json\/wp\/v2\/noticias\/7376"}],"collection":[{"href":"https:\/\/test.madridemprende.anovagroup.es\/en\/wp-json\/wp\/v2\/noticias"}],"about":[{"href":"https:\/\/test.madridemprende.anovagroup.es\/en\/wp-json\/wp\/v2\/types\/noticias"}],"version-history":[{"count":0,"href":"https:\/\/test.madridemprende.anovagroup.es\/en\/wp-json\/wp\/v2\/noticias\/7376\/revisions"}],"wp:featuredmedia":[{"embeddable":true,"href":"https:\/\/test.madridemprende.anovagroup.es\/en\/wp-json\/wp\/v2\/media\/7377"}],"wp:attachment":[{"href":"https:\/\/test.madridemprende.anovagroup.es\/en\/wp-json\/wp\/v2\/media?parent=7376"}],"wp:term":[{"taxonomy":"category","embeddable":true,"href":"https:\/\/test.madridemprende.anovagroup.es\/en\/wp-json\/wp\/v2\/categories?post=7376"},{"taxonomy":"noticias","embeddable":true,"href":"https:\/\/test.madridemprende.anovagroup.es\/en\/wp-json\/wp\/v2\/noticias?post=7376"}],"curies":[{"name":"wp","href":"https:\/\/api.w.org\/{rel}","templated":true}]}}