{"id":7380,"date":"2017-03-27T00:00:00","date_gmt":"2017-03-27T00:00:00","guid":{"rendered":"https:\/\/pre.madridemprende.anovagroup.es\/noticias\/el-ayuntamiento-firma-el-convenio-s-digital-para-potenciar-la-economa-local-de-madrid\/"},"modified":"2022-06-08T11:24:30","modified_gmt":"2022-06-08T09:24:30","slug":"el-ayuntamiento-firma-el-convenio-s-digital-para-potenciar-la-economa-local-de-madrid","status":"publish","type":"noticias","link":"https:\/\/test.madridemprende.anovagroup.es\/en\/noticias\/el-ayuntamiento-firma-el-convenio-s-digital-para-potenciar-la-economa-local-de-madrid\/","title":{"rendered":"El Ayuntamiento  firma el convenio S\u00e9 digital para potenciar la econom\u00eda local de Madrid"},"content":{"rendered":"<div style=\\\"text-align: justify;\\\">El acuerdo lo han firmado esta ma\u00f1ana <strong>Marta Higueras<\/strong>, <strong>Primer Teniente Alcalde<\/strong> y <strong>Delegada del \u00c1rea de Gobierno de Equidad, Derechos Sociales y Empleo<\/strong> del <strong>Ayuntamiento de Madrid<\/strong>; <strong>Fernando Bay\u00f3n<\/strong>, <strong>Director<\/strong> de la <strong><a href=\\\"https:\/\/www.eoi.es\/\\\">EOI<\/a><\/strong>; y <strong>Luz Usamentiaga<\/strong>, <strong>Directora de Relaciones Institucionales<\/strong> de <strong><a href=\\\"http:\/\/www.orange.es\/\\\">Orange Espa\u00f1a<\/a><\/strong>. Han asistido al acto <strong>Concha D\u00edaz de Villegas<\/strong>, <strong>Directora General de Comercio y Emprendimiento<\/strong>;\u00a0 y <strong>Bel\u00e9n Garc\u00eda<\/strong>, <strong>Gerente de la Agencia para el Empleo<\/strong>.<\/div>\n<div style=\\\"text-align: justify;\\\">El Ayuntamiento de Madrid apuesta decididamente por facilitar el tr\u00e1nsito de las pymes madrile\u00f1as hacia la econom\u00eda digital. La participaci\u00f3n en esta iniciativa de la <strong>Direcci\u00f3n General de Comercio y Emprendimiento<\/strong> es una muestra de ello, como lo es el lanzamiento de<strong>\u00a0<a href=\\\"http:\/\/www.mercado47.com\/\\\">Mercado47<\/a><\/strong>, plataforma web que acerca el comercio electr\u00f3nico a las pymes.<\/div>\n<div style=\\\"text-align: justify;\\\">1.000 ciudadanos de Madrid podr\u00e1n inscribirse en el programa S\u00e9 digital a trav\u00e9s de la web <strong><a href=\\\"https:\/\/sedigitalylanzate.es\/\\\">sedigitalylanzate.es<\/a><\/strong>. La inscripci\u00f3n puede realizarse hasta 15 d\u00edas antes del pr\u00f3ximo 22 de mayo, en que terminar\u00e1 la formaci\u00f3n.\u00a0 Tendr\u00e1n a su disposici\u00f3n un curso gratuito de 20 horas lectivas al que podr\u00e1n acceder durante dos meses. No se requiere ning\u00fan conocimiento previo. Est\u00e1 dirigido a cualquier persona interesada en utilizar Internet como herramienta de negocio, como profesionales, emprendedores y pymes que deseen adquirir una mayor competencia en el terreno digital.<\/div>\n<div style=\\\"text-align: justify;\\\">El <strong>\u00c1rea de Equidad, Derechos Sociales y Empleo<\/strong> dar\u00e1 difusi\u00f3n a esta herramienta formativa a disposici\u00f3n de los madrile\u00f1os a trav\u00e9s de sus canales de comunicaci\u00f3n como redes sociales, p\u00e1ginas web o mobiliario urbano.\u00a0 Con iniciativas como esta se quiere contribuir a la generaci\u00f3n de actividad econ\u00f3mica y empleo, y a que el talento que hay en Madrid no emigre y se quede en nuestra ciudad.<\/div>\n","protected":false},"excerpt":{"rendered":"<p>El acuerdo lo han firmado esta ma\u00f1ana Marta Higueras, Primer Teniente&#8230;<\/p>\n","protected":false},"featured_media":7381,"template":"","meta":{"_acf_changed":false},"categories":[],"noticias":[],"class_list":["post-7380","noticias","type-noticias","status-publish","has-post-thumbnail","hentry"],"acf":[],"_links":{"self":[{"href":"https:\/\/test.madridemprende.anovagroup.es\/en\/wp-json\/wp\/v2\/noticias\/7380"}],"collection":[{"href":"https:\/\/test.madridemprende.anovagroup.es\/en\/wp-json\/wp\/v2\/noticias"}],"about":[{"href":"https:\/\/test.madridemprende.anovagroup.es\/en\/wp-json\/wp\/v2\/types\/noticias"}],"version-history":[{"count":0,"href":"https:\/\/test.madridemprende.anovagroup.es\/en\/wp-json\/wp\/v2\/noticias\/7380\/revisions"}],"wp:featuredmedia":[{"embeddable":true,"href":"https:\/\/test.madridemprende.anovagroup.es\/en\/wp-json\/wp\/v2\/media\/7381"}],"wp:attachment":[{"href":"https:\/\/test.madridemprende.anovagroup.es\/en\/wp-json\/wp\/v2\/media?parent=7380"}],"wp:term":[{"taxonomy":"category","embeddable":true,"href":"https:\/\/test.madridemprende.anovagroup.es\/en\/wp-json\/wp\/v2\/categories?post=7380"},{"taxonomy":"noticias","embeddable":true,"href":"https:\/\/test.madridemprende.anovagroup.es\/en\/wp-json\/wp\/v2\/noticias?post=7380"}],"curies":[{"name":"wp","href":"https:\/\/api.w.org\/{rel}","templated":true}]}}