{"id":7386,"date":"2017-04-03T00:00:00","date_gmt":"2017-04-03T00:00:00","guid":{"rendered":"https:\/\/pre.madridemprende.anovagroup.es\/noticias\/nuevos-itinerarios-y-talleres-formativos-para-emprendedores\/"},"modified":"2022-06-08T11:24:29","modified_gmt":"2022-06-08T09:24:29","slug":"nuevos-itinerarios-y-talleres-formativos-para-emprendedores","status":"publish","type":"noticias","link":"https:\/\/test.madridemprende.anovagroup.es\/en\/noticias\/nuevos-itinerarios-y-talleres-formativos-para-emprendedores\/","title":{"rendered":"Nuevos itinerarios y talleres formativos para emprendedores"},"content":{"rendered":"<p>Ya est\u00e1n abiertas las inscripciones para el primer ciclo de los\u00a0<a href=\\\"\/es\/emprendedores\/in-formacion-y-networking\/cursos-de-in-formacion\\\">Cursos de In-formaci\u00f3n<\/a>. Son itinerarios formativos eminentemente pr\u00e1cticos que recogen los temas m\u00e1s relevantes a tener en cuenta a la hora de poner en marcha un negocio.<\/p>\n<p>Cada ciclo se compone de\u00a0<strong>cuatro itinerarios de In-formaci\u00f3n y dos talleres<\/strong> que comienzan en abril.<br \/>El objetivo es la\u00a0<strong>formaci\u00f3n integral del emprendedor\u00a0<\/strong>ofreciendo contenidos suficientes que posibiliten la adquisici\u00f3n de habilidades y capacidades para la puesta en marcha de un negocio, definici\u00f3n de estrategias comerciales y direcci\u00f3n empresarial, entre otras.<\/p>\n<p>Si quieres participar en uno de los ciclos s\u00f3lo hace falta:<\/p>\n<p>&#8211; Mentalidad emprendedora<br \/>&#8211; Inter\u00e9s por formarse<br \/>&#8211; Una idea de negocio, aunque sea en fase inicial, o un negocio de reciente creaci\u00f3n<\/p>\n<p><strong>CONTENIDO DE LOS ITINERARIOS FORMATIVOS\u00a0<\/p>\n<p> <\/strong><\/p>\n<p>Puedes inscribirte a un itinerario, a dos, a tres o a los cuatro, teniendo en cuenta que\u00a0<strong>es necesario\u00a0acudir a las cuatro jornadas\u00a0que componen cada itinerario,\u00a0<\/strong>la inscripci\u00f3n se realiza s\u00f3lo el primer d\u00eda de celebraci\u00f3n de cada uno de ellos.<\/p>\n<ul>\n<li><strong>Itinerario I: \u201cHabilidades del emprendimiento\u201d: 19, 20, 26 y 27 de abril.\u00a0<a href=\\\"\/es\/agenda\/Agenda\/evento\/itinerario-i-habilidades-del-emprendimiento\/d8add97aabc6b777e76c2c31146c6062\\\">Inscr\u00edbete aqu\u00ed<\/a><\/strong><\/li>\n<\/ul>\n<p>Su finalidad es conducir al ciudadano madrile\u00f1o, con una idea incipiente y\/o un proyecto de negocio, hacia una reflexi\u00f3n sobre aspectos del emprendimiento transversales y comunes a cualquier sector de actividad como son el autoconocimiento, la toma de conciencia de las propias capacidades y habilidades, as\u00ed como facilitarle los recursos que le permitan obtener una perspectiva empresarial, aunque sea en el marco del autoempleo.<\/p>\n<ul>\n<li><strong>Itinerario II: \u201cFundamentos del plan de empresa. Plan econ\u00f3mico financiero\u201d: 3, 4, 10 y 11 de mayo.\u00a0<\/strong><a href=\\\"\/es\/agenda\/Agenda\/evento\/itinerario-ii-fundamentos-del-plan-de-empresa-plan-econmico-financiero\/b73bca92babf721ffd8c7037b69f1c1c\\\"><strong>Inscr\u00edbete aqu\u00ed<\/strong><\/a><\/li>\n<\/ul>\n<p>El objetivo es dar a conocer las f\u00f3rmulas jur\u00eddicas y otros aspectos legales que son fundamentales a la hora de redactar un plan de empresa. Adem\u00e1s, se analizar\u00e1 la parte econ\u00f3mico financiera del Plan de negocio enfocada, principalmente, a la solicitud de financiaci\u00f3n.<\/p>\n<ul>\n<li><strong>Itinerario III: \u201cModelo de negocio y estrategia comercial y de ventas\u201d: 17, 18, 24 y 25 de mayo.\u00a0\u00a0<\/strong><a href=\\\"\/es\/agenda\/Agenda\/evento\/itinerario-iii-modelo-de-negocio-y-estrategia-comercial-y-de-ventas\/6d4cfc17d1489b4fb3deb4532c9b05b1\\\"><strong>Inscr\u00edbete aqu\u00ed<\/strong><\/a><\/li>\n<\/ul>\n<p>Itinerario destinado a dar las pautas para que los asistentes aprendan a analizar las ideas de su proyecto y los pasos para convertirlo en un modelo de negocio, conociendo la necesidad de establecer las estrategias de venta y comunicaci\u00f3n, la identificaci\u00f3n y atracci\u00f3n del cliente y los diferentes canales de marketing.<\/p>\n<ul>\n<li><strong>Itinerario IV: \u201cMarketing on line y dise\u00f1o web\u201d: 31 de mayo y 1, 7 y 8 de junio.\u00a0\u00a0<\/strong><a href=\\\"\/es\/agenda\/Agenda\/evento\/itinerario-iv-marketing-on-line-y-diseo-web\/f45f3ff74356369a0bc6faffe4b6cc60\\\"><strong>Inscr\u00edbete aqu\u00ed<\/strong><\/a><\/li>\n<\/ul>\n<p>Enfocado literalmente a aprender a dise\u00f1ar y gestionar la Web del negocio en proyecto. Adem\u00e1s se dar\u00e1n herramientas para que los asistentes puedan disponer en un futuro pr\u00f3ximo de su tienda online.<\/p>\n<ul>\n<li><strong>Taller formativo I:\u00a0\u201cConceptos B\u00e1sicos de Derecho Laboral\u201d: 1\u00aa edici\u00f3n, 25 de abril <\/strong><a href=\\\"\/es\/agenda\/Agenda\/evento\/taller-formativo-i-conceptos-bsicos-de-derecho-laboral\/cbbe97436f9fa143c3b00c390ea0c8b6\\\"><strong>Inscr\u00edbete aqu\u00ed<\/strong><\/a><strong>\u00a0y 2\u00aa edici\u00f3n, 23 de mayo\u00a0<\/strong><a href=\\\"\/es\/agenda\/Agenda\/evento\/taller-formativo-i-conceptos-bsicos-de-derecho-laboral\/b5d31206ba4d92ba15387025c0ae1fa4\\\"><strong>inscr\u00edbete aqu\u00ed<\/strong><\/a><strong>.<\/strong><\/li>\n<\/ul>\n<p>Tiene como objetivo ense\u00f1ar al emprendedor los fundamentos b\u00e1sicos del Derecho Laboral: concepto y fuentes de este Derecho, emprendimiento y trabajo aut\u00f3nomo, contrataci\u00f3n, n\u00f3minas y Seguridad Social.<\/p>\n<ul>\n<li><strong>Taller formativo II:\u00a0\u201cMejora de Propuestas Instrumento Pyme (Fase I)\u201d: 1\u00aa edici\u00f3n, 18 de abril\u00a0<\/strong><a href=\\\"\/es\/agenda\/Agenda\/evento\/taller-formativo-ii-mejora-de-propuestas-instrumento-pyme-fase-i\/de2b6e686317fa579e8e88d632f80414\\\"><strong>inscr\u00edbete aqu\u00ed<\/strong><\/a><strong>\u00a0y 2\u00aa edici\u00f3n, 14 de junio\u00a0<\/strong><a href=\\\"\/es\/agenda\/Agenda\/evento\/taller-formativo-ii-mejora-de-propuestas-instrumento-pyme-fase-i\/c00ce7d20e7a2bb79b7c17351a01e388\\\"><strong>inscr\u00edbete aqu\u00ed<\/strong><\/a><strong>.<\/strong><\/li>\n<\/ul>\n<p>Dirigido a pymes que cuenten con un proyecto innovador y de dimensi\u00f3n internacional con inter\u00e9s en acudir a la convocatoria del Instrumento Pyme. Incluir\u00e1 la evaluaci\u00f3n y consejos para las propuestas, metodolog\u00edas, revisi\u00f3n de las propuestas de los asistentes, errores a evitar y presentaciones sucesivas.<\/p>\n<p> Puedes inscribirte a un taller formativo o a los dos.<strong>\u00a0Los talleres tendr\u00e1n dos ediciones con el mismo contenido<\/strong>.<\/p>\n<p>Los itinerarios y talleres de In-formaci\u00f3n se celebran en el\u00a0<a href=\\\"\/es\/emprendedores\/espacios-para-emprendedores\/viveros-de-empresas\/Viveros\/ficha\/bd88c882e9b597a6d95b6b67fe83cc62\/\\\">Vivero de Empresas de Puente de Vallecas<\/a>\u00a0en horario de 10:00 a 14:30 h. Cada jornada se desarrollar\u00e1 siempre de forma presencial, con una duraci\u00f3n de cuatro horas efectivas.<\/p>\n<p>Si quieres estar al d\u00eda de nuestras actividades para emprendedores\u00a0<a href=\\\"\/es\/subscripcion2\\\">inscr\u00edbete<\/a>\u00a0en nuestro bolet\u00edn de actividades semanal.<\/p>\n","protected":false},"excerpt":{"rendered":"<p>Ya est\u00e1n abiertas las inscripciones para el primer ciclo de los\u00a0Cursos de&#8230;<\/p>\n","protected":false},"featured_media":7387,"template":"","meta":{"_acf_changed":false},"categories":[],"noticias":[],"class_list":["post-7386","noticias","type-noticias","status-publish","has-post-thumbnail","hentry"],"acf":[],"_links":{"self":[{"href":"https:\/\/test.madridemprende.anovagroup.es\/en\/wp-json\/wp\/v2\/noticias\/7386"}],"collection":[{"href":"https:\/\/test.madridemprende.anovagroup.es\/en\/wp-json\/wp\/v2\/noticias"}],"about":[{"href":"https:\/\/test.madridemprende.anovagroup.es\/en\/wp-json\/wp\/v2\/types\/noticias"}],"version-history":[{"count":0,"href":"https:\/\/test.madridemprende.anovagroup.es\/en\/wp-json\/wp\/v2\/noticias\/7386\/revisions"}],"wp:featuredmedia":[{"embeddable":true,"href":"https:\/\/test.madridemprende.anovagroup.es\/en\/wp-json\/wp\/v2\/media\/7387"}],"wp:attachment":[{"href":"https:\/\/test.madridemprende.anovagroup.es\/en\/wp-json\/wp\/v2\/media?parent=7386"}],"wp:term":[{"taxonomy":"category","embeddable":true,"href":"https:\/\/test.madridemprende.anovagroup.es\/en\/wp-json\/wp\/v2\/categories?post=7386"},{"taxonomy":"noticias","embeddable":true,"href":"https:\/\/test.madridemprende.anovagroup.es\/en\/wp-json\/wp\/v2\/noticias?post=7386"}],"curies":[{"name":"wp","href":"https:\/\/api.w.org\/{rel}","templated":true}]}}