{"id":7394,"date":"2017-04-19T00:00:00","date_gmt":"2017-04-19T00:00:00","guid":{"rendered":"https:\/\/pre.madridemprende.anovagroup.es\/noticias\/comienza-el-primer-ciclo-de-los-cursos-de-in-formacin\/"},"modified":"2022-06-08T11:24:28","modified_gmt":"2022-06-08T09:24:28","slug":"comienza-el-primer-ciclo-de-los-cursos-de-in-formacin","status":"publish","type":"noticias","link":"https:\/\/test.madridemprende.anovagroup.es\/en\/noticias\/comienza-el-primer-ciclo-de-los-cursos-de-in-formacin\/","title":{"rendered":"Comienza el primer ciclo de los Cursos de In-formaci\u00f3n"},"content":{"rendered":"<p class=\\\"MsoNormal\\\" style=\\\"text-align: justify;\\\">Esta ma\u00f1ana ha comenzado el primer ciclo de los <a href=\\\"\/es\/emprendedores\/in-formacion-y-networking\/cursos-de-in-formacion\\\"><strong>Cursos de In-Formaci\u00f3n<\/strong><\/a> en el <a href=\\\"\/es\/emprendedores\/espacios-para-emprendedores\/viveros-de-empresas\/Viveros\/ficha\/bd88c882e9b597a6d95b6b67fe83cc62\/\\\"><strong>Vivero de Puente de Vallecas<\/strong><\/a>, uno de los centros de la <a href=\\\"\/es\/emprendedores\/espacios-para-emprendedores\/viveros-de-empresas\/Viveros\/ficha\/bd88c882e9b597a6d95b6b67fe83cc62\/\\\"><strong>Red de Viveros de Empresas<\/strong><\/a>del <strong>Ayuntamiento de Madrid<\/strong>.<\/p>\n<p class=\\\"MsoNormal\\\" style=\\\"text-align: justify;\\\">Tras la bienvenida <strong>Juan Carlos Rodr\u00edguez<\/strong>, Consejero T\u00e9cnico de la <a href=\\\"\/es\\\"><strong>Direcci\u00f3n General de Comercio y Emprendimiento<\/strong><\/a> ha presentado el nuevo ciclo<\/p>\n<p class=\\\"MsoNormal\\\" style=\\\"text-align: justify;\\\">Juan Carlos Rodr\u00edguez ha explicado que cada ciclo se compone de cuatro itinerarios de In-formaci\u00f3n y dos talleres, y que en el segundo ciclo, que se podr\u00e1 cursar en el segundo semestre de este a\u00f1o 2017, se impartir\u00e1n contenidos m\u00e1s avanzados.<\/p>\n<p class=\\\"MsoNormal\\\" style=\\\"text-align: justify;\\\">Los Cursos de In-formaci\u00f3n son totalmente gratuitos. El \u00fanico requisito, aparte de tener una idea de negocio, o un negocio creado recientemente, es tener mentalidad emprendedora y el deseo de formarse. El prop\u00f3sito del <strong>Ayuntamiento de Madrid<\/strong>, que ofrece estos cursos a trav\u00e9s de la <strong>Direcci\u00f3n General de Comercio y Emprendimiento<\/strong>, es que nadie se quede sin emprender por falta de formaci\u00f3n.<\/p>\n","protected":false},"excerpt":{"rendered":"<p>Esta ma\u00f1ana ha comenzado el primer ciclo de los Cursos de In-Formaci\u00f3n en&#8230;<\/p>\n","protected":false},"featured_media":7395,"template":"","meta":{"_acf_changed":false},"categories":[],"noticias":[],"class_list":["post-7394","noticias","type-noticias","status-publish","has-post-thumbnail","hentry"],"acf":[],"_links":{"self":[{"href":"https:\/\/test.madridemprende.anovagroup.es\/en\/wp-json\/wp\/v2\/noticias\/7394"}],"collection":[{"href":"https:\/\/test.madridemprende.anovagroup.es\/en\/wp-json\/wp\/v2\/noticias"}],"about":[{"href":"https:\/\/test.madridemprende.anovagroup.es\/en\/wp-json\/wp\/v2\/types\/noticias"}],"version-history":[{"count":0,"href":"https:\/\/test.madridemprende.anovagroup.es\/en\/wp-json\/wp\/v2\/noticias\/7394\/revisions"}],"wp:featuredmedia":[{"embeddable":true,"href":"https:\/\/test.madridemprende.anovagroup.es\/en\/wp-json\/wp\/v2\/media\/7395"}],"wp:attachment":[{"href":"https:\/\/test.madridemprende.anovagroup.es\/en\/wp-json\/wp\/v2\/media?parent=7394"}],"wp:term":[{"taxonomy":"category","embeddable":true,"href":"https:\/\/test.madridemprende.anovagroup.es\/en\/wp-json\/wp\/v2\/categories?post=7394"},{"taxonomy":"noticias","embeddable":true,"href":"https:\/\/test.madridemprende.anovagroup.es\/en\/wp-json\/wp\/v2\/noticias?post=7394"}],"curies":[{"name":"wp","href":"https:\/\/api.w.org\/{rel}","templated":true}]}}