{"id":7422,"date":"2017-05-24T00:00:00","date_gmt":"2017-05-24T00:00:00","guid":{"rendered":"https:\/\/pre.madridemprende.anovagroup.es\/noticias\/la-emt-con-la-campaa-mercados-de-madrid-cocinamos-contigo\/"},"modified":"2022-06-08T11:24:04","modified_gmt":"2022-06-08T09:24:04","slug":"la-emt-con-la-campaa-mercados-de-madrid-cocinamos-contigo","status":"publish","type":"noticias","link":"https:\/\/test.madridemprende.anovagroup.es\/en\/noticias\/la-emt-con-la-campaa-mercados-de-madrid-cocinamos-contigo\/","title":{"rendered":"La EMT con la campa\u00f1a \u201cMercados de Madrid: Cocinamos contigo\u201d"},"content":{"rendered":"<p class=\\\"MsoNormal\\\" style=\\\"text-align: justify;\\\"><span style=\\\"font-size: 12.0pt; font-family: Lato; mso-bidi-font-family: Arial; mso-ansi-language: ES;\\\">El Ayuntamiento de Madrid, a trav\u00e9s de la Direcci\u00f3n General de Comercio y Emprendimiento y de la EMT, acerca los mercados de Madrid a todos los usuarios del transporte p\u00fablico. <\/span><\/p>\n<p class=\\\"MsoNormal\\\" style=\\\"text-align: justify;\\\"><span style=\\\"font-size: 12.0pt; font-family: Lato; mso-bidi-font-family: Arial; mso-ansi-language: ES;\\\">45 autobuses municipales vinilados con la imagen de la campa\u00f1a \u201cMercados de Madrid: Cocinamos contigo\u201d distribuyen en su interior sabrosas y saludables recetas listas para su preparaci\u00f3n con los mejores productos de los mercados madrile\u00f1os. Estas fichas-recetas del conocido programa COCINAMOS CONTIGO de Canal Cocina de TV, se podr\u00e1n encontrar colgadas en las barras del interior de los autobuses y son perfectas para situarlas en los tiradores de los armarios de la cocina mientras se elaboran. <\/span><\/p>\n<p class=\\\"MsoNormal\\\" style=\\\"text-align: justify;\\\">\u00a0<\/p>\n<p class=\\\"MsoNormal\\\" style=\\\"text-align: justify;\\\"><span style=\\\"font-size: 12.0pt; font-family: Lato; mso-bidi-font-family: Arial; mso-ansi-language: ES;\\\">\u00bfA\u00fan no las has visto? \u00a0<\/span><\/p>\n","protected":false},"excerpt":{"rendered":"<p>El Ayuntamiento de Madrid, a trav\u00e9s de la Direcci\u00f3n General de Comercio y&#8230;<\/p>\n","protected":false},"featured_media":7423,"template":"","meta":{"_acf_changed":false},"categories":[],"noticias":[],"class_list":["post-7422","noticias","type-noticias","status-publish","has-post-thumbnail","hentry"],"acf":[],"_links":{"self":[{"href":"https:\/\/test.madridemprende.anovagroup.es\/en\/wp-json\/wp\/v2\/noticias\/7422"}],"collection":[{"href":"https:\/\/test.madridemprende.anovagroup.es\/en\/wp-json\/wp\/v2\/noticias"}],"about":[{"href":"https:\/\/test.madridemprende.anovagroup.es\/en\/wp-json\/wp\/v2\/types\/noticias"}],"version-history":[{"count":0,"href":"https:\/\/test.madridemprende.anovagroup.es\/en\/wp-json\/wp\/v2\/noticias\/7422\/revisions"}],"wp:featuredmedia":[{"embeddable":true,"href":"https:\/\/test.madridemprende.anovagroup.es\/en\/wp-json\/wp\/v2\/media\/7423"}],"wp:attachment":[{"href":"https:\/\/test.madridemprende.anovagroup.es\/en\/wp-json\/wp\/v2\/media?parent=7422"}],"wp:term":[{"taxonomy":"category","embeddable":true,"href":"https:\/\/test.madridemprende.anovagroup.es\/en\/wp-json\/wp\/v2\/categories?post=7422"},{"taxonomy":"noticias","embeddable":true,"href":"https:\/\/test.madridemprende.anovagroup.es\/en\/wp-json\/wp\/v2\/noticias?post=7422"}],"curies":[{"name":"wp","href":"https:\/\/api.w.org\/{rel}","templated":true}]}}