{"id":7430,"date":"2017-05-30T00:00:00","date_gmt":"2017-05-30T00:00:00","guid":{"rendered":"https:\/\/pre.madridemprende.anovagroup.es\/noticias\/el-mercado-de-las-flores-siembra-de-color-la-calle-jorge-juan\/"},"modified":"2022-06-08T11:24:03","modified_gmt":"2022-06-08T09:24:03","slug":"el-mercado-de-las-flores-siembra-de-color-la-calle-jorge-juan","status":"publish","type":"noticias","link":"https:\/\/test.madridemprende.anovagroup.es\/en\/noticias\/el-mercado-de-las-flores-siembra-de-color-la-calle-jorge-juan\/","title":{"rendered":"El Mercado de las Flores siembra de color la calle Jorge Juan"},"content":{"rendered":"<p class=\\\"MsoNormal\\\" style=\\\"text-align: justify;\\\">El s\u00e1bado 27 ha tenido lugar en la calle Jorge Juan la tercera edici\u00f3n del <strong>Mercado de las Flores<\/strong>. Un a\u00f1o m\u00e1s, la <a href=\\\"http:\/\/www.vogue.es\/\\\"><strong>revista Vogue<\/strong><\/a> organiza este mercado junto con la <a href=\\\"https:\/\/www.zonajorgejuan.com\/\\\"><strong>Asociaci\u00f3n de Comerciantes de Jorge Juan<\/strong><\/a> y la <a href=\\\"\/es\\\"><strong>Direcci\u00f3n General de Comercio y Emprendimiento<\/strong><\/a> del <strong>Ayuntamiento de Madrid<\/strong>.<\/p>\n<p class=\\\"MsoNormal\\\" style=\\\"text-align: justify;\\\">Este a\u00f1o, el mercado ha contado adem\u00e1s con la colaboraci\u00f3n especial de la <a href=\\\"https:\/\/www.juegaterapia.org\/\\\"><strong>Fundaci\u00f3n Juegaterapia<\/strong><\/a>. Esta organizaci\u00f3n, que ha captado fondos para sus proyectos,\u00a0 acerca el juego a los pacientes de c\u00e1ncer m\u00e1s peque\u00f1os, donando juguetes y creando jardines para jugar en las azoteas de los hospitales.<\/p>\n<p class=\\\"MsoNormal\\\" style=\\\"text-align: justify;\\\">En esta tercera edici\u00f3n del Mercado de las Flores han participado 27 florister\u00edas de Madrid, que han llenado Jorge Juan con sus mejores creaciones y productos.<\/p>\n<p class=\\\"MsoNormal\\\" style=\\\"text-align: justify;\\\">El mercado ha recibido la visita de la <strong>Directora General de Comercio y Emprendimiento<\/strong>, <strong>Concha D\u00edaz de Villegas<\/strong>, que ha recorrido los puestos de flores y ha conversado con los comerciantes. \u00a0D\u00edaz de Villegas ha puesto en valor la colaboraci\u00f3n municipal con empresas y asociaciones en iniciativas como esta, que potencian el comercio de proximidad y la actividad econ\u00f3mica de los barrios.<\/p>\n<p class=\\\"MsoNormal\\\" style=\\\"text-align: justify;\\\">La celebraci\u00f3n del <strong>Mercado de las Flores<\/strong> incorpora Madrid a una tendencia de varias ciudades europeas en las que se celebran de forma permanente o espor\u00e1dica mercados de este tipo.\u00a0<\/p>\n<p>M\u00e1s fotos del Mercdo de las Flores <a href=\\\"http:\/\/ow.ly\/jTFy30caLTR\\\"><strong>aqu\u00ed<\/strong><\/a>.<\/p>\n","protected":false},"excerpt":{"rendered":"<p>El s\u00e1bado 27 ha tenido lugar en la calle Jorge Juan la tercera edici\u00f3n del&#8230;<\/p>\n","protected":false},"featured_media":7431,"template":"","meta":{"_acf_changed":false},"categories":[],"noticias":[],"class_list":["post-7430","noticias","type-noticias","status-publish","has-post-thumbnail","hentry"],"acf":[],"_links":{"self":[{"href":"https:\/\/test.madridemprende.anovagroup.es\/en\/wp-json\/wp\/v2\/noticias\/7430"}],"collection":[{"href":"https:\/\/test.madridemprende.anovagroup.es\/en\/wp-json\/wp\/v2\/noticias"}],"about":[{"href":"https:\/\/test.madridemprende.anovagroup.es\/en\/wp-json\/wp\/v2\/types\/noticias"}],"version-history":[{"count":0,"href":"https:\/\/test.madridemprende.anovagroup.es\/en\/wp-json\/wp\/v2\/noticias\/7430\/revisions"}],"wp:featuredmedia":[{"embeddable":true,"href":"https:\/\/test.madridemprende.anovagroup.es\/en\/wp-json\/wp\/v2\/media\/7431"}],"wp:attachment":[{"href":"https:\/\/test.madridemprende.anovagroup.es\/en\/wp-json\/wp\/v2\/media?parent=7430"}],"wp:term":[{"taxonomy":"category","embeddable":true,"href":"https:\/\/test.madridemprende.anovagroup.es\/en\/wp-json\/wp\/v2\/categories?post=7430"},{"taxonomy":"noticias","embeddable":true,"href":"https:\/\/test.madridemprende.anovagroup.es\/en\/wp-json\/wp\/v2\/noticias?post=7430"}],"curies":[{"name":"wp","href":"https:\/\/api.w.org\/{rel}","templated":true}]}}