{"id":7440,"date":"2017-06-09T00:00:00","date_gmt":"2017-06-09T00:00:00","guid":{"rendered":"https:\/\/pre.madridemprende.anovagroup.es\/noticias\/decoraccin-2017-el-evento-ms-importante-de-decoracin-e-interiorismo-en-el-barrio-de-las-letras\/"},"modified":"2022-06-08T11:24:02","modified_gmt":"2022-06-08T09:24:02","slug":"decoraccin-2017-el-evento-ms-importante-de-decoracin-e-interiorismo-en-el-barrio-de-las-letras","status":"publish","type":"noticias","link":"https:\/\/test.madridemprende.anovagroup.es\/en\/noticias\/decoraccin-2017-el-evento-ms-importante-de-decoracin-e-interiorismo-en-el-barrio-de-las-letras\/","title":{"rendered":"DecorAcci\u00f3n 2017, el evento m\u00e1s importante de decoraci\u00f3n e interiorismo en el Barrio de Las Letras."},"content":{"rendered":"<p class=\\\"MsoNormal\\\" style=\\\"margin-bottom: 12.0pt; text-align: justify; mso-pagination: none; mso-layout-grid-align: none; text-autospace: none;\\\"><span style=\\\"font-family: arial, helvetica, sans-serif;\\\"><span lang=\\\"ES-TRAD\\\">La<\/span><span lang=\\\"ES-TRAD\\\"> Delegada del \u00c1rea de Gobierno de Equidad, Derechos Sociales y Empleo, Marta Higueras, acompa\u00f1ada de<\/span><span lang=\\\"ES-TRAD\\\"> la Directora General de<\/span><span lang=\\\"ES-TRAD\\\"> Comercio y Emprendimiento, Concepci\u00f3n D\u00edaz de Villegas, visitaron DecorAcci\u00f3n 2017<\/span><\/span><\/p>\n<p class=\\\"MsoNormal\\\" style=\\\"text-align: justify;\\\"><span style=\\\"font-family: arial, helvetica, sans-serif;\\\"><span lang=\\\"ES-TRAD\\\">DecorAcci\u00f3n es una iniciativa de la <\/span><span lang=\\\"ES-TRAD\\\"><a href=\\\"http:\/\/www.barrioletras.com\/\\\">Asociaci\u00f3n de Comerciantes del Barrio de las Letras<\/a><\/span><span lang=\\\"ES-TRAD\\\">, la revista <\/span><span lang=\\\"ES-TRAD\\\"><a href=\\\"http:\/\/nuevo-estilo.micasarevista.com\/\\\">Nuevo Estilo<\/a><\/span><span lang=\\\"ES-TRAD\\\">, que cuenta con el apoyo del Ayuntamiento de Madrid<\/span><span lang=\\\"ES-TRAD\\\">, a trav\u00e9s de la Direcci\u00f3n General de Comercio y Emprendimiento del \u00c1rea de Gobierno de Equidad, Derechos Sociales y Empleo.<\/p>\n<p><span lang=\\\"ES-TRAD\\\">Del 8 al 11 de junio ha tenido\u00a0lugar en el Barrio de las Letras de Madrid, <\/span><span lang=\\\"ES-TRAD\\\">sede de muchos de los interioristas espa\u00f1oles que a\u00fana tradici\u00f3n e innovaci\u00f3n en un entorno de gran inter\u00e9s cultural, art\u00edstico y tur\u00edstico,<\/span><span lang=\\\"ES-TRAD\\\"> la octava edici\u00f3n de DecorAcci\u00f3n, la gran fiesta del interiorismo nacional.\u00a0Tras ocho a\u00f1os, la muestra se consolida ganando en calidad y repercusi\u00f3n.<\/span><br \/><\/span><\/span><\/p>\n<p class=\\\"MsoNormal\\\" style=\\\"text-align: justify;\\\"><span lang=\\\"ES-TRAD\\\" style=\\\"font-family: arial, helvetica, sans-serif;\\\">Los visitantes de DecorAcci\u00f3n 2017 disfrutaron\u00a0del trabajo de los m\u00e1s de 100 interioristas que participan este a\u00f1o con sus proyectos. El evento ha sido clave para dinamizar en los \u00faltimos a\u00f1os el Barrio de las Letras, que durante unos d\u00edas se convierte en el referente de la creatividad. <\/span><\/p>\n<p class=\\\"MsoNormal\\\" style=\\\"text-align: justify;\\\"><span style=\\\"font-family: arial, helvetica, sans-serif;\\\">Un a\u00f1o m\u00e1s, los mercadillos de antig\u00fcedades se situaron\u00a0en las calles Cervantes, Quevedo, San Agust\u00edn, San Jos\u00e9 y San Pedro; el mercadillo pop up de accesorios de decoraci\u00f3n, en la calle Morat\u00edn. Todos ellos en\u00a0horario de 11:00 a 22:00 h. (excepto el domingo 11 que cerraron\u00a0a las 18.00).<\/span><\/p>\n<p class=\\\"MsoNormal\\\" style=\\\"text-align: justify;\\\"><span style=\\\"font-family: arial, helvetica, sans-serif;\\\">DecorAcci\u00f3n 2017 ha contado\u00a0con las intervenciones de artistas sobradamente reconocidos dentro de nuestras fronteras y fuera de ellas. Es el caso de Pablo Paniagua, Luis Garc\u00eda Fraile o Jean Porsche, reconocido arquitecto mexicano.<\/span><\/p>\n<p class=\\\"MsoNormal\\\" style=\\\"text-align: justify;\\\"><span style=\\\"font-family: arial, helvetica, sans-serif;\\\">Paralelamente, el evento pretende dar a conocer los j\u00f3venes talentos procedentes de\u00a0 escuelas como IADE, la Universidad Nebrija, la Universidad Complutense a trav\u00e9s de los talleres del Curso de Decoraci\u00f3n, la Escuela Madrile\u00f1a de Decoraci\u00f3n y la Escuela T\u00e9cnica Superior de Arquitectura de Madrid.<\/span><\/p>\n<p class=\\\"Default\\\" style=\\\"text-align: justify;\\\"><span style=\\\"font-family: arial, helvetica, sans-serif;\\\"><span lang=\\\"ES\\\">Para m\u00e1s informaci\u00f3n en: <\/span><span lang=\\\"ES\\\"><a href=\\\"http:\/\/decoraccion.nuevo-estilo.es\/\\\">http:\/\/decoraccion.nuevo-estilo.es\/<\/a><\/span><\/span><\/p>\n<p class=\\\"Default\\\" style=\\\"text-align: justify;\\\"><span lang=\\\"ES\\\" style=\\\"font-family: arial, helvetica, sans-serif;\\\"> <!-- [if !supportLineBreakNewLine]--><br \/> <!--[endif]--><\/span><\/p>\n<p class=\\\"MsoNormal\\\" style=\\\"text-align: justify;\\\"><span lang=\\\"ES-TRAD\\\" style=\\\"font-family: Lato, sans-serif;\\\">\u00a0<\/span><\/p>\n","protected":false},"excerpt":{"rendered":"<p>La Delegada del \u00c1rea de Gobierno de Equidad, Derechos Sociales y Empleo,&#8230;<\/p>\n","protected":false},"featured_media":7441,"template":"","meta":{"_acf_changed":false},"categories":[],"noticias":[],"class_list":["post-7440","noticias","type-noticias","status-publish","has-post-thumbnail","hentry"],"acf":[],"_links":{"self":[{"href":"https:\/\/test.madridemprende.anovagroup.es\/en\/wp-json\/wp\/v2\/noticias\/7440"}],"collection":[{"href":"https:\/\/test.madridemprende.anovagroup.es\/en\/wp-json\/wp\/v2\/noticias"}],"about":[{"href":"https:\/\/test.madridemprende.anovagroup.es\/en\/wp-json\/wp\/v2\/types\/noticias"}],"version-history":[{"count":0,"href":"https:\/\/test.madridemprende.anovagroup.es\/en\/wp-json\/wp\/v2\/noticias\/7440\/revisions"}],"wp:featuredmedia":[{"embeddable":true,"href":"https:\/\/test.madridemprende.anovagroup.es\/en\/wp-json\/wp\/v2\/media\/7441"}],"wp:attachment":[{"href":"https:\/\/test.madridemprende.anovagroup.es\/en\/wp-json\/wp\/v2\/media?parent=7440"}],"wp:term":[{"taxonomy":"category","embeddable":true,"href":"https:\/\/test.madridemprende.anovagroup.es\/en\/wp-json\/wp\/v2\/categories?post=7440"},{"taxonomy":"noticias","embeddable":true,"href":"https:\/\/test.madridemprende.anovagroup.es\/en\/wp-json\/wp\/v2\/noticias?post=7440"}],"curies":[{"name":"wp","href":"https:\/\/api.w.org\/{rel}","templated":true}]}}