{"id":7446,"date":"2017-06-21T00:00:00","date_gmt":"2017-06-21T00:00:00","guid":{"rendered":"https:\/\/pre.madridemprende.anovagroup.es\/noticias\/la-noche-de-gq-san-jorge-juan\/"},"modified":"2022-06-08T11:24:01","modified_gmt":"2022-06-08T09:24:01","slug":"la-noche-de-gq-san-jorge-juan","status":"publish","type":"noticias","link":"https:\/\/test.madridemprende.anovagroup.es\/en\/noticias\/la-noche-de-gq-san-jorge-juan\/","title":{"rendered":"LA NOCHE DE GQ SAN JORGE JUAN"},"content":{"rendered":"<p class=\\\"MsoNormal\\\" style=\\\"text-align: justify;\\\"><span style=\\\"mso-bidi-font-size: 12.0pt; font-family: \\'Calibri\\',\\'sans-serif\\'; mso-bidi-font-family: Tahoma;\\\">El pr\u00f3ximo jueves, 22 de junio a las 20:00h, la revista GQ junto con el <\/span><a href=\\\"http:\/\/www.madrid.es\/portal\/site\/munimadrid?WT.ac=_Madrid.es\\\"><span style=\\\"mso-bidi-font-size: 12.0pt; font-family: \\'Calibri\\',\\'sans-serif\\'; mso-bidi-font-family: Tahoma;\\\">Ayuntamiento de Madrid<\/span><\/a><span style=\\\"mso-bidi-font-size: 12.0pt; font-family: \\'Calibri\\',\\'sans-serif\\'; mso-bidi-font-family: Tahoma;\\\">, a trav\u00e9s de la Direcci\u00f3n General de Comercio y Emprendimiento, y la <\/span><a href=\\\"https:\/\/www.zonajorgejuan.com\/\\\"><span style=\\\"mso-bidi-font-size: 12.0pt; font-family: \\'Calibri\\',\\'sans-serif\\'; mso-bidi-font-family: Tahoma;\\\">Asociaci\u00f3n de Comerciantes de Jorge Juan<\/span><\/a><span style=\\\"mso-bidi-font-size: 12.0pt; font-family: \\'Calibri\\',\\'sans-serif\\'; mso-bidi-font-family: Tahoma;\\\">, se dispone a celebrar la fiesta del verano en la calle del estilo. La calle Jorge Juan permanecer\u00e1 cerrada al tr\u00e1fico rodado desde la calle Serrano hasta la calle Vel\u00e1zquez. M\u00e1s de 20 tiendas de moda y estilo de vida de la zona estar\u00e1n abiertos al p\u00fablico hasta las 24:00h y cada una de ellas ofrecer\u00e1 a los asistentes un sinf\u00edn de sorpresas, descuentos y regalos. Tambi\u00e9n los restaurantes y terrazas de Jorge Juan se unir\u00e1n a la celebraci\u00f3n. Despu\u00e9s del \u00e9xito de las pasadas celebraciones tomaremos la calle durante una noche m\u00e1gica, LA NOCHE DE GQ SAN JORGE JUAN.<\/span><\/p>\n<p class=\\\"MsoNormal\\\"><span style=\\\"mso-bidi-font-size: 12.0pt; font-family: \\'Calibri\\',\\'sans-serif\\'; mso-bidi-font-family: Tahoma;\\\">\u00a0<\/span><\/p>\n<p class=\\\"MsoNormal\\\" style=\\\"text-align: justify;\\\"><span style=\\\"mso-bidi-font-size: 12.0pt; font-family: \\'Calibri\\',\\'sans-serif\\'; mso-bidi-font-family: Tahoma;\\\">Adem\u00e1s, la calle estar\u00e1 animada con terrazas, DJ\u2019s y varios modelos de Fiat que estar\u00e1n expuestos a lo largo de la calle donde se transformar\u00e1n en sets <em>vintage<\/em>, donde los invitados podr\u00e1n interactuar con cada uno de ellos.<\/span><\/p>\n<p class=\\\"MsoNormal\\\" style=\\\"text-align: justify;\\\"><strong><span style=\\\"mso-bidi-font-size: 12.0pt; font-family: \\'Calibri\\',\\'sans-serif\\'; mso-bidi-font-family: Tahoma; color: red;\\\">\u00a0<\/span><\/strong><\/p>\n<p class=\\\"MsoNormal\\\" style=\\\"text-align: justify;\\\"><span style=\\\"mso-bidi-font-size: 12.0pt; font-family: \\'Calibri\\',\\'sans-serif\\'; mso-bidi-font-family: Tahoma;\\\">Con una convocatoria multitudinaria la calle de Jorge Juan se transformar\u00e1 en la fiesta social del verano.<\/span><\/p>\n<p class=\\\"MsoNormal\\\" style=\\\"text-align: justify;\\\"><strong><span style=\\\"mso-bidi-font-size: 12.0pt; font-family: \\'Calibri\\',\\'sans-serif\\'; mso-bidi-font-family: Tahoma;\\\">\u00a0<\/span><\/strong><\/p>\n<p class=\\\"MsoNormal\\\"><span style=\\\"font-family: \\'Calibri\\',\\'sans-serif\\'; mso-ascii-theme-font: minor-latin; mso-hansi-theme-font: minor-latin; mso-bidi-theme-font: minor-latin;\\\">M\u00e1s informaci\u00f3n en <\/span><a href=\\\"http:\/\/www.revistagq.com\/la-buena-vida\/planes\/articulos\/gq-presenta-noche-san-jorge-juan-2017-22-junio\/26197\\\"><span style=\\\"font-family: \\'Calibri\\',\\'sans-serif\\'; mso-ascii-theme-font: minor-latin; mso-hansi-theme-font: minor-latin; mso-bidi-theme-font: minor-latin;\\\">http:\/\/www.revistagq.com\/la-buena-vida\/planes\/articulos\/gq-presenta-noche-san-jorge-juan-2017-22-junio\/26197<\/span><\/a><\/p>\n<p class=\\\"MsoNormal\\\">\u00a0<\/p>\n","protected":false},"excerpt":{"rendered":"<p>El pr\u00f3ximo jueves, 22 de junio a las 20:00h, la revista GQ junto con el&#8230;<\/p>\n","protected":false},"featured_media":7447,"template":"","meta":{"_acf_changed":false},"categories":[],"noticias":[],"class_list":["post-7446","noticias","type-noticias","status-publish","has-post-thumbnail","hentry"],"acf":[],"_links":{"self":[{"href":"https:\/\/test.madridemprende.anovagroup.es\/en\/wp-json\/wp\/v2\/noticias\/7446"}],"collection":[{"href":"https:\/\/test.madridemprende.anovagroup.es\/en\/wp-json\/wp\/v2\/noticias"}],"about":[{"href":"https:\/\/test.madridemprende.anovagroup.es\/en\/wp-json\/wp\/v2\/types\/noticias"}],"version-history":[{"count":0,"href":"https:\/\/test.madridemprende.anovagroup.es\/en\/wp-json\/wp\/v2\/noticias\/7446\/revisions"}],"wp:featuredmedia":[{"embeddable":true,"href":"https:\/\/test.madridemprende.anovagroup.es\/en\/wp-json\/wp\/v2\/media\/7447"}],"wp:attachment":[{"href":"https:\/\/test.madridemprende.anovagroup.es\/en\/wp-json\/wp\/v2\/media?parent=7446"}],"wp:term":[{"taxonomy":"category","embeddable":true,"href":"https:\/\/test.madridemprende.anovagroup.es\/en\/wp-json\/wp\/v2\/categories?post=7446"},{"taxonomy":"noticias","embeddable":true,"href":"https:\/\/test.madridemprende.anovagroup.es\/en\/wp-json\/wp\/v2\/noticias?post=7446"}],"curies":[{"name":"wp","href":"https:\/\/api.w.org\/{rel}","templated":true}]}}