{"id":7462,"date":"2017-07-04T00:00:00","date_gmt":"2017-07-04T00:00:00","guid":{"rendered":"https:\/\/pre.madridemprende.anovagroup.es\/noticias\/de-argentina-a-tailandia-pasando-por-italia-el-gran-tour-gastronmico-sin-salir-del-mercado-de-las-ventas\/"},"modified":"2022-06-08T11:24:00","modified_gmt":"2022-06-08T09:24:00","slug":"de-argentina-a-tailandia-pasando-por-italia-el-gran-tour-gastronmico-sin-salir-del-mercado-de-las-ventas","status":"publish","type":"noticias","link":"https:\/\/test.madridemprende.anovagroup.es\/en\/noticias\/de-argentina-a-tailandia-pasando-por-italia-el-gran-tour-gastronmico-sin-salir-del-mercado-de-las-ventas\/","title":{"rendered":"De Argentina a Tailandia pasando por Italia, el gran tour gastron\u00f3mico sin salir del Mercado de Las Ventas"},"content":{"rendered":"<p><span lang=\\\"ES-TRAD\\\" style=\\\"font-size: 10.5pt; font-family: \\'PT Sans\\',\\'sans-serif\\'; mso-fareast-font-family: \\'Times New Roman\\'; mso-bidi-font-family: \\'Times New Roman\\'; color: #5a5a5a; background: white; mso-ansi-language: ES-TRAD; mso-fareast-language: ES-TRAD; mso-bidi-language: AR-SA;\\\">Ayer 29 de junio, a las 20:30, se inauguraron los nueve stands gastron\u00f3micos que ha montado la empresa Xelavid en el <\/span><span lang=\\\"ES-TRAD\\\" style=\\\"font-size: 12.0pt; font-family: \\'Calibri\\',\\'sans-serif\\'; mso-ascii-theme-font: minor-latin; mso-fareast-font-family: Calibri; mso-fareast-theme-font: minor-latin; mso-hansi-theme-font: minor-latin; mso-bidi-font-family: \\'Times New Roman\\'; mso-bidi-theme-font: minor-bidi; mso-ansi-language: ES-TRAD; mso-fareast-language: EN-US; mso-bidi-language: AR-SA;\\\"><a href=\\\"\/es\/mercados\/mercados-de-madrid\/Mercados\/ficha\/30b8767120f8392db7c2d5f37dc398aa\/\\\"><span style=\\\"font-size: 10.5pt; font-family: \\'PT Sans\\',\\'sans-serif\\'; mso-fareast-font-family: \\'Times New Roman\\'; mso-bidi-font-family: \\'Times New Roman\\'; background: white; mso-fareast-language: ES-TRAD;\\\">Mercado de Las Ventas<\/span><\/a><\/span><span lang=\\\"ES-TRAD\\\" style=\\\"font-size: 10.5pt; font-family: \\'PT Sans\\',\\'sans-serif\\'; mso-fareast-font-family: \\'Times New Roman\\'; mso-bidi-font-family: \\'Times New Roman\\'; color: #5a5a5a; background: white; mso-ansi-language: ES-TRAD; mso-fareast-language: ES-TRAD; mso-bidi-language: AR-SA;\\\"> de Madrid, siete de comida internacional, uno de comida sana y una vinoteca.\u00a0Este <\/span><strong><span lang=\\\"ES-TRAD\\\" style=\\\"font-size: 10.5pt; font-family: \\'PT Sans\\',\\'sans-serif\\'; mso-fareast-font-family: \\'Times New Roman\\'; mso-bidi-font-family: \\'Times New Roman\\'; color: #5a5a5a; mso-ansi-language: ES-TRAD; mso-fareast-language: ES-TRAD; mso-bidi-language: AR-SA;\\\">oasis gastron\u00f3mico del Mercado de Las Ventas es un viaje por las cocinas del mundo y por los vinos de Espa\u00f1a.<\/span><\/strong><span lang=\\\"ES-TRAD\\\" style=\\\"font-size: 10.5pt; font-family: \\'PT Sans\\',\\'sans-serif\\'; mso-fareast-font-family: \\'Times New Roman\\'; mso-bidi-font-family: \\'Times New Roman\\'; color: #5a5a5a; mso-ansi-language: ES-TRAD; mso-fareast-language: ES-TRAD; mso-bidi-language: AR-SA;\\\"><\/p>\n<p> <span style=\\\"background: white;\\\">Cualquiera que se acerque podr\u00e1 viajar por el mundo sin tener que salir del mercado y degustar los mejores platos internacionales como el salm\u00f3n noruego, pasta italiana o el maki japon\u00e9s. Los 7 stands representan Noruega, Jap\u00f3n, Espa\u00f1a, M\u00e9xico, Argentina, Italia y Tailandia. Adem\u00e1s de las propuestas internacionales el oasis cuenta con un stand de comida sana.\u00a0Por \u00faltimo habr\u00e1 un rinc\u00f3n donde se podr\u00e1n degustar vinos de toda Espa\u00f1a.<\/span><\/p>\n<p> <span style=\\\"background: white;\\\">Esta inauguraci\u00f3n, a la que asisti\u00f3 la Directora General de Comercio y Emprendimiento del Ayuntamiento de Madrid, Concepci\u00f3n D\u00edaz de Villegas, culmina la reforma integral del Mercado de Las Ventas realizada a lo largo de 2016 y 2017 con el apoyo del Ayuntamiento de Madrid, dejando un Mercado totalmente remozado, moderno y completo de comerciantes, con una ocupaci\u00f3n pr\u00e1cticamente del 100%.\u00a0<\/span><\/p>\n<p> <span style=\\\"background: white;\\\">Se han instalado 70 puestos de mercado tradicional (pescader\u00edas, carnicer\u00edas, fruter\u00edas, casquer\u00edas, poller\u00edas, florister\u00eda\u2026), un supermercado, un gimnasio, 2 bares y los 9 stands gastron\u00f3micos que se inauguran ahora.\u00a0<\/span><\/p>\n<p> <span style=\\\"background: white;\\\">En la inauguraci\u00f3n los asistentes disfrutaron de cocteler\u00eda en vivo, show cooking, conciertos de flamenco y de degustaci\u00f3n de vinos de Espa\u00f1a y comidas del mundo.\u00a0<\/span><\/span><\/p>\n","protected":false},"excerpt":{"rendered":"<p>Ayer 29 de junio, a las 20:30, se inauguraron los nueve stands&#8230;<\/p>\n","protected":false},"featured_media":7463,"template":"","meta":{"_acf_changed":false},"categories":[],"noticias":[],"class_list":["post-7462","noticias","type-noticias","status-publish","has-post-thumbnail","hentry"],"acf":[],"_links":{"self":[{"href":"https:\/\/test.madridemprende.anovagroup.es\/en\/wp-json\/wp\/v2\/noticias\/7462"}],"collection":[{"href":"https:\/\/test.madridemprende.anovagroup.es\/en\/wp-json\/wp\/v2\/noticias"}],"about":[{"href":"https:\/\/test.madridemprende.anovagroup.es\/en\/wp-json\/wp\/v2\/types\/noticias"}],"version-history":[{"count":0,"href":"https:\/\/test.madridemprende.anovagroup.es\/en\/wp-json\/wp\/v2\/noticias\/7462\/revisions"}],"wp:featuredmedia":[{"embeddable":true,"href":"https:\/\/test.madridemprende.anovagroup.es\/en\/wp-json\/wp\/v2\/media\/7463"}],"wp:attachment":[{"href":"https:\/\/test.madridemprende.anovagroup.es\/en\/wp-json\/wp\/v2\/media?parent=7462"}],"wp:term":[{"taxonomy":"category","embeddable":true,"href":"https:\/\/test.madridemprende.anovagroup.es\/en\/wp-json\/wp\/v2\/categories?post=7462"},{"taxonomy":"noticias","embeddable":true,"href":"https:\/\/test.madridemprende.anovagroup.es\/en\/wp-json\/wp\/v2\/noticias?post=7462"}],"curies":[{"name":"wp","href":"https:\/\/api.w.org\/{rel}","templated":true}]}}