{"id":7468,"date":"2017-07-20T00:00:00","date_gmt":"2017-07-20T00:00:00","guid":{"rendered":"https:\/\/pre.madridemprende.anovagroup.es\/noticias\/apoyamos-el-emprendimiento-joven\/"},"modified":"2022-06-08T11:23:59","modified_gmt":"2022-06-08T09:23:59","slug":"apoyamos-el-emprendimiento-joven","status":"publish","type":"noticias","link":"https:\/\/test.madridemprende.anovagroup.es\/en\/noticias\/apoyamos-el-emprendimiento-joven\/","title":{"rendered":"Apoyamos el emprendimiento joven"},"content":{"rendered":"<p>Las personas ganadoras de los premios de los programas de fomento del emprendimiento entre j\u00f3venes estudiantes, que sean promovidos por universidades, fundaciones, asociaciones profesionales y empresariales con las que el Ayuntamiento de Madrid tenga suscrito un convenio de colaboraci\u00f3n para el fomento del emprendimiento y\/o el desarrollo econ\u00f3mico, disfrutar\u00e1n \u00a0por un tiempo determinado de una reducci\u00f3n mensual del 100% del precio p\u00fablico que es necesario abonar para poder acceder a los servicios de apoyo al emprendimiento en los despachos de la Red de viveros de empresas.<\/p>\n<p>El Pleno ha aprobado hoy la reducci\u00f3n mensual del 100% en la tarifa del precio p\u00fablico a abonar para el uso de estos espacios para quienes hayan obtenido distinciones en programas de fomento del emprendimiento organizados por terceros con los que el Ayuntamiento de Madrid tenga suscrito un convenio de colaboraci\u00f3n.<\/p>\n<p>El importe mensual de este precio p\u00fablico es el resultado de multiplicar los metros cuadrados del despacho por 7,15 euros el primer a\u00f1o y por 9,53 euros a partir de los primeros doce meses (IVA no incluido). As\u00ed, un despacho de 17,30 metros cuadrados tiene una tarifa de 123,69 euros y en el caso de uno de 41,70 metros cuadrados asciende a 298,15 euros mensuales, durante el primer a\u00f1o.<\/p>\n<p>La reducci\u00f3n m\u00e1xima total por persona ser\u00e1 de 3.000 euros, por lo que el tiempo de estancia gratuita en uno los despachos depender\u00e1 de la tarifa aplicada seg\u00fan la superficie del despacho elegido.<\/p>\n<p>Para tener derecho a esta reducci\u00f3n los premiados en esos programas deben concurrir en igualdad de condiciones a la convocatoria p\u00fablica para acceder a los servicios de apoyo al emprendimiento en los despachos de la Red de viveros de empresas<\/p>\n<p>Con esta medida aprobada se pretende apoyar a los colectivos m\u00e1s j\u00f3venes.<\/p>\n<p>El Ayuntamiento cuenta con una <a href=\\\"\/es\/emprendedores\/espacios-para-emprendedores\/que-son\\\">Red de viveros de empresas<\/a>\u00a0repartidos en diferentes distritos de la ciudad. Se trata de espacios para trabajar en los que adem\u00e1s se recibe asesoramiento para el emprendimiento.\u00a0<\/p>\n<p><strong>Uso viveros empresas<\/strong><\/p>\n<p>El abono del precio p\u00fablico por la prestaci\u00f3n de servicios en los viveros da derecho a utilizar los despachos de las instalaciones por un tiempo determinado, en funci\u00f3n de las reglas de funcionamiento y de la adjudicaci\u00f3n. Est\u00e1n incluidas las prestaciones de recepci\u00f3n, vigilancia y seguridad, limpieza de las instalaciones y gastos de luz, agua, climatizaci\u00f3n, uso de zonas comunes\u2026 Tambi\u00e9n, en virtud de la propia esencia del servicio municipal, el asesoramiento t\u00e9cnico, la formaci\u00f3n empresarial y la informaci\u00f3n sobre programas de ayuda y subvenciones.<\/p>\n<p><strong>Espacios de Coworking<\/strong><\/p>\n<p>En la Red de Viveros de Empresas tambi\u00e9n disponemos de <a href=\\\"\/es\/emprendedores\/espacios-para-emprendedores\/preincubadoras-y-espacios-compartidos\\\">Espacios de Coworking<\/a>,<strong>\u00a0<\/strong> infraestructuras municipales\u00a0cuyo uso se cede de forma temporal y gratuita para apoyar a los emprendedores en la elaboraci\u00f3n de sus planes de empresa\u00a0y dotar de un espacio de trabajo a aquellos proyectos empresariales que desarrollan su actividad empresarial fundamentalmente en la sede de sus clientes.<\/p>\n<p>Los espacios de coworking<strong>\u00a0<\/strong>cuentan con puestos de trabajo de<strong>\u00a0<\/strong><span style=\\\"text-decoration: underline;\\\">preincubaci\u00f3n<\/span> para la elaboraci\u00f3n del\u00a0<a href=\\\"\/es\/emprendedores\/asesoramiento-a-emprendedores\/simulador-y-manual-plan-de-empresas\\\">plan de empresa<\/a> en el plazo m\u00e1ximo de 6 meses; y con <span style=\\\"text-decoration: underline;\\\">espacios compartidos<\/span>, que son puestos de trabajo cedidos como m\u00e1ximo 1 a\u00f1o para empresas que ya hayan iniciado su actividad.<\/p>\n","protected":false},"excerpt":{"rendered":"<p>Las personas ganadoras de los premios de los programas de fomento del&#8230;<\/p>\n","protected":false},"featured_media":7469,"template":"","meta":{"_acf_changed":false},"categories":[],"noticias":[],"class_list":["post-7468","noticias","type-noticias","status-publish","has-post-thumbnail","hentry"],"acf":[],"_links":{"self":[{"href":"https:\/\/test.madridemprende.anovagroup.es\/en\/wp-json\/wp\/v2\/noticias\/7468"}],"collection":[{"href":"https:\/\/test.madridemprende.anovagroup.es\/en\/wp-json\/wp\/v2\/noticias"}],"about":[{"href":"https:\/\/test.madridemprende.anovagroup.es\/en\/wp-json\/wp\/v2\/types\/noticias"}],"version-history":[{"count":0,"href":"https:\/\/test.madridemprende.anovagroup.es\/en\/wp-json\/wp\/v2\/noticias\/7468\/revisions"}],"wp:featuredmedia":[{"embeddable":true,"href":"https:\/\/test.madridemprende.anovagroup.es\/en\/wp-json\/wp\/v2\/media\/7469"}],"wp:attachment":[{"href":"https:\/\/test.madridemprende.anovagroup.es\/en\/wp-json\/wp\/v2\/media?parent=7468"}],"wp:term":[{"taxonomy":"category","embeddable":true,"href":"https:\/\/test.madridemprende.anovagroup.es\/en\/wp-json\/wp\/v2\/categories?post=7468"},{"taxonomy":"noticias","embeddable":true,"href":"https:\/\/test.madridemprende.anovagroup.es\/en\/wp-json\/wp\/v2\/noticias?post=7468"}],"curies":[{"name":"wp","href":"https:\/\/api.w.org\/{rel}","templated":true}]}}