{"id":7472,"date":"2017-08-21T00:00:00","date_gmt":"2017-08-21T00:00:00","guid":{"rendered":"https:\/\/pre.madridemprende.anovagroup.es\/noticias\/imgenes-de-mercado-i-concurso-fotogrfico\/"},"modified":"2022-06-08T11:23:58","modified_gmt":"2022-06-08T09:23:58","slug":"imgenes-de-mercado-i-concurso-fotogrfico","status":"publish","type":"noticias","link":"https:\/\/test.madridemprende.anovagroup.es\/en\/noticias\/imgenes-de-mercado-i-concurso-fotogrfico\/","title":{"rendered":"\u00abIm\u00e1genes de Mercado\u00bb. I Concurso Fotogr\u00e1fico"},"content":{"rendered":"<div style=\\\"text-align: justify;\\\"><em>\\\u00bbIm\u00e1genes de Mercado\\\u00bb<\/em> es el primer concurso de fotograf\u00eda sobre Mercados municipales de Madrid organizado por el Ayuntamiento de Madrid a trav\u00e9s del \u00c1rea de Gobierno de Equidad, Derechos Sociales y Empleo.<\/div>\n<div style=\\\"text-align: justify;\\\">Tiene como objetivo fundamental la promoci\u00f3n de estos establecimientos comerciales emblem\u00e1ticos en nuestra ciudad a trav\u00e9s de las im\u00e1genes.<br \/>Las fotograf\u00edas participantes podr\u00e1n reflejar tanto el interior como el exterior de los 46 mercados municipales con que cuenta la capital, pero siempre destacando su singularidad comercial, social y cultural.<\/p>\n<p>&#8211;<strong>Participantes:<\/strong><br \/>Cualquier persona mayor de edad, profesional\u00a0o aficionada a la fotograf\u00eda.<\/p>\n<p><strong>-Plazo de admisi\u00f3n de fotograf\u00edas<\/strong>:<br \/>Del 21 de agosto al 31 de octubre de 2017.<\/p>\n<p><strong>-Inscripci\u00f3n:<\/strong><br \/>La inscripci\u00f3n es gratutia y puede realizarse a trav\u00e9s de la web <a href=\\\"https:\/\/imagenesdemercado.es\/\\\" target=\\\"_blank\\\">www.imagenesdemercado.es <\/a>cumplimentando un sencillo formulario. Posteriormente se remitir\u00e1n las fotos siguiendo las indicaciones que se facilitan en la web.<\/p>\n<p>&#8211;<strong>Categor\u00edas:<\/strong><br \/>Individual, Reportaje e Hist\u00f3ricas.<\/p>\n<p><strong>-Bases:<\/strong><br \/>Las bases detalladas del concurso pueden consultarse en la web <a href=\\\"https:\/\/imagenesdemercado.es\/\\\" target=\\\"_blank\\\">www.imagenesdemercado.es<\/a>.<\/p>\n<p>\u00a1\u00a1Seguro que sabr\u00e1s reflejar el encanto de los mercados municipales madrile\u00f1os!!!!<\/p>\n<p>\u00a1\u00a1An\u00edmate y participa!!!!<\/p><\/div>\n","protected":false},"excerpt":{"rendered":"<p>\\\u00bbIm\u00e1genes de Mercado\\\u00bb es el primer concurso de fotograf\u00eda sobre Mercados&#8230;<\/p>\n","protected":false},"featured_media":7473,"template":"","meta":{"_acf_changed":false},"categories":[],"noticias":[],"class_list":["post-7472","noticias","type-noticias","status-publish","has-post-thumbnail","hentry"],"acf":[],"_links":{"self":[{"href":"https:\/\/test.madridemprende.anovagroup.es\/en\/wp-json\/wp\/v2\/noticias\/7472"}],"collection":[{"href":"https:\/\/test.madridemprende.anovagroup.es\/en\/wp-json\/wp\/v2\/noticias"}],"about":[{"href":"https:\/\/test.madridemprende.anovagroup.es\/en\/wp-json\/wp\/v2\/types\/noticias"}],"version-history":[{"count":0,"href":"https:\/\/test.madridemprende.anovagroup.es\/en\/wp-json\/wp\/v2\/noticias\/7472\/revisions"}],"wp:featuredmedia":[{"embeddable":true,"href":"https:\/\/test.madridemprende.anovagroup.es\/en\/wp-json\/wp\/v2\/media\/7473"}],"wp:attachment":[{"href":"https:\/\/test.madridemprende.anovagroup.es\/en\/wp-json\/wp\/v2\/media?parent=7472"}],"wp:term":[{"taxonomy":"category","embeddable":true,"href":"https:\/\/test.madridemprende.anovagroup.es\/en\/wp-json\/wp\/v2\/categories?post=7472"},{"taxonomy":"noticias","embeddable":true,"href":"https:\/\/test.madridemprende.anovagroup.es\/en\/wp-json\/wp\/v2\/noticias?post=7472"}],"curies":[{"name":"wp","href":"https:\/\/api.w.org\/{rel}","templated":true}]}}