{"id":7478,"date":"2017-09-11T00:00:00","date_gmt":"2017-09-11T00:00:00","guid":{"rendered":"https:\/\/pre.madridemprende.anovagroup.es\/noticias\/se-presenta-la-nueva-temporada-de-madrid-es-moda-en-el-centro-conde-duque\/"},"modified":"2022-06-08T11:23:58","modified_gmt":"2022-06-08T09:23:58","slug":"se-presenta-la-nueva-temporada-de-madrid-es-moda-en-el-centro-conde-duque","status":"publish","type":"noticias","link":"https:\/\/test.madridemprende.anovagroup.es\/en\/noticias\/se-presenta-la-nueva-temporada-de-madrid-es-moda-en-el-centro-conde-duque\/","title":{"rendered":"Se presenta la nueva temporada de Madrid es Moda en el Centro Conde Duque"},"content":{"rendered":"<p style=\\\"box-sizing: border-box; margin: 0cm 0cm 0pt; text-align: justify;\\\">\u00a0<\/p>\n<p style=\\\"box-sizing: border-box; margin: 0cm 0cm 0pt; color: #5a5a5a; font-family: \\'PT Sans\\', sans-serif; font-size: 14px; background-color: #ffffff; text-align: justify;\\\"><span lang=\\\"ES-TRAD\\\" style=\\\"box-sizing: border-box;\\\"><span style=\\\"box-sizing: border-box; font-family: Calibri;\\\">En la presentaci\u00f3n, Concha Hern\u00e1ndez, Directora del Centro Conde Duque, hizo hincapi\u00e9 en que el sector de la moda representa ya casi un 3% del PIB en Espa\u00f1a, lo que supone una industria de referencia en\u00a0nuestro pa\u00eds.\u00a0Asimismo la moda supone y supondr\u00e1 un estimulo profesional para miles de j\u00f3venes emprendedores, contando ya con un lugar entre los estudios universitarios que se ofrecen en varias Universidades espa\u00f1olas.<\/span><\/span><span lang=\\\"ES-TRAD\\\" style=\\\"box-sizing: border-box;\\\"><span style=\\\"box-sizing: border-box; font-family: Calibri;\\\">\u00a0<\/span><\/span><\/p>\n<p><br style=\\\"box-sizing: border-box; color: #5a5a5a; font-family: \\'PT Sans\\', sans-serif; font-size: 14px; background-color: #ffffff;\\\" \/><\/p>\n<p style=\\\"box-sizing: border-box; margin: 0cm 0cm 0pt; color: #5a5a5a; font-family: \\'PT Sans\\', sans-serif; font-size: 14px; background-color: #ffffff; text-align: justify;\\\"><span lang=\\\"ES-TRAD\\\" style=\\\"box-sizing: border-box;\\\"><span style=\\\"box-sizing: border-box; font-family: Calibri;\\\">Acudi\u00f3 tambi\u00e9n Concepci\u00f3n D\u00edaz de Villegas, Directora General de Comercio y Emprendimiento del Ayuntamiento de Madrid, quien destac\u00f3 que una de las prioridades del Ayuntamiento de Madrid es acercar el mundo de la moda a la ciudadan\u00eda facilitando recursos, ya sean espacios o formaci\u00f3n, y experiencia dentro del sector del comercio y emprendimiento. En este sentido el proyecto Madrid Capital de Moda, promovido por el Ayuntamiento de Madrid, pretende fomentar la celebraci\u00f3n de eventos y actividades relacionados con el mundo de la moda, en especial en lo que se refiere a las nuevas tendencias e innovaci\u00f3n tecnol\u00f3gica en este sector.\u00a0Destaca el encuentro de moda y tecnolog\u00eda que se celebrar\u00e1 en el Centro Conde Duque, organizado en colaboraci\u00f3n con Fashionbiz2.0, pensado para acercar las start-ups de moda a mentores, inversores y desarrolladores de tecnolog\u00edas aplicables al crecimiento de los proyectos de moda. (m\u00e1s informaci\u00f3n en:\u00a0<\/span><a style=\\\"box-sizing: border-box; background-color: transparent; color: #337ab7; text-decoration-line: none;\\\" href=\\\"http:\/\/www.fashionstartupawards.com\/\\\"><span style=\\\"box-sizing: border-box; color: #0000ff; font-family: Calibri;\\\">www.fashionstartupawards.com<\/span><\/a><span style=\\\"box-sizing: border-box; font-family: Calibri;\\\">).<\/span><\/span><\/p>\n<p><br style=\\\"box-sizing: border-box; color: #5a5a5a; font-family: \\'PT Sans\\', sans-serif; font-size: 14px; background-color: #ffffff;\\\" \/><\/p>\n<p style=\\\"box-sizing: border-box; margin: 0cm 0cm 0pt; color: #5a5a5a; font-family: \\'PT Sans\\', sans-serif; font-size: 14px; background-color: #ffffff; text-align: justify;\\\"><span lang=\\\"ES-TRAD\\\" style=\\\"box-sizing: border-box;\\\"><span style=\\\"box-sizing: border-box; font-family: Calibri;\\\">\u00a0<\/span><\/span><span lang=\\\"ES-TRAD\\\" style=\\\"box-sizing: border-box;\\\"><span style=\\\"box-sizing: border-box; font-family: Calibri;\\\">As\u00ed mismo estuvieron presentes Modesto Lomba, Presidente de la Asociaci\u00f3n de Creadores de Moda de Espa\u00f1a (ACME), Manuel Blanco de la Universidad Polit\u00e9cnica de Madrid y Carmen Rojas, Coordinadora de Cultura, Deportes y Turismo del Ayuntamiento de Madrid.<\/span><\/span><span lang=\\\"ES-TRAD\\\" style=\\\"box-sizing: border-box;\\\"><span style=\\\"box-sizing: border-box; font-family: Calibri;\\\">\u00a0<\/span><\/span><\/p>\n<p><br style=\\\"box-sizing: border-box; color: #5a5a5a; font-family: \\'PT Sans\\', sans-serif; font-size: 14px; background-color: #ffffff;\\\" \/><\/p>\n<p style=\\\"box-sizing: border-box; margin: 0cm 0cm 0pt; color: #5a5a5a; font-family: \\'PT Sans\\', sans-serif; font-size: 14px; background-color: #ffffff; text-align: justify;\\\"><span lang=\\\"ES-TRAD\\\" style=\\\"box-sizing: border-box;\\\"><span style=\\\"box-sizing: border-box; font-family: Calibri;\\\">Dentro de los eventos programados en este ciclo de Madrid es Moda destacan la exposici\u00f3n\u00a0<em style=\\\"box-sizing: border-box;\\\">\u201cEn Construcci\u00f3n. La moda que se ense\u00f1a\u201d y<\/em>\u00a0el desfile urbano promovido dentro del proyecto Madrid Capital de Moda que se celebrar\u00e1 el 20 de septiembre en la Calle Conde Duque con dise\u00f1o de j\u00f3venes promesas del Centro Superior de Dise\u00f1o de Moda de Madrid (Universidad Polit\u00e9cnica de Madrid).<\/p>\n<p><\/span><\/span><\/p>\n<p style=\\\"box-sizing: border-box; margin: 0cm 0cm 0pt; color: #5a5a5a; font-family: \\'PT Sans\\', sans-serif; font-size: 14px; background-color: #ffffff; text-align: justify;\\\"><span lang=\\\"ES-TRAD\\\" style=\\\"box-sizing: border-box;\\\"><span style=\\\"box-sizing: border-box; font-family: Calibri;\\\">M\u00e1s informaci\u00f3n sobre las actividades programadas en:<\/span><\/span><\/p>\n<p style=\\\"box-sizing: border-box; margin: 0cm 0cm 0pt; color: #5a5a5a; font-family: \\'PT Sans\\', sans-serif; font-size: 14px; background-color: #ffffff; text-align: justify;\\\"><span lang=\\\"ES-TRAD\\\" style=\\\"box-sizing: border-box;\\\"><span style=\\\"box-sizing: border-box; font-family: Calibri;\\\">\u00a0<\/span><\/span><\/p>\n<p style=\\\"box-sizing: border-box; margin: 0cm 0cm 0pt; color: #5a5a5a; font-family: \\'PT Sans\\', sans-serif; font-size: 14px; background-color: #ffffff; text-align: justify;\\\"><span lang=\\\"ES-TRAD\\\" style=\\\"box-sizing: border-box;\\\"><span style=\\\"box-sizing: border-box; font-family: Calibri;\\\">\u00a0<\/span><\/span><\/p>\n<p style=\\\"box-sizing: border-box; margin: 0cm 0cm 0pt; color: #5a5a5a; font-family: \\'PT Sans\\', sans-serif; font-size: 14px; background-color: #ffffff; text-align: justify;\\\"><span lang=\\\"ES-TRAD\\\" style=\\\"box-sizing: border-box;\\\"><span style=\\\"box-sizing: border-box; font-family: Calibri;\\\">\u00a0<\/span><\/span><\/p>\n<p style=\\\"box-sizing: border-box; margin: 0cm 0cm 0pt; color: #5a5a5a; font-family: \\'PT Sans\\', sans-serif; font-size: 14px; background-color: #ffffff; text-align: justify;\\\"><span lang=\\\"ES-TRAD\\\" style=\\\"box-sizing: border-box;\\\"><a style=\\\"box-sizing: border-box; background-color: transparent; color: #337ab7; text-decoration-line: none;\\\" href=\\\"http:\/\/condeduquemadrid.es\/calendario\/\\\"><span style=\\\"box-sizing: border-box; color: #0000ff; font-family: Calibri;\\\">http:\/\/condeduquemadrid.es\/calendario\/<\/span><\/a><\/span><\/p>\n<p style=\\\"box-sizing: border-box; margin: 0cm 0cm 0pt; color: #5a5a5a; font-family: \\'PT Sans\\', sans-serif; font-size: 14px; background-color: #ffffff; text-align: justify;\\\"><span lang=\\\"ES-TRAD\\\" style=\\\"box-sizing: border-box;\\\"><span style=\\\"box-sizing: border-box; font-family: Calibri;\\\">\u00a0<\/span><\/span><\/p>\n<p style=\\\"box-sizing: border-box; margin: 0cm 0cm 0pt; color: #5a5a5a; font-family: \\'PT Sans\\', sans-serif; font-size: 14px; background-color: #ffffff; text-align: justify;\\\"><span lang=\\\"ES-TRAD\\\" style=\\\"box-sizing: border-box;\\\"><a style=\\\"box-sizing: border-box; background-color: transparent; color: #337ab7; text-decoration-line: none;\\\" href=\\\"https:\/\/www.madridcapitaldemoda.com\/\\\"><span style=\\\"box-sizing: border-box; color: #0000ff; font-family: Calibri;\\\">https:\/\/www.madridcapitaldemoda.com\/<\/span><\/a><\/span><\/p>\n","protected":false},"excerpt":{"rendered":"<p>\u00a0<br \/>\nEn la presentaci\u00f3n, Concha Hern\u00e1ndez, Directora del Centro Conde Duque,&#8230;<\/p>\n","protected":false},"featured_media":7479,"template":"","meta":{"_acf_changed":false},"categories":[],"noticias":[],"class_list":["post-7478","noticias","type-noticias","status-publish","has-post-thumbnail","hentry"],"acf":[],"_links":{"self":[{"href":"https:\/\/test.madridemprende.anovagroup.es\/en\/wp-json\/wp\/v2\/noticias\/7478"}],"collection":[{"href":"https:\/\/test.madridemprende.anovagroup.es\/en\/wp-json\/wp\/v2\/noticias"}],"about":[{"href":"https:\/\/test.madridemprende.anovagroup.es\/en\/wp-json\/wp\/v2\/types\/noticias"}],"version-history":[{"count":0,"href":"https:\/\/test.madridemprende.anovagroup.es\/en\/wp-json\/wp\/v2\/noticias\/7478\/revisions"}],"wp:featuredmedia":[{"embeddable":true,"href":"https:\/\/test.madridemprende.anovagroup.es\/en\/wp-json\/wp\/v2\/media\/7479"}],"wp:attachment":[{"href":"https:\/\/test.madridemprende.anovagroup.es\/en\/wp-json\/wp\/v2\/media?parent=7478"}],"wp:term":[{"taxonomy":"category","embeddable":true,"href":"https:\/\/test.madridemprende.anovagroup.es\/en\/wp-json\/wp\/v2\/categories?post=7478"},{"taxonomy":"noticias","embeddable":true,"href":"https:\/\/test.madridemprende.anovagroup.es\/en\/wp-json\/wp\/v2\/noticias?post=7478"}],"curies":[{"name":"wp","href":"https:\/\/api.w.org\/{rel}","templated":true}]}}