{"id":7490,"date":"2017-09-25T00:00:00","date_gmt":"2017-09-25T00:00:00","guid":{"rendered":"https:\/\/pre.madridemprende.anovagroup.es\/noticias\/campaa-mercados-de-madrid-cocinamos-contigo\/"},"modified":"2022-06-08T11:23:56","modified_gmt":"2022-06-08T09:23:56","slug":"campaa-mercados-de-madrid-cocinamos-contigo","status":"publish","type":"noticias","link":"https:\/\/test.madridemprende.anovagroup.es\/en\/noticias\/campaa-mercados-de-madrid-cocinamos-contigo\/","title":{"rendered":"Campa\u00f1a Mercados de Madrid, Cocinamos contigo"},"content":{"rendered":"<p class=\\\"MsoNormal\\\" style=\\\"margin-bottom: .0001pt; text-align: justify; line-height: normal; mso-layout-grid-align: none; text-autospace: none;\\\"><strong><span style=\\\"font-family: \\'Lato\\',sans-serif; mso-bidi-font-family: Arial;\\\">El Ayuntamiento de Madrid, a trav\u00e9s de la Direcci\u00f3n General de Comercio y Emprendimiento, y <\/span><\/strong><a href=\\\"http:\/\/canalcocina.es\/\\\"><span style=\\\"font-family: \\'Lato\\',sans-serif; mso-bidi-font-family: Arial;\\\">Canal Cocina<\/span><\/a><strong><span style=\\\"font-family: \\'Lato\\',sans-serif; mso-bidi-font-family: Arial;\\\"> ha renovado su compromiso con la campa\u00f1a \u201c<\/span><\/strong><strong><em><span style=\\\"font-family: \\'Lato\\',sans-serif; mso-bidi-font-family: Arial;\\\">Mercados de Madrid,Cocinamos contigo<\/span><\/em><\/strong><strong><span style=\\\"font-family: \\'Lato\\',sans-serif; mso-bidi-font-family: Arial;\\\">\u201d<\/span><\/strong><span style=\\\"font-family: \\'Lato\\',sans-serif; mso-bidi-font-family: Arial; mso-bidi-font-weight: bold;\\\">.La iniciativa, que se puso en marcha con gran \u00e9xito el pasado mes abril y que ahora se ha relanzado, pretende apoyar los mercados tradicionales, cuyo principal exponente son los 46 mercados municipales de nuestra ciudad, \u00a0y concienciar sobre su importancia en la econom\u00eda local. <\/span><\/p>\n<p class=\\\"MsoNormal\\\" style=\\\"margin-bottom: .0001pt; text-align: justify; line-height: normal; mso-layout-grid-align: none; text-autospace: none;\\\"><span style=\\\"font-family: \\'Lato\\',sans-serif; mso-bidi-font-family: Arial; mso-bidi-font-weight: bold;\\\">\u00a0<\/span><\/p>\n<p class=\\\"MsoNormal\\\" style=\\\"margin-bottom: .0001pt; text-align: justify; line-height: normal; mso-layout-grid-align: none; text-autospace: none;\\\"><span style=\\\"font-family: \\'Lato\\',sans-serif; mso-bidi-font-family: Arial; mso-bidi-font-weight: bold;\\\">La campa\u00f1a gira en torno al programa de <\/span><strong><span style=\\\"font-family: \\'Lato\\',sans-serif; mso-bidi-font-family: Arial;\\\">Canal Cocina<\/span><\/strong><span style=\\\"font-family: \\'Lato\\',sans-serif; mso-bidi-font-family: Arial; mso-bidi-font-weight: bold;\\\"> \u2018<\/span><strong><em><span style=\\\"font-family: \\'Lato\\',sans-serif; mso-bidi-font-family: Arial;\\\">Cocinamos contigo\u2019<\/span><\/em><\/strong><span style=\\\"font-family: \\'Lato\\',sans-serif; mso-bidi-font-family: Arial; mso-bidi-font-weight: bold;\\\">, en el que el chef Sergio Fern\u00e1ndez reinterpreta las recetas que diferentes comerciantes de los mercados y compradores le env\u00edan. El cocinero aporta su toque a los diferentes platos y desvela algunos trucos para sorprender al resto de comensales.<\/span><\/p>\n<p class=\\\"MsoNormal\\\" style=\\\"margin-bottom: .0001pt; text-align: justify; line-height: normal; mso-layout-grid-align: none; text-autospace: none;\\\"><span style=\\\"font-family: \\'Lato\\',sans-serif; mso-bidi-font-family: Arial; mso-bidi-font-weight: bold;\\\">\u00a0<\/span><\/p>\n<p><span style=\\\"font-size: 11.0pt; line-height: 115%; font-family: \\'Lato\\',sans-serif; mso-fareast-font-family: Calibri; mso-fareast-theme-font: minor-latin; mso-bidi-font-family: Arial; mso-ansi-language: ES; mso-fareast-language: EN-US; mso-bidi-language: AR-SA;\\\">Gracias a la campa\u00f1a exterior las recetas <\/span><span style=\\\"font-size: 11.0pt; line-height: 115%; font-family: \\'Lato\\',sans-serif; mso-fareast-font-family: Calibri; mso-fareast-theme-font: minor-latin; mso-bidi-font-family: Arial; mso-ansi-language: ES; mso-fareast-language: EN-US; mso-bidi-language: AR-SA; mso-bidi-font-weight: bold;\\\">del programa estar\u00e1n m\u00e1s a mano que nunca. Los madrile\u00f1os podr\u00e1n disfrutarlas en el transporte p\u00fablico gracias al perching que se instalar\u00e1 en 40 l\u00edneas de autob\u00fas de la ciudad, en las que encontrar\u00e1n las deliciosas recetas elaboradas con\u00a0<\/span><span style=\\\"font-size: 11.0pt; line-height: 115%; font-family: \\'Lato\\',sans-serif; mso-fareast-font-family: Calibri; mso-fareast-theme-font: minor-latin; mso-bidi-font-family: Arial; mso-ansi-language: ES; mso-fareast-language: EN-US; mso-bidi-language: AR-SA;\\\">los productos saludables y de primera calidad que podemos encontrar cada d\u00eda en los mercados municipales. La campa\u00f1a estar\u00e1 visible en estos soportes hasta el 20 de octubre.<\/span><strong><span style=\\\"font-size: 11.0pt; line-height: 115%; font-family: \\'Lato\\',sans-serif; mso-fareast-font-family: Calibri; mso-fareast-theme-font: minor-latin; mso-bidi-font-family: Arial; mso-ansi-language: ES; mso-fareast-language: EN-US; mso-bidi-language: AR-SA;\\\"><\/p>\n<p><\/span><\/strong><\/p>\n<p class=\\\"MsoNormal\\\" style=\\\"margin-bottom: .0001pt; text-align: justify; line-height: normal; mso-layout-grid-align: none; text-autospace: none;\\\"><span style=\\\"font-family: \\'Lato\\',sans-serif; mso-bidi-font-family: Arial;\\\">Junto a ello, se colocar\u00e1n m\u00e1s de 1.000 carteles en farolas y 110 marquesinas para recordar a los consumidores el importante papel que juegan los mercados en la vida social, cultural y econ\u00f3mica de los diferentes barrios madrile\u00f1os. <\/span><\/p>\n<p class=\\\"MsoNormal\\\" style=\\\"margin-bottom: .0001pt; text-align: justify; line-height: normal; mso-layout-grid-align: none; text-autospace: none;\\\"><strong><span style=\\\"font-family: \\'Lato\\',sans-serif; mso-bidi-font-family: Arial;\\\">\u00a0<\/span><\/strong><\/p>\n<p class=\\\"MsoNormal\\\" style=\\\"margin-bottom: .0001pt; text-align: justify; line-height: normal; mso-layout-grid-align: none; text-autospace: none;\\\"><span style=\\\"font-family: \\'Lato\\',sans-serif; mso-bidi-font-family: Arial;\\\">Por \u00faltimo, a lo largo de septiembre y octubre, <\/span><a href=\\\"http:\/\/canalcocina.es\/\\\"><span style=\\\"font-family: \\'Lato\\',sans-serif; mso-bidi-font-family: Arial;\\\">Canal Cocina<\/span><\/a><span style=\\\"font-family: \\'Lato\\',sans-serif; mso-bidi-font-family: Arial;\\\"> recupera en su programaci\u00f3n los programas dedicados a los Mercados de Madrid, que se difundir\u00e1n a trav\u00e9s de la web y de sus redes sociales.\u00a0<\/span><\/p>\n","protected":false},"excerpt":{"rendered":"<p>El Ayuntamiento de Madrid, a trav\u00e9s de la Direcci\u00f3n General de Comercio y&#8230;<\/p>\n","protected":false},"featured_media":7491,"template":"","meta":{"_acf_changed":false},"categories":[],"noticias":[],"class_list":["post-7490","noticias","type-noticias","status-publish","has-post-thumbnail","hentry"],"acf":[],"_links":{"self":[{"href":"https:\/\/test.madridemprende.anovagroup.es\/en\/wp-json\/wp\/v2\/noticias\/7490"}],"collection":[{"href":"https:\/\/test.madridemprende.anovagroup.es\/en\/wp-json\/wp\/v2\/noticias"}],"about":[{"href":"https:\/\/test.madridemprende.anovagroup.es\/en\/wp-json\/wp\/v2\/types\/noticias"}],"version-history":[{"count":0,"href":"https:\/\/test.madridemprende.anovagroup.es\/en\/wp-json\/wp\/v2\/noticias\/7490\/revisions"}],"wp:featuredmedia":[{"embeddable":true,"href":"https:\/\/test.madridemprende.anovagroup.es\/en\/wp-json\/wp\/v2\/media\/7491"}],"wp:attachment":[{"href":"https:\/\/test.madridemprende.anovagroup.es\/en\/wp-json\/wp\/v2\/media?parent=7490"}],"wp:term":[{"taxonomy":"category","embeddable":true,"href":"https:\/\/test.madridemprende.anovagroup.es\/en\/wp-json\/wp\/v2\/categories?post=7490"},{"taxonomy":"noticias","embeddable":true,"href":"https:\/\/test.madridemprende.anovagroup.es\/en\/wp-json\/wp\/v2\/noticias?post=7490"}],"curies":[{"name":"wp","href":"https:\/\/api.w.org\/{rel}","templated":true}]}}