{"id":7572,"date":"2017-11-23T00:00:00","date_gmt":"2017-11-23T00:00:00","guid":{"rendered":"https:\/\/pre.madridemprende.anovagroup.es\/noticias\/los-mercado-municipales-juntos-contra-el-desperdicio-de-alimentos\/"},"modified":"2022-06-08T11:23:35","modified_gmt":"2022-06-08T09:23:35","slug":"los-mercado-municipales-juntos-contra-el-desperdicio-de-alimentos","status":"publish","type":"noticias","link":"https:\/\/test.madridemprende.anovagroup.es\/en\/noticias\/los-mercado-municipales-juntos-contra-el-desperdicio-de-alimentos\/","title":{"rendered":"Los Mercado Municipales juntos contra el desperdicio de alimentos"},"content":{"rendered":"<p class=\\\"MsoNormal\\\" style=\\\"text-align: justify;\\\"><span lang=\\\"ES-TRAD\\\" style=\\\"font-size: 11.0pt; font-family: \\'Lato\\',\\'sans-serif\\';\\\">El pasado martes 21 de noviembre, Marta Higueras Garrobo, primera teniente de Alcalde y Delegada del \u00c1rea de Gobierno \u00a0Equidad, Derechos Sociales y Empleo del Ayuntamiento de Madrid acudi\u00f3 al Mercado de La Paz para apoyar la recogida de alimentos excedentes en un acto organizado por la <\/span><span lang=\\\"ES-TRAD\\\"><a href=\\\"http:\/\/www.equoevento.org\/\\\"><span style=\\\"font-size: 11.0pt; font-family: \\'Lato\\',\\'sans-serif\\';\\\">ONG Equoevento<\/span><\/a><\/span><span lang=\\\"ES-TRAD\\\" style=\\\"font-size: 11.0pt; font-family: \\'Lato\\',\\'sans-serif\\';\\\">, dentro de la iniciativa \u201cBuen@provecho-La comida no tiene desperdicio\u201d<\/span><\/p>\n<p class=\\\"MsoNormal\\\" style=\\\"text-align: justify;\\\"><span lang=\\\"ES-TRAD\\\" style=\\\"font-size: 11.0pt; font-family: \\'Lato\\',\\'sans-serif\\';\\\">Esta iniciativa realizada por <\/span><span lang=\\\"ES-TRAD\\\"><a href=\\\"https:\/\/itmakes.net\/especiales\/food-wine\/\\\"><span style=\\\"font-size: 11.0pt; font-family: \\'Lato\\',\\'sans-serif\\';\\\">ITmakES Food&#038;Wine<\/span><\/a><\/span><span lang=\\\"ES-TRAD\\\" style=\\\"font-size: 11.0pt; font-family: \\'Lato\\',\\'sans-serif\\';\\\"> cuenta con los apoyos de la Embajada de Italia y la red de Mercados Municipales del Ayuntamiento de Madrid, la <\/span><span lang=\\\"ES-TRAD\\\"><a href=\\\"http:\/\/www.italcamara-es.com\/es\/inicio\/\\\"><span style=\\\"font-size: 11.0pt; font-family: \\'Lato\\',\\'sans-serif\\';\\\">C\u00e1mara de Comercio e Industria Italiana para Espa\u00f1a<\/span><\/a><\/span><span lang=\\\"ES-TRAD\\\" style=\\\"font-size: 11.0pt; font-family: \\'Lato\\',\\'sans-serif\\';\\\"> (CCIS), el <\/span><span lang=\\\"ES-TRAD\\\"><a href=\\\"http:\/\/www.realhermandaddelrefugio.org\/index.php\/el-comedor\\\"><span style=\\\"font-size: 11.0pt; font-family: \\'Lato\\',\\'sans-serif\\';\\\">Comedor social de la Hermandad del Refugio<\/span><\/a><\/span><span lang=\\\"ES-TRAD\\\" style=\\\"font-size: 11.0pt; font-family: \\'Lato\\',\\'sans-serif\\';\\\"> y la ONG italiana <\/span><span lang=\\\"ES-TRAD\\\"><a href=\\\"http:\/\/www.equoevento.org\/\\\"><span style=\\\"font-size: 11.0pt; font-family: \\'Lato\\',\\'sans-serif\\';\\\">Equoevento<\/span><\/a><\/span><span lang=\\\"ES-TRAD\\\" style=\\\"font-size: 11.0pt; font-family: \\'Lato\\',\\'sans-serif\\';\\\">.<\/span><\/p>\n<p class=\\\"MsoNormal\\\" style=\\\"text-align: justify;\\\"><span lang=\\\"ES-TRAD\\\" style=\\\"font-size: 11.0pt; font-family: \\'Lato\\',\\'sans-serif\\'; mso-fareast-font-family: Calibri; mso-fareast-theme-font: minor-latin; mso-bidi-font-family: \\'Times New Roman\\'; mso-bidi-theme-font: minor-bidi; mso-ansi-language: ES-TRAD; mso-fareast-language: EN-US; mso-bidi-language: AR-SA;\\\">Tiene como objetivo concienciar a la sociedad sobre la gran cantidad de alimentos que se desechan en los mercados y la posibilidad de darles una segunda vida, destin\u00e1ndolos a colectivos necesitados en riesgo de exclusi\u00f3n. Se trata de una forma de poner en valor la dimensi\u00f3n social de la comida, situando a los <\/span><span lang=\\\"ES-TRAD\\\" style=\\\"font-size: 12.0pt; font-family: \\'Calibri\\',\\'sans-serif\\'; mso-ascii-theme-font: minor-latin; mso-fareast-font-family: Calibri; mso-fareast-theme-font: minor-latin; mso-hansi-theme-font: minor-latin; mso-bidi-font-family: \\'Times New Roman\\'; mso-bidi-theme-font: minor-bidi; mso-ansi-language: ES-TRAD; mso-fareast-language: EN-US; mso-bidi-language: AR-SA;\\\"><a href=\\\"\/es\/comercio-y-mercados\/mercados-municipales\/mercados-de-madrid\/Mercados\/ficha\/43b6a46e674da7f57b299e60092335ff\/\\\"><span style=\\\"font-size: 11.0pt; font-family: \\'Lato\\',\\'sans-serif\\';\\\">Mercados Municipales<\/span><\/a><\/span><span lang=\\\"ES-TRAD\\\" style=\\\"font-size: 11.0pt; font-family: \\'Lato\\',\\'sans-serif\\'; mso-fareast-font-family: Calibri; mso-fareast-theme-font: minor-latin; mso-bidi-font-family: \\'Times New Roman\\'; mso-bidi-theme-font: minor-bidi; mso-ansi-language: ES-TRAD; mso-fareast-language: EN-US; mso-bidi-language: AR-SA;\\\"> en la vanguardia de este tipo de acciones.<\/span><\/p>\n","protected":false},"excerpt":{"rendered":"<p>El pasado martes 21 de noviembre, Marta Higueras Garrobo, primera teniente&#8230;<\/p>\n","protected":false},"featured_media":7573,"template":"","meta":{"_acf_changed":false},"categories":[],"noticias":[],"class_list":["post-7572","noticias","type-noticias","status-publish","has-post-thumbnail","hentry"],"acf":[],"_links":{"self":[{"href":"https:\/\/test.madridemprende.anovagroup.es\/en\/wp-json\/wp\/v2\/noticias\/7572"}],"collection":[{"href":"https:\/\/test.madridemprende.anovagroup.es\/en\/wp-json\/wp\/v2\/noticias"}],"about":[{"href":"https:\/\/test.madridemprende.anovagroup.es\/en\/wp-json\/wp\/v2\/types\/noticias"}],"version-history":[{"count":0,"href":"https:\/\/test.madridemprende.anovagroup.es\/en\/wp-json\/wp\/v2\/noticias\/7572\/revisions"}],"wp:featuredmedia":[{"embeddable":true,"href":"https:\/\/test.madridemprende.anovagroup.es\/en\/wp-json\/wp\/v2\/media\/7573"}],"wp:attachment":[{"href":"https:\/\/test.madridemprende.anovagroup.es\/en\/wp-json\/wp\/v2\/media?parent=7572"}],"wp:term":[{"taxonomy":"category","embeddable":true,"href":"https:\/\/test.madridemprende.anovagroup.es\/en\/wp-json\/wp\/v2\/categories?post=7572"},{"taxonomy":"noticias","embeddable":true,"href":"https:\/\/test.madridemprende.anovagroup.es\/en\/wp-json\/wp\/v2\/noticias?post=7572"}],"curies":[{"name":"wp","href":"https:\/\/api.w.org\/{rel}","templated":true}]}}