{"id":7618,"date":"2018-01-15T00:00:00","date_gmt":"2018-01-15T00:00:00","guid":{"rendered":"https:\/\/pre.madridemprende.anovagroup.es\/noticias\/mercados-de-madrid-en-gastrofestival-2018\/"},"modified":"2022-06-08T11:20:03","modified_gmt":"2022-06-08T09:20:03","slug":"mercados-de-madrid-en-gastrofestival-2018","status":"publish","type":"noticias","link":"https:\/\/test.madridemprende.anovagroup.es\/en\/noticias\/mercados-de-madrid-en-gastrofestival-2018\/","title":{"rendered":"Mercados de Madrid en Gastrofestival 2018"},"content":{"rendered":"<p class=\\\"MsoNormal\\\" style=\\\"text-align: justify;\\\"><span lang=\\\"ES-TRAD\\\" style=\\\"font-size: 11.0pt; font-family: \\'Lato\\',\\'sans-serif\\'; mso-fareast-font-family: \\'Times New Roman\\'; mso-bidi-font-family: Calibri; mso-bidi-theme-font: minor-latin;\\\">Como en ediciones anteriores, los <\/span><span lang=\\\"ES-TRAD\\\"><a href=\\\"\/es\/comercio-y-mercados\/mercados-municipales\/mercados-de-madrid\/Mercados\/ficha\/3454ef4b041295e9c19bbb5d3c4532b1\/\\\"><span style=\\\"font-size: 11.0pt; font-family: \\'Lato\\',\\'sans-serif\\'; mso-fareast-font-family: \\'Times New Roman\\'; mso-bidi-font-family: Calibri; mso-bidi-theme-font: minor-latin;\\\">Mercados municipales<\/span><\/a><\/span><span lang=\\\"ES-TRAD\\\" style=\\\"font-size: 11.0pt; font-family: \\'Lato\\',\\'sans-serif\\'; mso-fareast-font-family: \\'Times New Roman\\'; mso-bidi-font-family: Calibri; mso-bidi-theme-font: minor-latin;\\\"> madrile\u00f1os aportan al festival la frescura, no solo de sus productos, sino tambi\u00e9n de la nueva imagen y estrategias que est\u00e1n desarrollando para continuar siendo los referentes de la distribuci\u00f3n alimentaria de proximidad y m\u00e1xima calidad. Con su aportaci\u00f3n, complementan a la perfecci\u00f3n la amplia oferta gastron\u00f3mica de la ciudad.<\/span><\/p>\n<p class=\\\"MsoNormal\\\" style=\\\"text-align: justify;\\\"><span lang=\\\"ES-TRAD\\\" style=\\\"font-family: \\'Lato\\',\\'sans-serif\\'; mso-fareast-font-family: \\'Times New Roman\\'; mso-bidi-font-family: Calibri; mso-bidi-theme-font: minor-latin;\\\">\u00a0<\/span><\/p>\n<p style=\\\"text-align: justify; line-height: normal; background: white;\\\"><span lang=\\\"ES-TRAD\\\" style=\\\"font-size: 11.0pt; font-family: \\'Lato\\',\\'sans-serif\\'; mso-ansi-language: ES-TRAD;\\\">D<\/span><span style=\\\"font-size: 11.0pt; font-family: \\'Lato\\',\\'sans-serif\\'; mso-ansi-language: ES;\\\">el 20 de enero al 4 de febrero, restaurantes, mercados, tiendas, museos y centros culturales de Madrid participan en este gran encuentro en el que el arte es uno de los principales protagonistas. Una experiencia total, una gran fiesta de los sentidos que nos invita a disfrutar de todas las dimensiones de la gastronom\u00eda: men\u00fas especiales, rutas culinarias, cursos de cocina&#8230;<\/span><\/p>\n<p style=\\\"text-align: justify; line-height: normal; background: white;\\\"><span style=\\\"font-size: 11.0pt; font-family: \\'Lato\\',\\'sans-serif\\'; mso-ansi-language: ES;\\\">Son 13 los Mercados municipales que participan este a\u00f1o. As\u00ed, los mercados de <\/span><span lang=\\\"EN-US\\\"><a href=\\\"https:\/\/www.esmadrid.com\/compras\/mercado-anton-martin\\\"><strong><span lang=\\\"ES\\\" style=\\\"font-size: 11pt; font-family: Lato, sans-serif; color: #2d2d2d; text-decoration-line: none;\\\">Ant\u00f3n Mart\u00edn<\/span><\/strong><\/a><\/span><strong><span style=\\\"font-size: 11.0pt; font-family: \\'Lato\\',\\'sans-serif\\'; mso-ansi-language: ES;\\\">, <\/span><\/strong><span lang=\\\"EN-US\\\"><a href=\\\"https:\/\/www.esmadrid.com\/compras\/mercado-de-barcelo\\\"><strong><span lang=\\\"ES\\\" style=\\\"font-size: 11pt; font-family: Lato, sans-serif; color: #2d2d2d; text-decoration-line: none;\\\">Barcel\u00f3<\/span><\/strong><\/a><\/span><strong><span style=\\\"font-size: 11.0pt; font-family: \\'Lato\\',\\'sans-serif\\'; mso-ansi-language: ES;\\\">, <\/span><\/strong><span style=\\\"font-size: 11.0pt; font-family: \\'Lato\\',\\'sans-serif\\'; mso-ansi-language: ES;\\\">la<\/span><span lang=\\\"EN-US\\\"><a href=\\\"https:\/\/www.esmadrid.com\/compras\/mercado-de-la-paz\\\"><strong><span lang=\\\"ES\\\" style=\\\"font-size: 11pt; font-family: Lato, sans-serif; color: #2d2d2d; text-decoration-line: none;\\\">Paz<\/span><\/strong><\/a><\/span><strong><span style=\\\"font-size: 11.0pt; font-family: \\'Lato\\',\\'sans-serif\\'; mso-ansi-language: ES;\\\">, <\/span><\/strong><span style=\\\"font-size: 11.0pt; font-family: \\'Lato\\',\\'sans-serif\\'; mso-ansi-language: ES;\\\">los <\/span><span lang=\\\"EN-US\\\"><a href=\\\"https:\/\/www.esmadrid.com\/compras\/mercado-de-los-mostenses\\\"><span lang=\\\"ES\\\" style=\\\"font-size: 11pt; font-family: Lato, sans-serif; color: windowtext; text-decoration-line: none;\\\">Mostenses<\/span><\/a><\/span><strong><span style=\\\"font-size: 11.0pt; font-family: \\'Lato\\',\\'sans-serif\\'; color: windowtext; mso-ansi-language: ES;\\\">,<\/span><\/strong><strong><span style=\\\"font-size: 11.0pt; font-family: \\'Lato\\',\\'sans-serif\\'; color: windowtext; mso-ansi-language: ES;\\\">\u00a0 <\/span><\/strong><span lang=\\\"EN-US\\\"><a href=\\\"https:\/\/www.esmadrid.com\/compras\/mercado-de-san-enrique\\\"><strong><span lang=\\\"ES\\\" style=\\\"font-size: 11pt; font-family: Lato, sans-serif; color: #2d2d2d; text-decoration-line: none;\\\">San Enrique<\/span><\/strong><\/a><\/span><strong><span style=\\\"font-size: 11.0pt; font-family: \\'Lato\\',\\'sans-serif\\'; mso-ansi-language: ES;\\\">,\u00a0 <\/span><\/strong><span lang=\\\"EN-US\\\"><a href=\\\"https:\/\/www.esmadrid.com\/compras\/mercado-vallehermoso\\\"><strong><span lang=\\\"ES\\\" style=\\\"font-size: 11pt; font-family: Lato, sans-serif; color: #2d2d2d; text-decoration-line: none;\\\">Vallehermoso<\/span><\/strong><\/a><\/span><strong>, <\/strong><span lang=\\\"EN-US\\\"><a href=\\\"https:\/\/www.esmadrid.com\/compras\/mercado-de-tirso-de-molina\\\"><strong><span lang=\\\"ES\\\" style=\\\"font-size: 11pt; font-family: Lato, sans-serif; color: #2d2d2d; text-decoration-line: none;\\\">Tirso de Molina<\/span><\/strong><\/a><\/span><strong>, <\/strong><span style=\\\"font-size: 11.0pt; font-family: \\'Lato\\',\\'sans-serif\\'; mso-ansi-language: ES;\\\">Chamart\u00edn, Guindalera, Prosperidad, San Fernando, Santa Mar\u00eda de la Cabeza o Ventas\u00a0 ofrecer\u00e1n talleres gastron\u00f3micos y tapas especiales, catas y degustaciones. El acto de inauguraci\u00f3n se celebrar\u00e1 el pr\u00f3ximo d\u00eda 20 de enero en el Mercado de Ant\u00f3n Mart\u00edn.<\/span><\/p>\n<p style=\\\"text-align: justify; line-height: normal; background: white;\\\"><span style=\\\"font-size: 11.0pt; font-family: \\'Lato\\',\\'sans-serif\\'; mso-ansi-language: ES;\\\">Adem\u00e1s, se ofrecer\u00e1 la actividad <em>\u201c<em>Disfruta de Mercamadrid con Juan Pozuelo<\/em>\u201d<\/em>, un recorrido guiado por el cocinero madrile\u00f1o.<\/span><\/p>\n<p style=\\\"text-align: justify; line-height: normal; background: white;\\\"><span style=\\\"font-size: 11.0pt; font-family: \\'Lato\\',\\'sans-serif\\'; mso-ansi-language: ES;\\\">Como cada edici\u00f3n, varios restaurantes y bares repartidos por toda la ciudad participan en alguna de las secciones ya habituales, como son <strong>Degustatapas<\/strong> o\u00a0<strong>Nuestras Barras Favoritas con un Rioja.\u00a0<\/strong>El a\u00f1o pasado\u00a0se incorporaron por primera vez a Gastrofestival restaurantes para cel\u00edacos, que ofrecieron men\u00fas especiales al igual que otros muchos locales repartidos por la ciudad.<\/span><\/p>\n<p style=\\\"text-align: justify; line-height: normal; background: white;\\\"><span style=\\\"font-size: 11.0pt; font-family: \\'Lato\\',\\'sans-serif\\'; mso-ansi-language: ES;\\\">A los seis grandes bloques en los que tradicionalmente se divide el programa<strong>\u00a0(Madrid Gastron\u00f3mico, Gastrocultura, Experiencias Sensoriales, Gastrofashion, Enocultura <\/strong>y <strong>Gastrosalud)<\/strong>\u00a0se ha unido en esta edici\u00f3n el\u00a0<strong>Gastrofestival Solidario<\/strong>, que pretende contribuir a la ayuda de personas con menos recursos.<\/span><\/p>\n<p style=\\\"text-align: justify; line-height: normal; background: white;\\\"><span style=\\\"font-size: 11.0pt; font-family: \\'Lato\\',\\'sans-serif\\'; mso-ansi-language: ES;\\\">Dentro de las numerosas actividades del evento, el Centro Cultural Conde Duque ser\u00e1 unos de los principales escenarios acogiendo propuestas como <strong>BarrocoGlam, cheese &#038; wine <\/strong>(degustaci\u00f3n de quesos y vinos con expertos artesanos) o <strong>Pelea de Gallos<\/strong> (en seis tragos).<\/span><\/p>\n<p style=\\\"text-align: justify; line-height: normal; background: white;\\\"><span style=\\\"font-size: 11.0pt; font-family: \\'Lato\\',\\'sans-serif\\'; mso-ansi-language: ES;\\\">As\u00ed mismo, en esta edici\u00f3n tomar\u00e1n parte m\u00e1s de una veintena de museos con curiosas actividades. El <\/span><span lang=\\\"EN-US\\\"><a href=\\\"https:\/\/www.esmadrid.com\/informacion-turistica\/museo-nacional-de-artes-decorativas\\\"><strong><span lang=\\\"ES\\\" style=\\\"font-size: 11pt; font-family: Lato, sans-serif; color: #2d2d2d; text-decoration-line: none;\\\">Museo de Artes Decorativas<\/span><\/strong><\/a><\/span><span style=\\\"font-size: 11.0pt; font-family: \\'Lato\\',\\'sans-serif\\'; mso-ansi-language: ES;\\\"> organizar\u00e1 una visita guiada a sus cocinas valencianas dotadas de azulejos pintados con informaci\u00f3n tanto sobre lo que se hac\u00eda en ella como sobre qu\u00e9 alimentos se serv\u00edan. Una visita que incluir\u00e1 una degustaci\u00f3n de chocolate de San Gin\u00e9s.<\/span><\/p>\n<p style=\\\"text-align: justify; line-height: normal; background: white;\\\"><span style=\\\"font-size: 11.0pt; font-family: \\'Lato\\',\\'sans-serif\\'; mso-ansi-language: ES;\\\">Por su parte, la azotea del <\/span><span lang=\\\"EN-US\\\"><strong><span lang=\\\"ES\\\" style=\\\"font-size: 11pt; font-family: Lato, sans-serif; color: #2d2d2d; text-decoration-line: none;\\\"><a href=\\\"https:\/\/www.esmadrid.com\/informacion-turistica\/circulo-de-bellas-artes\\\">C\u00edrculo de Bellas Artes<\/a>\u00a0<\/span><\/strong><\/span><span style=\\\"font-size: 11.0pt; font-family: \\'Lato\\',\\'sans-serif\\'; mso-ansi-language: ES;\\\">acoger\u00e1 la exposici\u00f3n fotogr\u00e1fica <em>Chef to face<\/em> de <strong>Roberto Ranero <\/strong>donde podr\u00e1n degustarse flores comestibles con dulces en la florister\u00eda Fransen et Lafite o catas y degustaciones en la Galer\u00eda Montsequi.<\/span><\/p>\n<p><span style=\\\"font-size: 11.0pt; font-family: \\'Lato\\',\\'sans-serif\\'; mso-fareast-font-family: Calibri; mso-fareast-theme-font: minor-latin; mso-bidi-font-family: \\'Times New Roman\\'; mso-ansi-language: ES; mso-fareast-language: ES-TRAD; mso-bidi-language: AR-SA;\\\">Podr\u00e1s conocer la programaci\u00f3n completa de actividades en los mercados municipales pinchando <\/span><span lang=\\\"ES-TRAD\\\" style=\\\"font-size: 12.0pt; font-family: \\'Times New Roman\\',\\'serif\\'; mso-fareast-font-family: Calibri; mso-fareast-theme-font: minor-latin; mso-ansi-language: ES-TRAD; mso-fareast-language: ES-TRAD; mso-bidi-language: AR-SA;\\\"><span lang=\\\"ES\\\" style=\\\"font-size: 11.0pt; font-family: \\'Lato\\',\\'sans-serif\\'; mso-ansi-language: ES;\\\"><a href=\\\"https:\/\/www.gastrofestivalmadrid.com\/es\/cabecera\/10\/mercados-de-madrid\\\" target=\\\"_blank\\\">aqu\u00ed<\/a>.<\/span><\/span><span style=\\\"font-size: 11.0pt; font-family: \\'Lato\\',\\'sans-serif\\'; mso-fareast-font-family: Calibri; mso-fareast-theme-font: minor-latin; mso-bidi-font-family: \\'Times New Roman\\'; mso-ansi-language: ES; mso-fareast-language: ES-TRAD; mso-bidi-language: AR-SA;\\\">\u00a0<\/span><\/p>\n","protected":false},"excerpt":{"rendered":"<p>Como en ediciones anteriores, los Mercados municipales madrile\u00f1os aportan&#8230;<\/p>\n","protected":false},"featured_media":7619,"template":"","meta":{"_acf_changed":false},"categories":[],"noticias":[],"class_list":["post-7618","noticias","type-noticias","status-publish","has-post-thumbnail","hentry"],"acf":[],"_links":{"self":[{"href":"https:\/\/test.madridemprende.anovagroup.es\/en\/wp-json\/wp\/v2\/noticias\/7618"}],"collection":[{"href":"https:\/\/test.madridemprende.anovagroup.es\/en\/wp-json\/wp\/v2\/noticias"}],"about":[{"href":"https:\/\/test.madridemprende.anovagroup.es\/en\/wp-json\/wp\/v2\/types\/noticias"}],"version-history":[{"count":0,"href":"https:\/\/test.madridemprende.anovagroup.es\/en\/wp-json\/wp\/v2\/noticias\/7618\/revisions"}],"wp:featuredmedia":[{"embeddable":true,"href":"https:\/\/test.madridemprende.anovagroup.es\/en\/wp-json\/wp\/v2\/media\/7619"}],"wp:attachment":[{"href":"https:\/\/test.madridemprende.anovagroup.es\/en\/wp-json\/wp\/v2\/media?parent=7618"}],"wp:term":[{"taxonomy":"category","embeddable":true,"href":"https:\/\/test.madridemprende.anovagroup.es\/en\/wp-json\/wp\/v2\/categories?post=7618"},{"taxonomy":"noticias","embeddable":true,"href":"https:\/\/test.madridemprende.anovagroup.es\/en\/wp-json\/wp\/v2\/noticias?post=7618"}],"curies":[{"name":"wp","href":"https:\/\/api.w.org\/{rel}","templated":true}]}}