{"id":7622,"date":"2018-01-19T00:00:00","date_gmt":"2018-01-19T00:00:00","guid":{"rendered":"https:\/\/pre.madridemprende.anovagroup.es\/noticias\/jornada-sobre-digitalizacin-del-comercio\/"},"modified":"2022-06-08T11:20:02","modified_gmt":"2022-06-08T09:20:02","slug":"jornada-sobre-digitalizacin-del-comercio","status":"publish","type":"noticias","link":"https:\/\/test.madridemprende.anovagroup.es\/en\/noticias\/jornada-sobre-digitalizacin-del-comercio\/","title":{"rendered":"Jornada sobre Digitalizaci\u00f3n del Comercio"},"content":{"rendered":"<div style=\\\"text-align: justify;\\\"><strong>Concepci\u00f3n D\u00edaz de Villegas,<\/strong> Directora General de Comercio y Emprendimiento del Ayuntamiento de Madrid, inaugur\u00f3 la jornada y destac\u00f3 el apoyo del Ayuntamiento de Madrid para la digitalizaci\u00f3n de los mercados y empresas madrile\u00f1as destacando los proyectos de <a href=\\\"https:\/\/www.mercado47.com\/\\\" target=\\\"_blank\\\">Mercado47<\/a>\u00a0y el buscador <a href=\\\"http:\/\/madrid.onebusiness.place\/\\\" target=\\\"_blank\\\">OneBusinessPlace<\/a>.<\/div>\n<div style=\\\"text-align: justify;\\\">\u00a0<\/div>\n<div style=\\\"text-align: justify;\\\">Los ponentes de la jornada fueron <strong>Antonio Romero de la Llana<\/strong>, de la empresa <a href=\\\"https:\/\/onebusiness.place\/\\\" target=\\\"_blank\\\">One Business Place<\/a>, que expuso el modo formar parte de esta base de datos de peque\u00f1as empresas y negocios locales de forma gratuita, y <strong>Eduardo Elorriaga<\/strong>, de la empresa <a href=\\\"https:\/\/www.hermeneus.es\/\\\" target=\\\"_blank\\\">Hermeneus<\/a>, que explic\u00f3 los aspectos fundamentales a tener en cuenta, en la transici\u00f3n del peque\u00f1o comercio hacia la digitalizaci\u00f3n de su negocio.<\/div>\n<div style=\\\"text-align: justify;\\\">\u00a0<\/div>\n<div style=\\\"text-align: justify;\\\">El objetivo prioritario de la jornada fue acercar a nuestros comerciantes y representantes del comercio las aplicaciones y herramientas que aporten valor para sus empresas y les faciliten el camino del cambio hacia una transici\u00f3n digital de los negocios.<\/div>\n<div style=\\\"text-align: justify;\\\">\u00a0<\/div>\n<div style=\\\"text-align: justify;\\\">Para conocer los pr\u00f3ximos eventos que organizamos no olvides suscribirte a nuestro<a href=\\\"\/es\/suscripcion2\\\" target=\\\"_blank\\\"> bolet\u00edn de actividades<\/a>\u00a0o consultar nuestra <a href=\\\"\/es\/agenda\\\" target=\\\"_blank\\\">agenda<\/a>.<\/div>\n<div style=\\\"text-align: justify;\\\">\u00a0<\/div>\n<div style=\\\"text-align: justify;\\\">\u00a0<\/div>\n","protected":false},"excerpt":{"rendered":"<p>Concepci\u00f3n D\u00edaz de Villegas, Directora General de Comercio y Emprendimiento&#8230;<\/p>\n","protected":false},"featured_media":7623,"template":"","meta":{"_acf_changed":false},"categories":[],"noticias":[],"class_list":["post-7622","noticias","type-noticias","status-publish","has-post-thumbnail","hentry"],"acf":[],"_links":{"self":[{"href":"https:\/\/test.madridemprende.anovagroup.es\/en\/wp-json\/wp\/v2\/noticias\/7622"}],"collection":[{"href":"https:\/\/test.madridemprende.anovagroup.es\/en\/wp-json\/wp\/v2\/noticias"}],"about":[{"href":"https:\/\/test.madridemprende.anovagroup.es\/en\/wp-json\/wp\/v2\/types\/noticias"}],"version-history":[{"count":0,"href":"https:\/\/test.madridemprende.anovagroup.es\/en\/wp-json\/wp\/v2\/noticias\/7622\/revisions"}],"wp:featuredmedia":[{"embeddable":true,"href":"https:\/\/test.madridemprende.anovagroup.es\/en\/wp-json\/wp\/v2\/media\/7623"}],"wp:attachment":[{"href":"https:\/\/test.madridemprende.anovagroup.es\/en\/wp-json\/wp\/v2\/media?parent=7622"}],"wp:term":[{"taxonomy":"category","embeddable":true,"href":"https:\/\/test.madridemprende.anovagroup.es\/en\/wp-json\/wp\/v2\/categories?post=7622"},{"taxonomy":"noticias","embeddable":true,"href":"https:\/\/test.madridemprende.anovagroup.es\/en\/wp-json\/wp\/v2\/noticias?post=7622"}],"curies":[{"name":"wp","href":"https:\/\/api.w.org\/{rel}","templated":true}]}}