{"id":7638,"date":"2018-02-06T00:00:00","date_gmt":"2018-02-06T00:00:00","guid":{"rendered":"https:\/\/pre.madridemprende.anovagroup.es\/noticias\/mesa-redonda-el-impacto-econmico-y-social-de-las-falsificaciones-en-la-moda\/"},"modified":"2022-06-08T11:20:01","modified_gmt":"2022-06-08T09:20:01","slug":"mesa-redonda-el-impacto-econmico-y-social-de-las-falsificaciones-en-la-moda","status":"publish","type":"noticias","link":"https:\/\/test.madridemprende.anovagroup.es\/en\/noticias\/mesa-redonda-el-impacto-econmico-y-social-de-las-falsificaciones-en-la-moda\/","title":{"rendered":"Mesa redonda \u201cEL IMPACTO ECON\u00d3MICO Y SOCIAL DE LAS FALSIFICACIONES EN LA MODA\u201d"},"content":{"rendered":"<p class=\\\"MsoNormal\\\" style=\\\"text-align: justify;\\\"><span lang=\\\"ES-TRAD\\\" style=\\\"font-size: 11pt; font-family: Lato, sans-serif;\\\">EL objetivo de este coloquio, introducido por D. <strong>Jos\u00e9 Antonio Moreno Campos<\/strong> (Director General de <\/span><span lang=\\\"ES-TRAD\\\"><a href=\\\"http:\/\/andema.camaras.org\/\\\"><span style=\\\"font-size: 11.0pt; font-family: \\'Lato\\',\\'sans-serif\\';\\\">ANDEMA<\/span><\/a><\/span><span lang=\\\"ES-TRAD\\\" style=\\\"font-size: 11pt; font-family: Lato, sans-serif;\\\">&#8211; Asociaci\u00f3n Nacional para la Defensa de la Marca) y moderado por D\u00aa <strong>Pilar Ria\u00f1o<\/strong> (Periodista especializada en moda y Directora de <\/span><span lang=\\\"ES-TRAD\\\"><a href=\\\"https:\/\/www.modaes.es\/\\\"><span style=\\\"font-size: 11.0pt; font-family: \\'Lato\\',\\'sans-serif\\';\\\">Modaes.es<\/span><\/a><\/span><span lang=\\\"ES-TRAD\\\" style=\\\"font-size: 11pt; font-family: Lato, sans-serif;\\\">), fue la de concienciar sobre el impacto tanto econ\u00f3mico para el sector de la moda en todas las fases de creaci\u00f3n, producci\u00f3n y distribuci\u00f3n, como social en lo relativo a la perdida de puestos de trabajo. <\/span><\/p>\n<p class=\\\"MsoNormal\\\" style=\\\"text-align: justify;\\\"><span lang=\\\"ES-TRAD\\\" style=\\\"font-size: 11pt; font-family: Lato, sans-serif;\\\">El turno inicial de palabra correspondi\u00f3 a <strong>Jos\u00e9 Antonio Moreno Campos (<\/strong>Director General <\/span><span lang=\\\"ES-TRAD\\\"><a href=\\\"http:\/\/andema.camaras.org\/\\\"><span style=\\\"font-size: 11.0pt; font-family: \\'Lato\\',\\'sans-serif\\';\\\">ANDEMA<\/span><\/a><\/span><span lang=\\\"ES-TRAD\\\" style=\\\"font-size: 11pt; font-family: Lato, sans-serif;\\\">) que realiz\u00f3 una presentaci\u00f3n sobre la la situaci\u00f3n actual de la venta de productos falsificados realizada por su asociaci\u00f3n. Entre los datos fundamentales destacan:<\/span><\/p>\n<ul>\n<li><span lang=\\\"ES-TRAD\\\" style=\\\"font-size: 11pt; font-family: Lato, sans-serif;\\\">El 80% de los productos falsificados provienen de China<\/span><\/li>\n<li><span lang=\\\"ES-TRAD\\\" style=\\\"font-size: 11pt; font-family: Lato, sans-serif;\\\"><span lang=\\\"ES-TRAD\\\" style=\\\"font-size: 11pt;\\\">El impacto econ\u00f3mico de las falsificaciones\u00a0 supone un total de 29.816 millones de \u20ac en la uni\u00f3n europea<\/span><\/span><\/li>\n<li><span lang=\\\"ES-TRAD\\\" style=\\\"font-size: 11pt; font-family: Lato, sans-serif;\\\"><span lang=\\\"ES-TRAD\\\" style=\\\"font-size: 11pt;\\\"><span lang=\\\"ES-TRAD\\\" style=\\\"font-size: 11pt;\\\">Se estima que el mercado de productos falsos ha contribuido a la perdida de 383.700 puestos de trabajo<\/span><\/span><\/span><\/li>\n<li><span lang=\\\"ES-TRAD\\\" style=\\\"font-size: 11pt; font-family: Lato, sans-serif;\\\"><span lang=\\\"ES-TRAD\\\" style=\\\"font-size: 11pt;\\\"><span lang=\\\"ES-TRAD\\\" style=\\\"font-size: 11pt;\\\">En cuanto a los impuesto no recaudados se habla de cifras que rondan los 9.216 millones de \u20ac en la uni\u00f3n europea.<\/span><\/span><\/span><\/li>\n<\/ul>\n<p class=\\\"MsoListParagraphCxSpLast\\\" style=\\\"text-align: justify; text-indent: -18.0pt; mso-list: l0 level1 lfo1;\\\"><!-- [if !supportLists]--><span lang=\\\"ES-TRAD\\\" style=\\\"font-size: 11pt; font-family: Symbol;\\\">\u00b7<span style=\\\"font-variant-numeric: normal; font-variant-east-asian: normal; font-stretch: normal; font-size: 7pt; line-height: normal; font-family: \\'Times New Roman\\';\\\">\u00a0 \u00a0 \u00a0 \u00a0 \u00a0<\/span><\/span><span lang=\\\"ES-TRAD\\\" style=\\\"font-size: 11pt; font-family: Lato, sans-serif;\\\">Tras su exposici\u00f3n, la moderadora de la mesa <strong>Pilar Ria\u00f1o y <\/strong>Directora de <\/span><span lang=\\\"ES-TRAD\\\"><a href=\\\"https:\/\/www.modaes.es\/\\\"><span style=\\\"font-size: 11.0pt; font-family: \\'Lato\\',\\'sans-serif\\';\\\">Modaes.es<\/span><\/a><\/span><span lang=\\\"ES-TRAD\\\" style=\\\"font-size: 11pt; font-family: Lato, sans-serif;\\\"> dio paso a cada uno de los ponentes:<\/span><\/p>\n<p class=\\\"MsoNormal\\\" style=\\\"text-align: justify;\\\"><strong><span lang=\\\"ES-TRAD\\\" style=\\\"font-size: 11pt; font-family: Lato, sans-serif;\\\">F\u00e9lix Bellido<\/span><\/strong><span lang=\\\"ES-TRAD\\\" style=\\\"font-size: 11pt; font-family: Lato, sans-serif;\\\"> (Presidente de ASEFMA, <\/span><span lang=\\\"ES-TRAD\\\"><a href=\\\"http:\/\/asefma.com\/\\\"><span style=\\\"font-size: 11.0pt; font-family: \\'Lato\\',\\'sans-serif\\';\\\">Asociaci\u00f3n Espa\u00f1ola de Fabricantes de Marroquiner\u00eda<\/span><\/a><\/span><span lang=\\\"ES-TRAD\\\" style=\\\"font-size: 11.0pt; font-family: \\'Lato\\',\\'sans-serif\\';\\\">) hizo hincapi\u00e9 en que las falsificaciones no s\u00f3lo tiene impacto en las marcas de lujo a las que se copia, sino que afectan a las PYMEs e industrias auxiliares rest\u00e1ndolas un importante volumen de ventas.<\/span><\/p>\n<p class=\\\"MsoNormal\\\" style=\\\"text-align: justify;\\\"><span lang=\\\"ES-TRAD\\\" style=\\\"font-size: 11.0pt; font-family: \\'Lato\\',\\'sans-serif\\'; mso-fareast-font-family: \\'Times New Roman\\'; color: #14171a; background: white;\\\">En su intervenci\u00f3n, <strong>Modesto Lomba<\/strong> (Dise\u00f1ador y Presidente ACME, <\/span><span lang=\\\"ES-TRAD\\\"><a href=\\\"http:\/\/creadores.org\/\\\"><span style=\\\"font-size: 11.0pt; font-family: \\'Lato\\',\\'sans-serif\\'; mso-fareast-font-family: \\'Times New Roman\\'; background: white;\\\">Asociaci\u00f3n de Creadores de Moda de Espa\u00f1a<\/span><\/a><\/span><span lang=\\\"ES-TRAD\\\" style=\\\"font-size: 11.0pt; font-family: \\'Lato\\',\\'sans-serif\\'; mso-fareast-font-family: \\'Times New Roman\\'; color: #14171a; background: white;\\\">) destac\u00f3 que uno de los peligros inherentes a los falsificaciones es el uso de productos qu\u00edmicos no autorizados y nocivos para la salud de los consumidores. Asimismo declar\u00f3: \u201cA un creador no le debe preocupar la copia o imitaci\u00f3n, ya que de su trabajo nacen las tendencias, pero s\u00ed de las falsificaciones porque no solo afectan a copiar un producto si no todo lo que supone una marca, &#8230;\u201d y \u201cEl precio no es el \u00fanico factor en la compra de #falsificaciones si no educaci\u00f3n del propio consumidor en la compra de productos aut\u00e9nticos\u201d<\/span><\/p>\n<p class=\\\"MsoNormal\\\" style=\\\"text-align: justify;\\\"><strong><span lang=\\\"ES-TRAD\\\" style=\\\"font-size: 11pt; font-family: Lato, sans-serif;\\\">Neil Fern\u00e1ndez<\/span><\/strong><span lang=\\\"ES-TRAD\\\" style=\\\"font-size: 11pt; font-family: Lato, sans-serif;\\\"> (Presidente de Regalo Fama, <\/span><span lang=\\\"ES-TRAD\\\"><a href=\\\"http:\/\/regalofama.com\/\\\"><span style=\\\"font-size: 11.0pt; font-family: \\'Lato\\',\\'sans-serif\\';\\\">Asociaci\u00f3n Empresarial de Fabricantes y Comerciantes de Art\u00edculos de Regalo<\/span><\/a><\/span><span lang=\\\"ES-TRAD\\\" style=\\\"font-size: 11pt; font-family: Lato, sans-serif;\\\">) puso en valor la existencia de una gran industria de peque\u00f1os comerciantes, pymes y aut\u00f3nomos que trabajan para las grandes marcas y que por lo tanto se ven afectados por el problema de las falsificaciones en diversos mercados.<\/span><\/p>\n<p class=\\\"MsoNormal\\\" style=\\\"text-align: justify;\\\"><strong><span lang=\\\"ES-TRAD\\\" style=\\\"font-size: 11pt; font-family: Lato, sans-serif;\\\">\u00c1ngel Asensio<\/span><\/strong><span lang=\\\"ES-TRAD\\\" style=\\\"font-size: 11pt; font-family: Lato, sans-serif;\\\"> (Presidente de FEDECON, Federaci\u00f3n espa\u00f1ola de empresas de Confecci\u00f3n) hizo alusi\u00f3n en su intervenci\u00f3n a la responsabilidad en la que incurre tambi\u00e9n el consumidor al adquirir productos falsificados.<\/span><\/p>\n<p class=\\\"MsoNormal\\\" style=\\\"text-align: justify;\\\">La mesa redonda finaliz\u00f3 con una rueda de preguntas por parte de los asistentes.<\/p>\n<p class=\\\"MsoNormal\\\" style=\\\"text-align: justify;\\\"><span lang=\\\"ES-TRAD\\\" style=\\\"font-size: 11pt; font-family: Lato, sans-serif;\\\">Pincha <\/span><span lang=\\\"ES-TRAD\\\"><a href=\\\"http:\/\/www.ifema.es\/madridjoya_06\/\\\"><span style=\\\"font-size: 11.0pt; font-family: \\'Lato\\',\\'sans-serif\\'; mso-fareast-font-family: \\'Times New Roman\\';\\\">aqu\u00ed<\/span><\/a><\/span><span lang=\\\"ES-TRAD\\\" style=\\\"font-size: 11.0pt; font-family: \\'Lato\\',\\'sans-serif\\';\\\"> para saber m\u00e1s sobre la feria Madrid Joya.<\/span><\/p>\n","protected":false},"excerpt":{"rendered":"<p>EL objetivo de este coloquio, introducido por D. Jos\u00e9 Antonio Moreno Campos&#8230;<\/p>\n","protected":false},"featured_media":7639,"template":"","meta":{"_acf_changed":false},"categories":[],"noticias":[],"class_list":["post-7638","noticias","type-noticias","status-publish","has-post-thumbnail","hentry"],"acf":[],"_links":{"self":[{"href":"https:\/\/test.madridemprende.anovagroup.es\/en\/wp-json\/wp\/v2\/noticias\/7638"}],"collection":[{"href":"https:\/\/test.madridemprende.anovagroup.es\/en\/wp-json\/wp\/v2\/noticias"}],"about":[{"href":"https:\/\/test.madridemprende.anovagroup.es\/en\/wp-json\/wp\/v2\/types\/noticias"}],"version-history":[{"count":0,"href":"https:\/\/test.madridemprende.anovagroup.es\/en\/wp-json\/wp\/v2\/noticias\/7638\/revisions"}],"wp:featuredmedia":[{"embeddable":true,"href":"https:\/\/test.madridemprende.anovagroup.es\/en\/wp-json\/wp\/v2\/media\/7639"}],"wp:attachment":[{"href":"https:\/\/test.madridemprende.anovagroup.es\/en\/wp-json\/wp\/v2\/media?parent=7638"}],"wp:term":[{"taxonomy":"category","embeddable":true,"href":"https:\/\/test.madridemprende.anovagroup.es\/en\/wp-json\/wp\/v2\/categories?post=7638"},{"taxonomy":"noticias","embeddable":true,"href":"https:\/\/test.madridemprende.anovagroup.es\/en\/wp-json\/wp\/v2\/noticias?post=7638"}],"curies":[{"name":"wp","href":"https:\/\/api.w.org\/{rel}","templated":true}]}}