{"id":7700,"date":"2018-04-06T00:00:00","date_gmt":"2018-04-06T00:00:00","guid":{"rendered":"https:\/\/pre.madridemprende.anovagroup.es\/noticias\/coffee-break-con-sergio-lourenso-del-cdti\/"},"modified":"2022-06-08T11:19:54","modified_gmt":"2022-06-08T09:19:54","slug":"coffee-break-con-sergio-lourenso-del-cdti","status":"publish","type":"noticias","link":"https:\/\/test.madridemprende.anovagroup.es\/en\/noticias\/coffee-break-con-sergio-lourenso-del-cdti\/","title":{"rendered":"Coffee Break con Sergio Lourenso del CDTI"},"content":{"rendered":"<p class=\\\"MsoNormal\\\" style=\\\"text-align: justify;\\\"><span style=\\\"font-size: 12pt; font-family: verdana, geneva;\\\"><strong style=\\\"mso-bidi-font-weight: normal;\\\"><span lang=\\\"ES-TRAD\\\">Sergio Lourenso<\/span><\/strong><span lang=\\\"ES-TRAD\\\"> est<\/span><span lang=\\\"ES-TRAD\\\">\u00e9cnico en la Direcci\u00f3n de Promoci\u00f3n y Cooperaci\u00f3n, responsable del asesoramiento a empresas de los sectores de manufactura tradicional e industria de bienes de consumo basados en dise\u00f1o del <\/span><span lang=\\\"ES-TRAD\\\"><a href=\\\"https:\/\/www.cdti.es\/\\\">CDTI<\/a><\/span><span lang=\\\"ES-TRAD\\\"> desde el a\u00f1o 2010.<\/span><\/span><\/p>\n<p style=\\\"text-align: justify; background: white; margin: 0cm 0cm 9.0pt 0cm;\\\"><span style=\\\"font-size: 12pt; font-family: verdana, geneva;\\\"><span lang=\\\"ES-TRAD\\\">El <\/span><span lang=\\\"ES-TRAD\\\"><a href=\\\"https:\/\/www.cdti.es\/\\\">CDTI o Centro para el Desarrollo Tecnol\u00f3gico Industrial<\/a><\/span><span lang=\\\"ES-TRAD\\\"> es una entidad p\u00fablica empresarial, dependiente del Ministerio de Econom\u00eda, Industria y Competitividad,\u00a0que promueve\u00a0<span style=\\\"mso-bidi-font-weight: bold;\\\">la innovaci\u00f3n y el desarrollo tecnol\u00f3gico<\/span>\u00a0de las empresas espa\u00f1olas.\u00a0<span style=\\\"mso-bidi-font-weight: bold;\\\">Es la entidad que canaliza<\/span>\u00a0las solicitudes\u00a0de\u00a0<span style=\\\"mso-bidi-font-weight: bold;\\\">financiaci\u00f3n<\/span>\u00a0<span style=\\\"mso-bidi-font-weight: bold;\\\">y apoyo<\/span>\u00a0a los\u00a0<span style=\\\"mso-bidi-font-weight: bold;\\\">proyectos de\u00a0I+D+i\u00a0de empresas espa\u00f1olas<\/span>\u00a0en\u00a0los \u00e1mbitos estatal e internacional.\u00a0As\u00ed pues, el\u00a0objetivo del CDTI es contribuir a la\u00a0<span style=\\\"mso-bidi-font-weight: bold;\\\">mejora del niveltecnol\u00f3gico<\/span>\u00a0de las empresas espa\u00f1olas.<\/span><\/span><\/p>\n<p class=\\\"MsoNormal\\\" style=\\\"margin-bottom: 22.5pt; text-align: justify; background: white;\\\"><span lang=\\\"ES-TRAD\\\" style=\\\"font-family: verdana, geneva; font-size: 12pt;\\\">En su charla Sergio expuso las ayudas y servicios con los que cuenta el CDTI para conseguir financiaci\u00f3n para emprendedores y Pymes, haciendo especial hincapi\u00e9 en los siguientes puntos:<\/span><\/p>\n<ul>\n<li><span style=\\\"font-size: 12pt; font-family: verdana, geneva;\\\">L\u00ednea de financiaci\u00f3n <a href=\\\"http:\/\/www.cdti.es\/index.asp?MP=4&#038;MS=0&#038;MN=1&#038;textobuscado=neotec&#038;tipo=1&#038;TR=A&#038;IDR=38&#038;tipoO=Contenido&#038;id=2580&#038;xtmc=neotec&#038;xtcr=14\\\" target=\\\"_blank\\\">NEOTEC<\/a>, subvenci\u00f3n que cuenta con un presupuesto de 25 millones de \u20ac en los que financian hasta el 70% del presupuesto del proyecto y conceptos como equipos, material, colaboraciones externas, asesor\u00eda, etc.<\/span><\/li>\n<li><span style=\\\"font-size: 12pt; font-family: verdana, geneva;\\\">Los criterios de selecci\u00f3n de los proyectos de NEOTEC son que el proyecto explote una necesidad del mercado, que tengan capacidad tecnol\u00f3gica, capacidad de gesti\u00f3n del equipo suficiente, y que demuestren una eficaz gesti\u00f3n financiera<\/span><\/li>\n<li><span style=\\\"font-size: 12pt; font-family: verdana, geneva;\\\">Con la l\u00ednea NEOTEC el CDTI puede financiar a proyectos de cualquier sector. Entre los sectores que m\u00e1s solicitan las ayudas est\u00e1n las Nuevas Tecnolog\u00edas, Energ\u00eda, Telecomunicaciones y Sanidad.<\/span><\/li>\n<li><span style=\\\"font-size: 12pt; font-family: verdana, geneva;\\\">Sergio continu\u00f3 desgranando las las novedades y mejoras de las l\u00edneas de financiaci\u00f3n del CDTI: ID, LIC, CIEN, INNOGLOBAL e ITC.<\/span><\/li>\n<li><span style=\\\"font-size: 12pt; font-family: verdana, geneva;\\\">Para finalizar se hizo menci\u00f3n a los nuevos instrumentos de financiaci\u00f3n: entre ellos: Horizonte Pyme, Pruebas de Concepto, Red Cervera, LICa, etc.<\/span><\/li>\n<\/ul>\n<p class=\\\"MsoNormal\\\" style=\\\"text-align: justify; background: white; margin: 0cm 0cm 22.5pt 18.0pt;\\\"><span lang=\\\"ES-TRAD\\\" style=\\\"font-family: verdana, geneva; font-size: 12pt;\\\">Una vez finalizada la parte pr\u00e1ctica los asistentes compartieron un caf\u00e9 y una sesi\u00f3n de <em style=\\\"mso-bidi-font-style: normal;\\\">networking<\/em> en la zona com\u00fan del vivero de San Blas.<\/span><\/p>\n<p class=\\\"MsoNormal\\\" style=\\\"text-align: justify; background: white; margin: 0cm 0cm 22.5pt 18.0pt;\\\"><span style=\\\"font-size: 12pt; font-family: verdana, geneva;\\\"><span lang=\\\"ES-TRAD\\\">Para asistir a los\u00a0<\/span><span lang=\\\"ES-TRAD\\\"><a href=\\\"\/es\/apoyo-integral-al-emprendimiento\/formacion-y-networking\/coffee-break\\\"><em><span style=\\\"color: windowtext;\\\">Coffee Break<\/span><\/em><span style=\\\"color: windowtext;\\\">s<\/span><\/a><\/span><span lang=\\\"ES-TRAD\\\">\u00a0u otros eventos que organizamos no olvides\u00a0<\/span><span lang=\\\"ES-TRAD\\\"><a href=\\\"\/es\/suscripcion2\\\" target=\\\"_blank\\\"><span style=\\\"color: windowtext;\\\">suscribirte a nuestro bolet\u00edn<\/span><\/a><\/span><span lang=\\\"ES-TRAD\\\">\u00a0de actividades o consultar nuestra\u00a0<\/span><span lang=\\\"ES-TRAD\\\"><a href=\\\"\/es\/agenda\\\" target=\\\"_blank\\\"><span style=\\\"color: windowtext;\\\">agenda<\/span><\/a><\/span><span lang=\\\"ES-TRAD\\\">.\u00a0<\/span><\/span><\/p>\n","protected":false},"excerpt":{"rendered":"<p>Sergio Lourenso est\u00e9cnico en la Direcci\u00f3n de Promoci\u00f3n y Cooperaci\u00f3n,&#8230;<\/p>\n","protected":false},"featured_media":7701,"template":"","meta":{"_acf_changed":false},"categories":[],"noticias":[],"class_list":["post-7700","noticias","type-noticias","status-publish","has-post-thumbnail","hentry"],"acf":[],"_links":{"self":[{"href":"https:\/\/test.madridemprende.anovagroup.es\/en\/wp-json\/wp\/v2\/noticias\/7700"}],"collection":[{"href":"https:\/\/test.madridemprende.anovagroup.es\/en\/wp-json\/wp\/v2\/noticias"}],"about":[{"href":"https:\/\/test.madridemprende.anovagroup.es\/en\/wp-json\/wp\/v2\/types\/noticias"}],"version-history":[{"count":0,"href":"https:\/\/test.madridemprende.anovagroup.es\/en\/wp-json\/wp\/v2\/noticias\/7700\/revisions"}],"wp:featuredmedia":[{"embeddable":true,"href":"https:\/\/test.madridemprende.anovagroup.es\/en\/wp-json\/wp\/v2\/media\/7701"}],"wp:attachment":[{"href":"https:\/\/test.madridemprende.anovagroup.es\/en\/wp-json\/wp\/v2\/media?parent=7700"}],"wp:term":[{"taxonomy":"category","embeddable":true,"href":"https:\/\/test.madridemprende.anovagroup.es\/en\/wp-json\/wp\/v2\/categories?post=7700"},{"taxonomy":"noticias","embeddable":true,"href":"https:\/\/test.madridemprende.anovagroup.es\/en\/wp-json\/wp\/v2\/noticias?post=7700"}],"curies":[{"name":"wp","href":"https:\/\/api.w.org\/{rel}","templated":true}]}}