{"id":7702,"date":"2018-04-10T00:00:00","date_gmt":"2018-04-10T00:00:00","guid":{"rendered":"https:\/\/pre.madridemprende.anovagroup.es\/noticias\/tu-compra-a-pedales-proyecto-piloto-de-reparto-a-domicilio-en-bicicleta-en-el-mercado-municipal-de-villa-de-vallecas\/"},"modified":"2022-06-08T11:19:53","modified_gmt":"2022-06-08T09:19:53","slug":"tu-compra-a-pedales-proyecto-piloto-de-reparto-a-domicilio-en-bicicleta-en-el-mercado-municipal-de-villa-de-vallecas","status":"publish","type":"noticias","link":"https:\/\/test.madridemprende.anovagroup.es\/en\/noticias\/tu-compra-a-pedales-proyecto-piloto-de-reparto-a-domicilio-en-bicicleta-en-el-mercado-municipal-de-villa-de-vallecas\/","title":{"rendered":"\u00bfTu compra a pedales? \u2013 Proyecto piloto de reparto a domicilio en bicicleta en el Mercado Municipal de Villa de Vallecas"},"content":{"rendered":"<p class=\\\"MsoNormal\\\" style=\\\"text-align: justify; text-justify: inter-ideograph;\\\"><span style=\\\"font-family: \\'Lato\\',\\'sans-serif\\';\\\">Las<\/span><span style=\\\"font-family: \\'Lato\\',\\'sans-serif\\'; mso-bidi-font-family: Calibri; mso-fareast-language: ES;\\\"> diferentes modalidades de compra est\u00e1n impulsando que los comercios tengan que ofrecer nuevos servicios que mejoren su competitividad hacia sus clientes; entre ellos, los referidos al transporte de los productos, con f\u00f3rmulas como el env\u00edo a domicilio, e-commerce, etc.<\/span><\/p>\n<p class=\\\"MsoNormal\\\" style=\\\"text-align: justify; text-justify: inter-ideograph;\\\"><span style=\\\"font-family: \\'Lato\\',\\'sans-serif\\'; mso-bidi-font-family: Calibri; mso-fareast-language: ES;\\\">\u00a0<\/span>Es necesario contribuir a buscar soluciones que permitan impulsar el tejido comercial madrile\u00f1o y los mercados municipales, dada su especificidad como f\u00f3rmula comercial y por su importante papel articulador de la vida de los barrios, pero todo ello de una forma sostenible y respetuosa con el medio ambiente.<\/p>\n<p class=\\\"MsoNormal\\\" style=\\\"text-align: justify; text-justify: inter-ideograph;\\\"><span style=\\\"font-family: \\'Lato\\',\\'sans-serif\\'; mso-bidi-font-family: Calibri; mso-fareast-language: ES; mso-bidi-font-style: italic;\\\">\u00a0<\/span>El uso de transportes alternativos y no contaminantes como la bicicleta y el triciclo pueden ser en un futuro cercano un \u201cmotor limpio\u201d que impulse nuevas formas de log\u00edstica para el comercio de proximidad de Madrid.<\/p>\n<p class=\\\"MsoNormal\\\" style=\\\"text-align: justify; text-justify: inter-ideograph;\\\"><span style=\\\"font-family: \\'Lato\\',\\'sans-serif\\'; mso-bidi-font-family: Calibri;\\\">\u00a0<\/span><\/p>\n<p class=\\\"MsoNormal\\\" style=\\\"text-align: justify; text-justify: inter-ideograph;\\\"><strong><span style=\\\"font-family: \\'Lato\\',\\'sans-serif\\';\\\">\u00bfC\u00f3mo se realizar\u00e1 la experiencia piloto?<\/span><\/strong><\/p>\n<p class=\\\"MsoNormal\\\" style=\\\"text-align: justify; text-justify: inter-ideograph;\\\"><span style=\\\"font-family: \\'Lato\\',\\'sans-serif\\';\\\">\u00a0<\/span><\/p>\n<p class=\\\"MsoNormal\\\" style=\\\"text-align: justify; text-justify: inter-ideograph;\\\"><span style=\\\"font-family: \\'Lato\\',\\'sans-serif\\'; mso-bidi-font-family: Calibri; mso-fareast-language: ES; mso-bidi-font-style: italic;\\\">Los clientes har\u00e1n su compra en cualquier puesto del mercado y de forma gratuita ser\u00e1 entregada en su domicilio en el horario elegido<\/span><span style=\\\"font-family: \\'Lato\\',\\'sans-serif\\';\\\">.<\/span><\/p>\n<p class=\\\"MsoNormal\\\" style=\\\"text-align: justify; text-justify: inter-ideograph;\\\"><span style=\\\"font-family: \\'Lato\\',\\'sans-serif\\';\\\">\u00a0<\/span>El cliente que solicite el env\u00edo a domicilio recoger\u00e1 una plantilla de pegatinas con un n\u00famero identificativo \u00fanico. Se completar\u00e1n sus datos (nombre, tel\u00e9fono y direcci\u00f3n) y dispondr\u00e1 de 7 pegatinas para entregar en otro tantos puestos del mercado.<\/p>\n<p class=\\\"MsoNormal\\\" style=\\\"text-align: justify; text-justify: inter-ideograph;\\\"><span style=\\\"font-family: \\'Lato\\',\\'sans-serif\\';\\\">\u00a0<\/span>En las horas concertadas de reparto a domicilio el bicimensajero recoger\u00e1 todas las bolsas de compras con mismo n\u00famero y las guardar\u00e1 en el triciclo, con caja cerrada, en bolsas isot\u00e9rmicas y realizar\u00e1 una peque\u00f1a encuesta de satisfacci\u00f3n (bien, normal, mal), se preguntar\u00e1 por precio que pagar\u00eda por tal servicio y por lo que no le gusta del mismo.\u00a0 Asimismo, en el mercado se encuestar\u00e1 a los comerciantes al finalizar el d\u00eda recabando las sugerencias y reclamaciones. En base a ello el funcionamiento podr\u00e1 recibir cambios en d\u00edas sucesivos para adaptar el servicio.<\/p>\n<p class=\\\"MsoNormal\\\" style=\\\"text-align: justify; text-justify: inter-ideograph;\\\"><span style=\\\"font-family: \\'Lato\\',\\'sans-serif\\'; mso-bidi-font-family: Calibri; mso-fareast-language: ES; mso-bidi-font-style: italic;\\\">\u00a0<\/span><span style=\\\"font-family: \\'Lato\\',\\'sans-serif\\'; mso-bidi-font-family: Calibri; mso-fareast-language: ES; mso-bidi-font-style: italic;\\\">El env\u00edo no tendr\u00e1 coste alguno para el cliente, ya qu\u00e9 se trata de un proyecto piloto para explorar formas alternativas de reparto de productos frescos en la ciudad de Madrid, y la <\/span><span style=\\\"font-family: \\'Lato\\',\\'sans-serif\\'; mso-bidi-font-family: Calibri;\\\">consecuente reducci\u00f3n de emisiones contaminantes y ocupaci\u00f3n de espacio p\u00fablico est\u00e1 en l\u00ednea con el plan municipal de Calidad del Aire.<\/span><\/p>\n<p class=\\\"MsoNormal\\\" style=\\\"text-align: justify; text-justify: inter-ideograph;\\\"><span style=\\\"font-family: \\'Lato\\',\\'sans-serif\\'; mso-bidi-font-family: Calibri;\\\">\u00a0<\/span><\/p>\n<p class=\\\"MsoNormal\\\" style=\\\"text-align: justify; text-justify: inter-ideograph;\\\"><span style=\\\"font-family: \\'Lato\\',\\'sans-serif\\'; mso-bidi-font-family: Calibri;\\\">\u00a0<\/span><strong><span style=\\\"font-family: \\'Lato\\',\\'sans-serif\\';\\\">\u00bfD\u00f3nde?\u00bfCu\u00e1ndo?<\/span><\/strong><\/p>\n<p class=\\\"MsoNormal\\\" style=\\\"text-align: justify; text-justify: inter-ideograph;\\\"><span style=\\\"font-family: \\'Lato\\',\\'sans-serif\\';\\\">\u00a0<\/span><\/p>\n<p class=\\\"MsoNormal\\\" style=\\\"text-align: justify; text-justify: inter-ideograph;\\\"><span style=\\\"font-family: \\'Lato\\',\\'sans-serif\\';\\\">La experiencia piloto se desarrollar\u00e1 los d\u00edas <\/span><span style=\\\"font-family: \\'Lato\\',\\'sans-serif\\'; mso-bidi-font-family: Calibri; mso-fareast-language: ES; mso-bidi-font-style: italic;\\\">12, 13, 14, 19, 20 y 21 de abril, en el <\/span><a href=\\\"\/es\/comercio-y-mercados\/mercados-municipales\/actividades-y-promocion\/NewsModule\/displayNewsSeo\/finalizan-las-obras-de-remodelacin-del-mercado-municipal-de-villa-de-vallecas-6bddcbd9930b2c61d29b7da1eafb9b62\/e149cc6b9c538\\\"><span style=\\\"font-family: \\'Lato\\',\\'sans-serif\\'; mso-bidi-font-family: Calibri; mso-fareast-language: ES; mso-bidi-font-style: italic;\\\">Mercado Municipal Villa de Vallecas<\/span><\/a><span style=\\\"font-family: \\'Lato\\',\\'sans-serif\\'; mso-bidi-font-family: Calibri; mso-fareast-language: ES; mso-bidi-font-style: italic;\\\">. <\/span><\/p>\n<p class=\\\"MsoNormal\\\" style=\\\"text-align: justify; text-justify: inter-ideograph;\\\"><span style=\\\"font-family: \\'Lato\\',\\'sans-serif\\'; mso-bidi-font-family: Calibri; mso-fareast-language: ES; mso-bidi-font-style: italic;\\\">\u00a0<\/span>Las zonas de reparto ser\u00e1n las del casco hist\u00f3rico y ensanche de Vallecas.<\/p>\n<p class=\\\"MsoNormal\\\" style=\\\"text-align: justify; text-justify: inter-ideograph;\\\"><span style=\\\"font-family: \\'Lato\\',\\'sans-serif\\';\\\">\u00a0<\/span><\/p>\n<p class=\\\"MsoNormal\\\" style=\\\"text-align: justify; text-justify: inter-ideograph;\\\"><strong><span style=\\\"font-family: \\'Lato\\',\\'sans-serif\\';\\\">\u00bfQui\u00e9n realiza el env\u00edo?<\/span><\/strong><\/p>\n<p class=\\\"MsoNormal\\\" style=\\\"text-align: justify; text-justify: inter-ideograph;\\\"><span style=\\\"font-family: \\'Lato\\',\\'sans-serif\\';\\\">\u00a0<\/span><span style=\\\"font-family: \\'Lato\\',\\'sans-serif\\'; mso-bidi-font-family: Calibri;\\\">Martino Correggiari, experimentado bicimensajero en Madrid, ser\u00e1 el encargado del reparto en triciclo. Ha trabajado para <\/span><a href=\\\"https:\/\/deliveroo.es\/es\/\\\"><span style=\\\"font-family: \\'Lato\\',\\'sans-serif\\'; mso-bidi-font-family: Calibri;\\\">Deliveroo<\/span><\/a><span style=\\\"font-family: \\'Lato\\',\\'sans-serif\\'; mso-bidi-font-family: Calibri;\\\"> y actualmente lo hace para la empresa Mensos de reparto en bicis.<\/span><\/p>\n<p class=\\\"MsoNormal\\\" style=\\\"text-align: justify; text-justify: inter-ideograph;\\\"><span style=\\\"font-family: \\'Lato\\',\\'sans-serif\\'; mso-bidi-font-family: Calibri;\\\">\u00a0<\/span><span style=\\\"font-family: \\'Lato\\',\\'sans-serif\\'; mso-bidi-font-family: Calibri;\\\">Miguel Samperio, consultor en <\/span><a href=\\\"http:\/\/www.ebxm.es\/\\\"><span style=\\\"font-family: \\'Lato\\',\\'sans-serif\\'; mso-bidi-font-family: Calibri;\\\">EBxM<\/span><\/a><span style=\\\"font-family: \\'Lato\\',\\'sans-serif\\'; mso-bidi-font-family: Calibri;\\\">, ser\u00e1 la persona presente en el interior del mercado junto a la bici de carga de exposici\u00f3n. Si surgiera alg\u00fan problema con el triciclo se dispone de ella para reemplazo o sustituci\u00f3n.<\/span><\/p>\n<p class=\\\"MsoNormal\\\" style=\\\"text-align: justify; text-justify: inter-ideograph;\\\"><span style=\\\"font-family: \\'Lato\\',\\'sans-serif\\'; mso-bidi-font-family: Calibri;\\\">\u00a0<\/span><\/p>\n<p class=\\\"MsoNormal\\\" style=\\\"text-align: justify; text-justify: inter-ideograph;\\\"><span lang=\\\"ES-TRAD\\\" style=\\\"font-family: Lato, sans-serif;\\\">Si quieres conocer los eventos que organizamos no olvides\u00a0<\/span><a href=\\\"\/es\/suscripcion2\\\" target=\\\"_blank\\\"><span lang=\\\"ES-TRAD\\\" style=\\\"font-family: Lato, sans-serif; color: #e20377; text-decoration-line: none;\\\">suscribirte a nuestro bolet\u00edn<\/span><\/a><span lang=\\\"ES-TRAD\\\" style=\\\"font-family: \\'Lato\\',\\'sans-serif\\'; mso-fareast-font-family: \\'Times New Roman\\'; color: #555555; mso-ansi-language: ES-TRAD; mso-fareast-language: ES-TRAD;\\\">\u00a0<\/span><span lang=\\\"ES-TRAD\\\" style=\\\"font-family: Lato, sans-serif;\\\">de actividades o consultar nuestra\u00a0<\/span><a href=\\\"\/es\/agenda\\\" target=\\\"_blank\\\"><span lang=\\\"ES-TRAD\\\" style=\\\"font-family: Lato, sans-serif; color: #e20377; text-decoration-line: none;\\\">agenda<\/span><\/a><span lang=\\\"ES-TRAD\\\" style=\\\"font-family: \\'Lato\\',\\'sans-serif\\'; mso-fareast-font-family: \\'Times New Roman\\'; color: #555555; mso-ansi-language: ES-TRAD; mso-fareast-language: ES-TRAD;\\\">.<\/span><\/p>\n<p class=\\\"MsoNormal\\\" style=\\\"text-align: justify; text-justify: inter-ideograph;\\\"><span lang=\\\"ES-TRAD\\\" style=\\\"font-family: \\'Lato\\',\\'sans-serif\\'; mso-fareast-font-family: \\'Times New Roman\\'; color: #555555; mso-ansi-language: ES-TRAD; mso-fareast-language: ES-TRAD;\\\">\u00a0<\/span><span lang=\\\"ES-TRAD\\\" style=\\\"font-family: Lato, sans-serif;\\\">Visita nuestra web para conocer las acciones que realizamos en temas relacionados con el comercio y los\u00a0<\/span><a href=\\\"\/es\/comercio-y-mercados\\\" target=\\\"_blank\\\"><span lang=\\\"ES-TRAD\\\" style=\\\"font-family: Lato, sans-serif; color: #e20377; text-decoration-line: none;\\\">mercados municipales<\/span><\/a><span lang=\\\"ES-TRAD\\\" style=\\\"font-family: \\'Lato\\',\\'sans-serif\\'; mso-fareast-font-family: \\'Times New Roman\\'; color: #555555; mso-ansi-language: ES-TRAD; mso-fareast-language: ES-TRAD;\\\">.<\/p>\n<p> <iframe src=\\\"https:\/\/www.youtube.com\/embed\/wQA0W0BbUFs\\\" width=\\\"560\\\" height=\\\"315\\\" frameborder=\\\"0\\\" allowfullscreen=\\\"\\\"><\/iframe><br \/><\/span><\/p>\n","protected":false},"excerpt":{"rendered":"<p>Las diferentes modalidades de compra est\u00e1n impulsando que los comercios&#8230;<\/p>\n","protected":false},"featured_media":7703,"template":"","meta":{"_acf_changed":false},"categories":[],"noticias":[],"class_list":["post-7702","noticias","type-noticias","status-publish","has-post-thumbnail","hentry"],"acf":[],"_links":{"self":[{"href":"https:\/\/test.madridemprende.anovagroup.es\/en\/wp-json\/wp\/v2\/noticias\/7702"}],"collection":[{"href":"https:\/\/test.madridemprende.anovagroup.es\/en\/wp-json\/wp\/v2\/noticias"}],"about":[{"href":"https:\/\/test.madridemprende.anovagroup.es\/en\/wp-json\/wp\/v2\/types\/noticias"}],"version-history":[{"count":0,"href":"https:\/\/test.madridemprende.anovagroup.es\/en\/wp-json\/wp\/v2\/noticias\/7702\/revisions"}],"wp:featuredmedia":[{"embeddable":true,"href":"https:\/\/test.madridemprende.anovagroup.es\/en\/wp-json\/wp\/v2\/media\/7703"}],"wp:attachment":[{"href":"https:\/\/test.madridemprende.anovagroup.es\/en\/wp-json\/wp\/v2\/media?parent=7702"}],"wp:term":[{"taxonomy":"category","embeddable":true,"href":"https:\/\/test.madridemprende.anovagroup.es\/en\/wp-json\/wp\/v2\/categories?post=7702"},{"taxonomy":"noticias","embeddable":true,"href":"https:\/\/test.madridemprende.anovagroup.es\/en\/wp-json\/wp\/v2\/noticias?post=7702"}],"curies":[{"name":"wp","href":"https:\/\/api.w.org\/{rel}","templated":true}]}}