{"id":7710,"date":"2018-04-20T00:00:00","date_gmt":"2018-04-20T00:00:00","guid":{"rendered":"https:\/\/pre.madridemprende.anovagroup.es\/noticias\/arranca-expofranquicia-2018\/"},"modified":"2022-06-08T11:19:52","modified_gmt":"2022-06-08T09:19:52","slug":"arranca-expofranquicia-2018","status":"publish","type":"noticias","link":"https:\/\/test.madridemprende.anovagroup.es\/en\/noticias\/arranca-expofranquicia-2018\/","title":{"rendered":"Arranca  Expofranquicia 2018"},"content":{"rendered":"<p class=\\\"MsoNormal\\\" style=\\\"text-align: justify; background: white;\\\"><span lang=\\\"ES-TRAD\\\" style=\\\"font-family: Lato, sans-serif;\\\">Concepci\u00f3n D\u00edaz de Villegas, directora general de Comercio y Emprendimiento del Ayuntamiento de Madrid \u00a0ha inaugurado hoy <\/span><span lang=\\\"ES-TRAD\\\"><a href=\\\"http:\/\/www.ifema.es\/expofranquicia_01\/\\\"><span style=\\\"font-family: \\'Lato\\',\\'sans-serif\\'; mso-bidi-font-family: \\'Times New Roman\\'; mso-fareast-language: ES-TRAD;\\\">Expofranquicia 2018<\/span><\/a><\/span><span lang=\\\"ES-TRAD\\\" style=\\\"font-family: Lato, sans-serif;\\\"> junto a\u00a0 Juan L\u00f3pez-Belmonte, presidente de la C\u00e1mara de Comercio, Industria y Servicios de Madrid, Javier Ruiz Santiago, viceconsejero de Econom\u00eda y Competitividad\u00a0 de la Comunidad de Madrid y Antonio Garc\u00eda Rebollar, director general de Pol\u00edtica Comercial y Competitividad del Ministerio de Econom\u00eda, Industria y Competitividad. <\/span><\/p>\n<p class=\\\"MsoNormal\\\" style=\\\"text-align: justify; background: white;\\\"><span lang=\\\"ES-TRAD\\\" style=\\\"font-family: Lato, sans-serif;\\\">\u00a0<\/span><\/p>\n<p class=\\\"MsoNormal\\\" style=\\\"text-align: justify; background: white;\\\"><span lang=\\\"ES-TRAD\\\" style=\\\"font-family: Lato, sans-serif;\\\">Los miembros de la comitiva fueron recibidos por Eduardo L\u00f3pez-Puertas y Mar\u00eda Valcarce director general y directora del certamen respectivamente en la entrada sur de IFEMA. <\/span><span lang=\\\"ES-TRAD\\\" style=\\\"font-family: \\'Lato\\',\\'sans-serif\\'; mso-bidi-font-family: \\'Times New Roman\\'; mso-fareast-language: ES-TRAD; mso-bidi-font-weight: bold;\\\">Durante su visita conocieron las actividades realizadas en la feria y visitaron los stands de alguno de los <\/span><span lang=\\\"ES-TRAD\\\"><a href=\\\"https:\/\/seguro.ifema.es\/waCatalogoMovil\/waCatalogoWeb\/index.html?feria=FQ18&#038;idioma=es\\\"><span style=\\\"font-family: \\'Lato\\',\\'sans-serif\\'; mso-bidi-font-family: \\'Times New Roman\\'; mso-fareast-language: ES-TRAD; mso-bidi-font-weight: bold;\\\">franquiciadores presentes<\/span><\/a><\/span><span lang=\\\"ES-TRAD\\\" style=\\\"font-family: \\'Lato\\',\\'sans-serif\\'; mso-bidi-font-family: \\'Times New Roman\\'; mso-fareast-language: ES-TRAD; mso-bidi-font-weight: bold;\\\">, entre ellos: <\/span><span lang=\\\"ES-TRAD\\\" style=\\\"font-family: \\'Lato\\',\\'sans-serif\\'; mso-bidi-font-family: \\'Times New Roman\\'; mso-fareast-language: ES-TRAD;\\\">AEF (Asociaci\u00f3n Espa\u00f1ola del Franquiciado), Carlin,\u00a0 DIA, Lizarran, Rodilla, Centros de Depilaci\u00f3n Ideal, Midas, Fersay, Charanga, Luxenter, Tradicionarius, Aval Madrid, C\u00e1mara de Comercio de Madrid y Ayuntamiento de Madrid.<\/span><\/p>\n<p class=\\\"MsoNormal\\\" style=\\\"text-align: justify; line-height: 15.0pt; background: white;\\\"><span lang=\\\"ES-TRAD\\\" style=\\\"font-family: \\'Lato\\',\\'sans-serif\\'; mso-bidi-font-family: \\'Times New Roman\\'; color: #555555; mso-fareast-language: ES-TRAD; mso-bidi-font-weight: bold;\\\">\u00a0<\/span><\/p>\n<p class=\\\"MsoNormal\\\" style=\\\"text-align: justify; line-height: 15.0pt; background: white;\\\"><span lang=\\\"ES-TRAD\\\" style=\\\"font-family: \\'Lato\\',\\'sans-serif\\'; mso-bidi-font-family: \\'Times New Roman\\'; mso-fareast-language: ES-TRAD; mso-bidi-font-weight: bold;\\\">El Ayuntamiento de Madrid<\/span><span lang=\\\"ES-TRAD\\\" style=\\\"font-family: \\'Lato\\',\\'sans-serif\\'; mso-bidi-font-family: \\'Times New Roman\\'; mso-fareast-language: ES-TRAD;\\\">, a trav\u00e9s de la <\/span><span lang=\\\"ES-TRAD\\\"><a href=\\\"\/es\\\"><span style=\\\"font-family: \\'Lato\\',\\'sans-serif\\'; mso-bidi-font-family: \\'Times New Roman\\'; mso-fareast-language: ES-TRAD;\\\">Direcci\u00f3n General de Comercio y Emprendimiento <\/span><\/a><\/span><span lang=\\\"ES-TRAD\\\" style=\\\"font-family: \\'Lato\\',\\'sans-serif\\'; mso-bidi-font-family: \\'Times New Roman\\'; color: #555555; mso-fareast-language: ES-TRAD; mso-bidi-font-weight: bold;\\\">\u00a0<\/span><span lang=\\\"ES-TRAD\\\" style=\\\"font-family: \\'Lato\\',\\'sans-serif\\'; mso-bidi-font-family: \\'Times New Roman\\'; mso-fareast-language: ES-TRAD; mso-bidi-font-weight: bold;\\\">est\u00e1 un a\u00f1o m\u00e1s en esta feria, <\/span><span lang=\\\"ES-TRAD\\\" style=\\\"font-family: \\'Lato\\',\\'sans-serif\\'; mso-bidi-font-family: \\'Times New Roman\\'; mso-fareast-language: ES-TRAD;\\\">con un\u00a0stand\u00a0en el que se ofrece informaci\u00f3n sobre todos los servicios de apoyo al emprendimiento que el Ayuntamiento pone a disposici\u00f3n de los madrile\u00f1os para la puesta en marcha de sus negocios.<\/span><\/p>\n<p class=\\\"MsoNormal\\\" style=\\\"margin-bottom: 7.5pt; text-align: justify; line-height: 15.0pt; background: white;\\\"><span lang=\\\"ES-TRAD\\\" style=\\\"font-family: \\'Lato\\',\\'sans-serif\\'; mso-bidi-font-family: \\'Times New Roman\\'; mso-fareast-language: ES-TRAD;\\\">\u00a0<\/span><\/p>\n<p class=\\\"MsoNormal\\\" style=\\\"margin-bottom: 7.5pt; text-align: center; line-height: 15.0pt; background: white;\\\" align=\\\"center\\\"><span lang=\\\"ES-TRAD\\\" style=\\\"font-family: \\'Lato\\',\\'sans-serif\\'; mso-bidi-font-family: \\'Times New Roman\\'; mso-fareast-language: ES-TRAD;\\\">No lo dudes y solicita una cita\u00a0<\/span><span lang=\\\"ES-TRAD\\\"><a href=\\\"https:\/\/seguro.ifema.es\/waCatalogoMovil\/waCatalogoWeb\/index.html?feria=FQ18&#038;idioma=es#FICHA_EMPRESA?emp=55642_1_0\\\" target=\\\"_blank\\\"><span style=\\\"font-family: \\'Lato\\',\\'sans-serif\\'; mso-bidi-font-family: \\'Times New Roman\\'; color: #e20377; mso-fareast-language: ES-TRAD;\\\">aqu\u00ed\u00a0<\/span><\/a><\/span><\/p>\n","protected":false},"excerpt":{"rendered":"<p>Concepci\u00f3n D\u00edaz de Villegas, directora general de Comercio y Emprendimiento&#8230;<\/p>\n","protected":false},"featured_media":7711,"template":"","meta":{"_acf_changed":false},"categories":[],"noticias":[],"class_list":["post-7710","noticias","type-noticias","status-publish","has-post-thumbnail","hentry"],"acf":[],"_links":{"self":[{"href":"https:\/\/test.madridemprende.anovagroup.es\/en\/wp-json\/wp\/v2\/noticias\/7710"}],"collection":[{"href":"https:\/\/test.madridemprende.anovagroup.es\/en\/wp-json\/wp\/v2\/noticias"}],"about":[{"href":"https:\/\/test.madridemprende.anovagroup.es\/en\/wp-json\/wp\/v2\/types\/noticias"}],"version-history":[{"count":0,"href":"https:\/\/test.madridemprende.anovagroup.es\/en\/wp-json\/wp\/v2\/noticias\/7710\/revisions"}],"wp:featuredmedia":[{"embeddable":true,"href":"https:\/\/test.madridemprende.anovagroup.es\/en\/wp-json\/wp\/v2\/media\/7711"}],"wp:attachment":[{"href":"https:\/\/test.madridemprende.anovagroup.es\/en\/wp-json\/wp\/v2\/media?parent=7710"}],"wp:term":[{"taxonomy":"category","embeddable":true,"href":"https:\/\/test.madridemprende.anovagroup.es\/en\/wp-json\/wp\/v2\/categories?post=7710"},{"taxonomy":"noticias","embeddable":true,"href":"https:\/\/test.madridemprende.anovagroup.es\/en\/wp-json\/wp\/v2\/noticias?post=7710"}],"curies":[{"name":"wp","href":"https:\/\/api.w.org\/{rel}","templated":true}]}}