{"id":7718,"date":"2018-05-04T00:00:00","date_gmt":"2018-05-04T00:00:00","guid":{"rendered":"https:\/\/pre.madridemprende.anovagroup.es\/noticias\/abierto-el-plazo-de-solicitud-de-ayudas-para-la-modernizacin-de-mercados-municipales-y-galeras-de-alimentacin\/"},"modified":"2022-06-08T11:01:39","modified_gmt":"2022-06-08T09:01:39","slug":"abierto-el-plazo-de-solicitud-de-ayudas-para-la-modernizacin-de-mercados-municipales-y-galeras-de-alimentacin","status":"publish","type":"noticias","link":"https:\/\/test.madridemprende.anovagroup.es\/en\/noticias\/abierto-el-plazo-de-solicitud-de-ayudas-para-la-modernizacin-de-mercados-municipales-y-galeras-de-alimentacin\/","title":{"rendered":"Abierto el plazo de solicitud de ayudas para la modernizaci\u00f3n de mercados municipales y galer\u00edas de alimentaci\u00f3n"},"content":{"rendered":"<div style=\\\"text-align: justify;\\\">El 30 de abril se ha publicado en el Bolet\u00edn Oficial del Ayuntamiento de Madrid <strong>la nueva convocatoria de ayudas<\/strong> dirigida a modernizaci\u00f3n y dinamizaci\u00f3n de los mercados municipales y galer\u00edas de alimentaci\u00f3n.<\/p>\n<p><strong>Los beneficiarios<\/strong> son:<\/p>\n<div>\n<ul>\n<li>Titulares de concesi\u00f3n administrativa de los mercados municipales<\/li>\n<li>Usuarios que ejercen su actividad\u00a0en locales de mercados municipales<\/li>\n<li>Titulares de galer\u00edas de alimentaci\u00f3n\u00a0que figuran en el Anexo I de esta Convocatoria<\/li>\n<li>Comerciantes que ejerzan su actividad en un local de estas\u00a0galer\u00edas de alimentaci\u00f3n\u00a0<\/li>\n<\/ul>\n<p>Los <strong>proyectos <\/strong>que pueden recibir ayudas son los siguientes:<\/p>\n<div>\n<ul>\n<li>Obras de construcci\u00f3n, reforma integral, modernizaci\u00f3n o acondicionamiento de edificios, locales o instalaciones.<\/li>\n<li>Supresi\u00f3n de barreras arquitect\u00f3nicas.<\/li>\n<li>Modernizaci\u00f3n de aseos p\u00fablicos y dependencias para uso de los trabajadores de estos establecimientos.<\/li>\n<li>Mejora de la accesibilidad de las instalaciones.<\/li>\n<li>Obras e instalaciones destinadas al consumo racional de recursos energ\u00e9ticos o reducci\u00f3n de impacto medioambiental de los residuos generados.<\/li>\n<li>Instalaci\u00f3n de puntos de recarga de veh\u00edculos el\u00e9ctricos.<\/li>\n<li>Acciones de promoci\u00f3n.<\/li>\n<li>Instalaci\u00f3n de equipos de fr\u00edo industrial.<\/li>\n<li>Adquisici\u00f3n e instalaci\u00f3n de mostradores, vitrinas y expositores de venta al p\u00fablico.\u00a0<\/li>\n<\/ul>\n<p>El <strong>plazo de ejecuci\u00f3n<\/strong> de estos proyectos es el comprendido entre el 1 de octubre de 2017 y el 31 de julio de 2018.<\/p>\n<div><strong>M\u00e1s informaci\u00f3n<\/strong> sobre la tipolog\u00eda de los proyectos subvencionables, l\u00edmites y cuant\u00edas de subvenci\u00f3n, o documentaci\u00f3n necesaria para su presentaci\u00f3n, en los siguientes enlaces:<\/div>\n<div>\n<ul>\n<li><a href=\\\"https:\/\/sede.madrid.es\/sites\/v\/index.jsp?vgnextoid=87fd70a997a21610VgnVCM2000001f4a900aRCRD&#038;vgnextchannel=23a99c5ffb020310VgnVCM100000171f5a0aRCRD\\\" target=\\\"_blank\\\">Solicitud y tr\u00e1mite de la convocatoria.<\/a><\/li>\n<li><a href=\\\"\/es\/comercio-y-mercados\/ayudas-y-subvenciones\\\" target=\\\"_blank\\\">M\u00e1s informaci\u00f3n sobre ayudas y subvenciones.<\/a><\/li>\n<\/ul>\n<\/div>\n<\/div>\n<\/div>\n<\/div>\n<div style=\\\"box-sizing: border-box; color: #555555; font-family: Lato, sans-serif; font-size: 14px; background-color: #ffffff; text-align: justify;\\\">\u00a0<\/div>\n<div style=\\\"box-sizing: border-box; color: #555555; font-family: Lato, sans-serif; font-size: 14px; background-color: #ffffff; text-align: justify;\\\"><\/p>\n<div style=\\\"box-sizing: border-box; color: #555555; font-family: Lato, sans-serif; font-size: 14px; background-color: #ffffff; text-align: justify;\\\">\u00a0<\/div>\n<\/div>\n<div style=\\\"box-sizing: border-box; color: #555555; font-family: Lato, sans-serif; font-size: 14px; background-color: #ffffff; text-align: justify;\\\">\u00a0<\/div>\n<div style=\\\"box-sizing: border-box; color: #555555; font-family: Lato, sans-serif; font-size: 14px; background-color: #ffffff; text-align: justify;\\\">\u00a0<\/div>\n","protected":false},"excerpt":{"rendered":"<p>El 30 de abril se ha publicado en el Bolet\u00edn Oficial del Ayuntamiento de&#8230;<\/p>\n","protected":false},"featured_media":7719,"template":"","meta":{"_acf_changed":false},"categories":[],"noticias":[],"class_list":["post-7718","noticias","type-noticias","status-publish","has-post-thumbnail","hentry"],"acf":[],"_links":{"self":[{"href":"https:\/\/test.madridemprende.anovagroup.es\/en\/wp-json\/wp\/v2\/noticias\/7718"}],"collection":[{"href":"https:\/\/test.madridemprende.anovagroup.es\/en\/wp-json\/wp\/v2\/noticias"}],"about":[{"href":"https:\/\/test.madridemprende.anovagroup.es\/en\/wp-json\/wp\/v2\/types\/noticias"}],"version-history":[{"count":0,"href":"https:\/\/test.madridemprende.anovagroup.es\/en\/wp-json\/wp\/v2\/noticias\/7718\/revisions"}],"wp:featuredmedia":[{"embeddable":true,"href":"https:\/\/test.madridemprende.anovagroup.es\/en\/wp-json\/wp\/v2\/media\/7719"}],"wp:attachment":[{"href":"https:\/\/test.madridemprende.anovagroup.es\/en\/wp-json\/wp\/v2\/media?parent=7718"}],"wp:term":[{"taxonomy":"category","embeddable":true,"href":"https:\/\/test.madridemprende.anovagroup.es\/en\/wp-json\/wp\/v2\/categories?post=7718"},{"taxonomy":"noticias","embeddable":true,"href":"https:\/\/test.madridemprende.anovagroup.es\/en\/wp-json\/wp\/v2\/noticias?post=7718"}],"curies":[{"name":"wp","href":"https:\/\/api.w.org\/{rel}","templated":true}]}}