{"id":7720,"date":"2018-05-04T00:00:00","date_gmt":"2018-05-04T00:00:00","guid":{"rendered":"https:\/\/pre.madridemprende.anovagroup.es\/noticias\/el-20-de-mayo-tendr-lugar-la-primera-edicin-del-mercado-municipal-de-productores-planetario\/"},"modified":"2022-06-08T11:01:39","modified_gmt":"2022-06-08T09:01:39","slug":"el-20-de-mayo-tendr-lugar-la-primera-edicin-del-mercado-municipal-de-productores-planetario","status":"publish","type":"noticias","link":"https:\/\/test.madridemprende.anovagroup.es\/en\/noticias\/el-20-de-mayo-tendr-lugar-la-primera-edicin-del-mercado-municipal-de-productores-planetario\/","title":{"rendered":"El 20 de mayo tendr\u00e1 lugar la primera edici\u00f3n del Mercado municipal de Productores Planetario"},"content":{"rendered":"<p class=\\\"MsoNormal\\\" style=\\\"mso-margin-top-alt: auto; mso-margin-bottom-alt: auto; text-align: justify;\\\"><span style=\\\"font-family: Lato; mso-bidi-font-family: \\'Times New Roman\\'; mso-ansi-language: ES; mso-fareast-language: ES;\\\">La primera edici\u00f3n del Mercado municipal de Productores del Planetario se celebrar\u00e1 el pr\u00f3ximo 20 de mayo en el distrito de Arganzuela con 36 peque\u00f1os productores madrile\u00f1os (comerciantes cuya explotaci\u00f3n se encuentra a una distancia no superior a los 120 kil\u00f3metros de la capital). El Mercado estar\u00e1 ubicado bajo los techados de la avenida del Planetario a pocos metros del IMAX y junto al Parque Tierno Galv\u00e1n. Este Mercado de Productores se celebrar\u00e1 el tercer domingo de cada mes en horario de 10 a 16 horas impulsado por la Direcci\u00f3n General de Comercio y Emprendimiento del \u00c1rea de Equidad, Derechos Sociales y Empleo.<\/span><\/p>\n<p class=\\\"MsoNormal\\\" style=\\\"mso-margin-top-alt: auto; mso-margin-bottom-alt: auto; text-align: justify;\\\"><span style=\\\"font-family: Lato; mso-bidi-font-family: \\'Times New Roman\\'; mso-ansi-language: ES; mso-fareast-language: ES;\\\">Marta Higueras, Primera Teniente de Alcalde y responsable de este \u00c1rea, justifica la puesta en marcha de este Mercado como respuesta a la creciente demanda de los consumidores por disponer de cauces que les permitan adquirir directamente productos agroalimentarios de los productores.<\/span><\/p>\n<p class=\\\"MsoNormal\\\" style=\\\"mso-margin-top-alt: auto; mso-margin-bottom-alt: auto; text-align: justify;\\\"><span style=\\\"font-family: Lato; mso-bidi-font-family: \\'Times New Roman\\'; mso-ansi-language: ES; mso-fareast-language: ES;\\\">Estos mercados buscan potenciar el consumo sostenible y artesanal de calidad, al mismo tiempo que sirven de impulso a la creaci\u00f3n de empleo, al emprendimiento y al fomento de pr\u00e1cticas sostenibles respetuosas con el medioambiente.<\/span><\/p>\n<p class=\\\"MsoNormal\\\" style=\\\"mso-margin-top-alt: auto; mso-margin-bottom-alt: auto; text-align: justify;\\\"><span style=\\\"font-family: Lato; mso-bidi-font-family: \\'Times New Roman\\'; mso-ansi-language: ES; mso-fareast-language: ES;\\\">En esta edici\u00f3n se podr\u00e1n adquirir, entre otros productos, aceites, carnes, hortalizas y verduras, frutas y zumos naturales, quesos, huevos, miel, dulces, conservas, pasta fresca y aperitivos. Junto a ello, se organizar\u00e1n otras actividades como jornadas tem\u00e1ticas, catas de productos, charlas gastron\u00f3micas y talleres de ni\u00f1os. <\/span><\/p>\n<p class=\\\"MsoNormal\\\" style=\\\"mso-margin-top-alt: auto; mso-margin-bottom-alt: auto; text-align: justify;\\\"><span style=\\\"font-family: Lato; mso-bidi-font-family: \\'Times New Roman\\'; mso-ansi-language: ES; mso-fareast-language: ES;\\\">La gesti\u00f3n de este Mercado municipal de Productores se llevar\u00e1 a cabo a trav\u00e9s de una concesi\u00f3n demanial adjudicada a la entidad Madrid Alfa Market, S.L.<\/span><\/p>\n","protected":false},"excerpt":{"rendered":"<p>La primera edici\u00f3n del Mercado municipal de Productores del Planetario se&#8230;<\/p>\n","protected":false},"featured_media":7721,"template":"","meta":{"_acf_changed":false},"categories":[],"noticias":[],"class_list":["post-7720","noticias","type-noticias","status-publish","has-post-thumbnail","hentry"],"acf":[],"_links":{"self":[{"href":"https:\/\/test.madridemprende.anovagroup.es\/en\/wp-json\/wp\/v2\/noticias\/7720"}],"collection":[{"href":"https:\/\/test.madridemprende.anovagroup.es\/en\/wp-json\/wp\/v2\/noticias"}],"about":[{"href":"https:\/\/test.madridemprende.anovagroup.es\/en\/wp-json\/wp\/v2\/types\/noticias"}],"version-history":[{"count":0,"href":"https:\/\/test.madridemprende.anovagroup.es\/en\/wp-json\/wp\/v2\/noticias\/7720\/revisions"}],"wp:featuredmedia":[{"embeddable":true,"href":"https:\/\/test.madridemprende.anovagroup.es\/en\/wp-json\/wp\/v2\/media\/7721"}],"wp:attachment":[{"href":"https:\/\/test.madridemprende.anovagroup.es\/en\/wp-json\/wp\/v2\/media?parent=7720"}],"wp:term":[{"taxonomy":"category","embeddable":true,"href":"https:\/\/test.madridemprende.anovagroup.es\/en\/wp-json\/wp\/v2\/categories?post=7720"},{"taxonomy":"noticias","embeddable":true,"href":"https:\/\/test.madridemprende.anovagroup.es\/en\/wp-json\/wp\/v2\/noticias?post=7720"}],"curies":[{"name":"wp","href":"https:\/\/api.w.org\/{rel}","templated":true}]}}