{"id":7728,"date":"2017-02-09T00:00:00","date_gmt":"2017-02-09T00:00:00","guid":{"rendered":"https:\/\/pre.madridemprende.anovagroup.es\/noticias\/la-direccion-general-de-comercio-y-emprendimiento-del-ayuntamiento-de-madrid-y-la-oficina-espanola-de-patentes-y-marcas-relanzan-la-campana-contra-la-venta-ambulante-ilegal-y-la-venta-de-falsificacion\/"},"modified":"2022-06-08T11:24:36","modified_gmt":"2022-06-08T09:24:36","slug":"la-direccion-general-de-comercio-y-emprendimiento-del-ayuntamiento-de-madrid-y-la-oficina-espanola-de-patentes-y-marcas-relanzan-la-campana-contra-la-venta-ambulante-ilegal-y-la-venta-de-falsificacion","status":"publish","type":"noticias","link":"https:\/\/test.madridemprende.anovagroup.es\/en\/noticias\/la-direccion-general-de-comercio-y-emprendimiento-del-ayuntamiento-de-madrid-y-la-oficina-espanola-de-patentes-y-marcas-relanzan-la-campana-contra-la-venta-ambulante-ilegal-y-la-venta-de-falsificacion\/","title":{"rendered":"La Direcci\u00f3n General de Comercio y Emprendimiento del Ayuntamiento de Madrid y la Oficina Espa\u00f1ola de Patentes y Marcas relanzan la Campa\u00f1a contra la venta ambulante ilegal y la venta de falsificaciones"},"content":{"rendered":"<div class=\"col-md-12\">\u00a0<\/div>\n<div class=\"col-md-12\">\n<p><strong><a href=\"\/images\/public\/source\/ApoyoComercio\/Carteleria\/2016\/Marquesina120x175OEPMfinalBajaConLogoAEFI.pdf\" target=\"_blank\" rel=\"noopener\"><img fetchpriority=\"high\" decoding=\"async\" style=\"display: block; margin-left: auto; margin-right: auto;\" src=\"\/images\/public\/source\/ApoyoComercio\/Carteleria\/2016\/Marquesina120x175OEPMfinalBajaConLogoAEFI.jpg\" alt=\"Marquesina120x175_OEPM final baja con logo aefi \" width=\"275\" height=\"394\" \/><\/a><\/strong><\/p>\n<p>\u00a0<\/p>\n<h3><em>\u201cTu decisi\u00f3n importa. Cada vez que compras, eliges la sociedad que construyes\u201d<\/em><\/h3>\n<ul>\n<li><em>Desde el lunes, 1 de febrero, y hasta el d\u00eda 7 se relanzar\u00e1 la campa\u00f1a de concienciaci\u00f3n involucrando a la ciudadan\u00eda.<\/em><\/li>\n<li><em>Uno de los objetivos de esta campa\u00f1a es informar de lo que supone a nivel social, comercial, econ\u00f3mico e incluso para nuestra propia salud comprar y acceder a falsificaciones tanto en puestos ambulantes ilegales en la calle como por Internet.<\/em><\/li>\n<li><em>Esta es la primera vez que el Ayuntamiento de Madrid y la Oficina Espa\u00f1ola de Patentes y Marcas colaboran conjuntamente en una campa\u00f1a de estas caracter\u00edsticas.<\/em><\/li>\n<li>\u00abTu decisi\u00f3n importa. Cada vez que compras, eliges qu\u00e9 sociedad construyes\u00bb. Este es el lema elegido para la campa\u00f1a contra la venta ambulante ilegal y las falsificaciones, que comenz\u00f3 el lunes, 7 de diciembre, puesta en marcha por la Direcci\u00f3n de Comercio y\u00a0Emprendimiento, del \u00c1rea de Equidad, Derechos Sociales y Empleo del Ayuntamiento de Madrid, y la Oficina Espa\u00f1ola de Patentes y Marcas, en colaboraci\u00f3n con m\u00e1s de una treintena de entidades empresariales.<\/li>\n<\/ul>\n<p>\u00a0<\/p>\n<p>Uno de los objetivos de esta campa\u00f1a es informar de lo que supone a nivel social, comercial, econ\u00f3mico e incluso para nuestra propia salud comprar y acceder a falsificaciones tanto en puestos ambulantes ilegales en la calle como por Internet.<\/p>\n<p>Con el lema \u00abtu decisi\u00f3n importa\u00bb se involucra directamente a las consumidoras y a los consumidores de las consecuencias que acarrea el dirigirse a este tipo de venta.<\/p>\n<p>Al comprar falsificaciones o productos en la venta ambulante ilegal se est\u00e1 fomentando el crimen organizado y la explotaci\u00f3n laboral; se destruye la cultura y frena la innovaci\u00f3n; se renuncia a los derechos como consumidor y se contribuye a la destrucci\u00f3n de empleo.<\/p>\n<p>Los beneficios de comprar productos originales son que se potencia la innovaci\u00f3n, la investigaci\u00f3n y se crea cultura; se ayuda a generar empleo; se financian los servicios p\u00fablicos de la ciudad y se protegen los derechos que tienen los consumidores.<\/p>\n<p>Esta es la primera vez que el Ayuntamiento de Madrid y la Oficina Espa\u00f1ola de Patentes y Marcas colaboran conjuntamente en una campa\u00f1a de estas caracter\u00edsticas.<\/p>\n<p>M\u00e1s de 100 marquesinas distribuidas por toda la ciudad recoger\u00e1n el lema \u00abTu decisi\u00f3n importa\u00bb y los consejos oportunos visibles para todos los consumidores. Adem\u00e1s, se distribuir\u00e1n d\u00edpticos por Internet a trav\u00e9s de las redes sociales.<\/p>\n<p><strong>\u201cTu decisi\u00f3n importa\u2026\u2026.\u201d\u00a0<\/strong><a href=\"http:\/\/www.madrid.es\/portales\/munimadrid\/es\/Inicio\/El-Ayuntamiento\/Medios\/Notas-de-prensa\/Tu-decision-importa-?vgnextfmt=default&#038;vgnextoid=db935679b7c92510VgnVCM1000000b205a0aRCRD&#038;vgnextchannel=6091317d3d2a7010VgnVCM100000dc0ca8c0RCRD\" target=\"_blank\" rel=\"noopener\">Ver nota de prensa\u00a0<\/a><\/p>\n<\/div>\n","protected":false},"excerpt":{"rendered":"<p>\u00a0<\/p>\n<p>\u00a0<br \/>\n\u201cTu decisi\u00f3n importa. Cada vez que compras, eliges la sociedad&#8230;<\/p>\n","protected":false},"featured_media":7729,"template":"","meta":{"_acf_changed":false},"categories":[],"noticias":[],"class_list":["post-7728","noticias","type-noticias","status-publish","has-post-thumbnail","hentry"],"acf":[],"_links":{"self":[{"href":"https:\/\/test.madridemprende.anovagroup.es\/en\/wp-json\/wp\/v2\/noticias\/7728"}],"collection":[{"href":"https:\/\/test.madridemprende.anovagroup.es\/en\/wp-json\/wp\/v2\/noticias"}],"about":[{"href":"https:\/\/test.madridemprende.anovagroup.es\/en\/wp-json\/wp\/v2\/types\/noticias"}],"version-history":[{"count":0,"href":"https:\/\/test.madridemprende.anovagroup.es\/en\/wp-json\/wp\/v2\/noticias\/7728\/revisions"}],"wp:featuredmedia":[{"embeddable":true,"href":"https:\/\/test.madridemprende.anovagroup.es\/en\/wp-json\/wp\/v2\/media\/7729"}],"wp:attachment":[{"href":"https:\/\/test.madridemprende.anovagroup.es\/en\/wp-json\/wp\/v2\/media?parent=7728"}],"wp:term":[{"taxonomy":"category","embeddable":true,"href":"https:\/\/test.madridemprende.anovagroup.es\/en\/wp-json\/wp\/v2\/categories?post=7728"},{"taxonomy":"noticias","embeddable":true,"href":"https:\/\/test.madridemprende.anovagroup.es\/en\/wp-json\/wp\/v2\/noticias?post=7728"}],"curies":[{"name":"wp","href":"https:\/\/api.w.org\/{rel}","templated":true}]}}