{"id":7748,"date":"2018-05-31T00:00:00","date_gmt":"2018-05-31T00:00:00","guid":{"rendered":"https:\/\/pre.madridemprende.anovagroup.es\/noticias\/llega-decoraccin-el-mayor-evento-urbano-de-decoracin-e-interiorismo-en-espaa\/"},"modified":"2022-06-08T11:01:36","modified_gmt":"2022-06-08T09:01:36","slug":"llega-decoraccin-el-mayor-evento-urbano-de-decoracin-e-interiorismo-en-espaa","status":"publish","type":"noticias","link":"https:\/\/test.madridemprende.anovagroup.es\/en\/noticias\/llega-decoraccin-el-mayor-evento-urbano-de-decoracin-e-interiorismo-en-espaa\/","title":{"rendered":"Llega DecorAcci\u00f3n, el mayor evento urbano de decoraci\u00f3n e interiorismo en Espa\u00f1a"},"content":{"rendered":"<p style=\\\"margin: 0cm 0cm 0pt; text-align: justify;\\\"><strong style=\\\"mso-bidi-font-weight: normal;\\\"><span lang=\\\"ES\\\" style=\\\"font-family: \\'Lato\\',\\'sans-serif\\'; font-size: 11pt; mso-ansi-language: ES;\\\">Del 7 al 10 de junio<\/span><\/strong><span lang=\\\"ES\\\" style=\\\"font-family: \\'Lato\\',\\'sans-serif\\'; font-size: 11pt; mso-ansi-language: ES;\\\"> se desarrollar\u00e1 en el Barrio de las Letras la novena edici\u00f3n de DecorAcci\u00f3n, la gran fiesta del interiorismo nacional. Un a\u00f1o m\u00e1s las fachadas, escaparates, locales y calles albergar\u00e1n las mejores propuestas de decoraci\u00f3n e interiorismo, con <em style=\\\"mso-bidi-font-style: normal;\\\">Los Sue\u00f1os<\/em> como motivo de inspiraci\u00f3n. DecorAcci\u00f3n est\u00e1 organizado por <a href=\\\"http:\/\/barrioletras.com\/\\\"><span style=\\\"color: #0000ff;\\\">la Asociaci\u00f3n de Comerciantes del Barrio de las Letras<\/span><\/a>, la revista <em style=\\\"mso-bidi-font-style: normal;\\\">Nuevo Estilo, <\/em>con la colaboraci\u00f3n del <a href=\\\"http:\/\/www.madrid.es\/portal\/site\/munimadrid?WT.ac=Enlace%20a_Madrid.es\\\"><span style=\\\"color: #0000ff;\\\">Ayuntamiento de Madrid<\/span><\/a> a trav\u00e9s de su proyecto <a href=\\\"http:\/\/www.madridcapitaldemoda.com\/\\\"><span style=\\\"color: #0000ff;\\\">Madrid Capital de Moda<\/span><\/a><em style=\\\"mso-bidi-font-style: normal;\\\">.<\/em><\/span><\/p>\n<p style=\\\"margin: 0cm 0cm 0pt; text-align: justify;\\\"><span lang=\\\"ES\\\" style=\\\"font-family: \\'Lato\\',\\'sans-serif\\'; font-size: 11pt; mso-ansi-language: ES;\\\">\u00a0<\/span><\/p>\n<p style=\\\"margin: 0cm 0cm 0pt; text-align: justify;\\\"><span lang=\\\"ES\\\" style=\\\"font-family: \\'Lato\\',\\'sans-serif\\'; font-size: 11pt; mso-ansi-language: ES;\\\">Uno de los principales objetivos de este evento es acercar el interiorismo y el trabajo de los grandes decoradores espa\u00f1oles<span style=\\\"mso-spacerun: yes;\\\">\u00a0 <\/span>y de los j\u00f3venes dise\u00f1adores al gran p\u00fablico, fomentando as\u00ed la proyecci\u00f3n internacional del talento espa\u00f1ol. El evento se viene celebrando en el Barrio de las Letras por ser la sede de muchos interioristas espa\u00f1oles, por reunir en un mismo entorno tradici\u00f3n y modernidad, y por su inter\u00e9s cultural, art\u00edstico y tur\u00edstico.<\/span><\/p>\n<p style=\\\"margin: 0cm 0cm 0pt; text-align: justify;\\\"><span lang=\\\"ES\\\" style=\\\"font-family: \\'Lato\\',\\'sans-serif\\'; font-size: 11pt; mso-ansi-language: ES;\\\">\u00a0<\/span><\/p>\n<p style=\\\"margin: 0cm 0cm 0pt; text-align: justify;\\\"><span lang=\\\"ES\\\" style=\\\"font-family: \\'Lato\\',\\'sans-serif\\'; font-size: 11pt; mso-ansi-language: ES;\\\">Los visitantes podr\u00e1n disfrutar de las instalaciones ef\u00edmeras de m\u00e1s de 100 interioristas y escuelas de arquitectura, dise\u00f1o e interiorismo que participan este a\u00f1o. El Barrio de las Letras se llenar\u00e1 de creatividad, originalidad y, sobre todo, de calidad. Para ello, DecorAcci\u00f3n 2018 contar\u00e1 con la colaboraci\u00f3n de dos comisarios que han supervisado cada uno de los proyectos, <strong style=\\\"mso-bidi-font-weight: normal;\\\">Susana Sancho C\u00e9spedes, <\/strong>miembro de la Junta Directiva de la Asociaci\u00f3n de Dise\u00f1adores de Madrid (<a href=\\\"https:\/\/dimad.org\/\\\" target=\\\"_blank\\\">DIMAD<\/a>)<strong style=\\\"mso-bidi-font-weight: normal;\\\"> y Pascual Medel, <\/strong>dise\u00f1ador gr\u00e1fico y de interiores.<\/span><\/p>\n<p style=\\\"margin: 0cm 0cm 0pt; text-align: justify;\\\"><span lang=\\\"ES\\\" style=\\\"font-family: \\'Lato\\',\\'sans-serif\\'; font-size: 11pt; mso-ansi-language: ES;\\\">\u00a0<\/span><\/p>\n<p style=\\\"margin: 0cm 0cm 0pt; text-align: justify;\\\"><span lang=\\\"ES\\\" style=\\\"font-family: \\'Lato\\',\\'sans-serif\\'; font-size: 11pt; mso-ansi-language: ES;\\\">Esta edici\u00f3n contar\u00e1 de nuevo con la participaci\u00f3n de interioristas y dise\u00f1adores consagrados como Erico Navazo o Luis Garc\u00eda Fraile. Adem\u00e1s DecorAcci\u00f3n es una plataforma para dar visibilidad al trabajo de alumnos de las universidades y escuelas de dise\u00f1o, arquitectura e interiorismo que intervendr\u00e1n algunos espacios emblem\u00e1ticos del Barrio de las Letras.<\/span><\/p>\n<p style=\\\"margin: 0cm 0cm 0pt; text-align: justify;\\\"><span lang=\\\"ES\\\" style=\\\"font-family: \\'Lato\\',\\'sans-serif\\'; font-size: 11pt; mso-ansi-language: ES;\\\">\u00a0<\/span><\/p>\n<p style=\\\"margin: 0cm 0cm 0pt; text-align: justify;\\\"><span lang=\\\"ES\\\" style=\\\"font-family: \\'Lato\\',\\'sans-serif\\'; font-size: 11pt; mso-ansi-language: ES;\\\">Como novedad esta edici\u00f3n incorporar\u00e1 el Arte urbano de la mano de j\u00f3venes artistas con la acci\u00f3n Arete de Calle, en colaboraci\u00f3n con Mahou, en la que se enmarca la 1\u00aaedici\u00f3n del Concurso Arte de Calle, cuyo objetivo es incentivar y premiar el talento de los j\u00f3venes artistas.<\/span><\/p>\n<p style=\\\"margin: 0cm 0cm 0pt; text-align: justify;\\\"><span lang=\\\"ES\\\" style=\\\"font-family: \\'Lato\\',\\'sans-serif\\'; font-size: 11pt; mso-ansi-language: ES;\\\">\u00a0<\/span><\/p>\n<p style=\\\"margin: 0cm 0cm 0pt; text-align: justify;\\\"><span lang=\\\"ES\\\" style=\\\"font-family: \\'Lato\\',\\'sans-serif\\'; font-size: 11pt; mso-ansi-language: ES;\\\">M\u00e1s informaci\u00f3n en: <a href=\\\"http:\/\/decoraccion.nuevo-estilo.es\/\\\"><span style=\\\"color: #0000ff;\\\">http:\/\/decoraccion.nuevo-estilo.es\/<\/span><\/a><\/span><\/p>\n<p style=\\\"margin: 0cm 0cm 0pt; text-align: justify;\\\"><span lang=\\\"ES\\\" style=\\\"font-family: \\'Lato\\',\\'sans-serif\\'; font-size: 11pt; mso-ansi-language: ES;\\\">\u00a0<\/span><\/p>\n<p style=\\\"margin: 0cm 0cm 0pt; text-align: justify;\\\"><span lang=\\\"ES\\\" style=\\\"font-family: \\'Lato\\',\\'sans-serif\\'; font-size: 11pt; mso-ansi-language: ES;\\\">\u00a0<\/span><\/p>\n","protected":false},"excerpt":{"rendered":"<p>Del 7 al 10 de junio se desarrollar\u00e1 en el Barrio de las Letras la novena&#8230;<\/p>\n","protected":false},"featured_media":7749,"template":"","meta":{"_acf_changed":false},"categories":[],"noticias":[],"class_list":["post-7748","noticias","type-noticias","status-publish","has-post-thumbnail","hentry"],"acf":[],"_links":{"self":[{"href":"https:\/\/test.madridemprende.anovagroup.es\/en\/wp-json\/wp\/v2\/noticias\/7748"}],"collection":[{"href":"https:\/\/test.madridemprende.anovagroup.es\/en\/wp-json\/wp\/v2\/noticias"}],"about":[{"href":"https:\/\/test.madridemprende.anovagroup.es\/en\/wp-json\/wp\/v2\/types\/noticias"}],"version-history":[{"count":0,"href":"https:\/\/test.madridemprende.anovagroup.es\/en\/wp-json\/wp\/v2\/noticias\/7748\/revisions"}],"wp:featuredmedia":[{"embeddable":true,"href":"https:\/\/test.madridemprende.anovagroup.es\/en\/wp-json\/wp\/v2\/media\/7749"}],"wp:attachment":[{"href":"https:\/\/test.madridemprende.anovagroup.es\/en\/wp-json\/wp\/v2\/media?parent=7748"}],"wp:term":[{"taxonomy":"category","embeddable":true,"href":"https:\/\/test.madridemprende.anovagroup.es\/en\/wp-json\/wp\/v2\/categories?post=7748"},{"taxonomy":"noticias","embeddable":true,"href":"https:\/\/test.madridemprende.anovagroup.es\/en\/wp-json\/wp\/v2\/noticias?post=7748"}],"curies":[{"name":"wp","href":"https:\/\/api.w.org\/{rel}","templated":true}]}}