{"id":7768,"date":"2018-06-21T00:00:00","date_gmt":"2018-06-21T00:00:00","guid":{"rendered":"https:\/\/pre.madridemprende.anovagroup.es\/noticias\/la-xii-edicion-de-la-competicion-nacional-de-miniempresas-organizada-por-junior-achievement-ya-tiene-ganadoras\/"},"modified":"2022-06-08T11:01:33","modified_gmt":"2022-06-08T09:01:33","slug":"la-xii-edicion-de-la-competicion-nacional-de-miniempresas-organizada-por-junior-achievement-ya-tiene-ganadoras","status":"publish","type":"noticias","link":"https:\/\/test.madridemprende.anovagroup.es\/en\/noticias\/la-xii-edicion-de-la-competicion-nacional-de-miniempresas-organizada-por-junior-achievement-ya-tiene-ganadoras\/","title":{"rendered":"La XII Edici\u00f3n de la Competici\u00f3n Nacional de Miniempresas organizada por  Junior Achievement ya tiene ganadoras"},"content":{"rendered":"<p class=\\\"MsoNormal\\\" style=\\\"text-align: justify;\\\"><strong style=\\\"mso-bidi-font-weight: normal;\\\"><span lang=\\\"ES-TRAD\\\">Durante los d\u00edas 19 y 20 de junio se ha celebrado en Madrid la final de la XII Competici\u00f3n Nacional de Miniempresas organizada por la Fundaci\u00f3n <\/span><\/strong><span lang=\\\"ES-TRAD\\\"><a href=\\\"http:\/\/fundacionjaes.org\/\\\"><strong style=\\\"mso-bidi-font-weight: normal;\\\">Junior Achievement<\/strong><\/a><\/span><strong style=\\\"mso-bidi-font-weight: normal;\\\"><span lang=\\\"ES-TRAD\\\">. Quince proyectos de emprendimiento desarrollados por alumnos de colegios de toda Espa\u00f1a han participado en la final nacional celebrada el d\u00eda 19 en la estaci\u00f3n puerta de Atocha. Los finalistas han realizado una feria de muestras, donde los miembros del jurado, compuesto por representantes de los patrocinadores, han podido valorar cada uno de los proyectos antes de emitir el fallo. La final ha concluido el d\u00eda 20 con la entrega de premios en el sal\u00f3n de actos de la <\/span><\/strong><span lang=\\\"ES-TRAD\\\"><a href=\\\"https:\/\/www.frdelpino.es\/\\\"><strong style=\\\"mso-bidi-font-weight: normal;\\\">Fundaci\u00f3n Rafael del Pino<\/strong><\/a><\/span><strong style=\\\"mso-bidi-font-weight: normal;\\\"><span lang=\\\"ES-TRAD\\\">.<\/span><\/strong><\/p>\n<p class=\\\"MsoNormal\\\" style=\\\"text-align: justify;\\\"><span lang=\\\"ES-TRAD\\\">M\u00e1s de seis mil estudiantes de secundaria, bachillerato y formaci\u00f3n profesional de toda Espa\u00f1a han participado en esta competici\u00f3n, creando m\u00e1s de mil cien proyectos de emprendimiento presentados a la XII edici\u00f3n de la Competici\u00f3n Nacional de Miniempresas de la Fundaci\u00f3n <\/span><span lang=\\\"ES-TRAD\\\"><a href=\\\"http:\/\/fundacionjaes.org\/\\\">Junior Achievement<\/a><\/span><span lang=\\\"ES-TRAD\\\">.<\/span><\/p>\n<p class=\\\"MsoNormal\\\" style=\\\"text-align: justify;\\\"><span lang=\\\"ES-TRAD\\\">El Premio del Ayuntamiento de Madrid al Profesor Emprendedor del a\u00f1o ha sido <\/span><span lang=\\\"ES-TRAD\\\">presentado y entregado por Concepci\u00f3n D\u00edaz de Villegas, Directora General de <\/span><span lang=\\\"ES-TRAD\\\"><a href=\\\"https:\/\/pre.madridemprende.anovagroup.es\/\\\">Comercio y Emprendimiento<\/a><\/span><span class=\\\"MsoHyperlink\\\"><span lang=\\\"ES-TRAD\\\">.<\/span><\/span><\/p>\n<p class=\\\"MsoNormal\\\" style=\\\"text-align: justify;\\\"><span lang=\\\"ES-TRAD\\\">Este premio ha reca\u00eddo<\/span><span lang=\\\"ES-TRAD\\\"> en <strong style=\\\"mso-bidi-font-weight: normal;\\\">Rosa Ana Guerra Hoyos<\/strong>, del <\/span><span lang=\\\"ES-TRAD\\\"><a href=\\\"http:\/\/www.iestetuan.es\/\\\">IES Tetu\u00e1n de las Victorias<\/a><\/span><span lang=\\\"ES-TRAD\\\">, dada la importancia de su compromiso liderando e implementando programas educativos relacionados con el emprendimiento, centr\u00e1ndose en los procesos de aprendizaje de su alumnado y en el desarrollo de sus competencias para ayudarles a encontrar opciones para su futuro.<\/span><\/p>\n<p class=\\\"MsoNormal\\\" style=\\\"text-align: justify;\\\"><span lang=\\\"ES-TRAD\\\">La ganadora del premio al mejor proyecto de miniempresa 2018 y, por lo tanto, el proyecto que representar\u00e1 a Espa\u00f1a en la final del pr\u00f3ximo mes de julio en Belgrado en el concurso \u201c<\/span><span lang=\\\"ES-TRAD\\\"><a href=\\\"http:\/\/coyc.jaeurope.org\/\\\">Company of the Year Competition<\/a><\/span><span lang=\\\"ES-TRAD\\\">\u201d, impulsado por la organizaci\u00f3n JA Europe, ha sido para el proyecto \u201c<\/span><span lang=\\\"ES-TRAD\\\"><a href=\\\"https:\/\/play.google.com\/store\/apps\/details?id=com.bilal.dzone.fiverr_security_app\\\"><strong style=\\\"mso-bidi-font-weight: normal;\\\">NO MORE<\/strong><\/a><\/span><span lang=\\\"ES-TRAD\\\">\u201d.<\/span><\/p>\n<p class=\\\"MsoNormal\\\" style=\\\"text-align: justify;\\\"><span lang=\\\"ES-TRAD\\\">\u201c<\/span><span lang=\\\"ES-TRAD\\\"><a href=\\\"https:\/\/play.google.com\/store\/apps\/details?id=com.bilal.dzone.fiverr_security_app\\\"><strong style=\\\"mso-bidi-font-weight: normal;\\\">NO MORE<\/strong><\/a><\/span><span lang=\\\"ES-TRAD\\\">\u201d, es un proyecto desarrollado por 5 alumnas del <\/span><span lang=\\\"ES-TRAD\\\"><a href=\\\"https:\/\/ciudalcampo.sek.es\/\\\">SEK Ciudalcampo<\/a><\/span><span lang=\\\"ES-TRAD\\\"> de Madrid, que consiste en una aplicaci\u00f3n para m\u00f3viles y tabletas que lucha contra la violencia machista. Dicha App da un servicio de \u201cdisuasi\u00f3n\u201d para mujeres en peligro de violencia f\u00edsica o sexual. Si se necesita ayuda, la aplicaci\u00f3n env\u00eda un mensaje de alerta con informaci\u00f3n de la localizaci\u00f3n de la victima a los contactos que se encuentren cerca de ella.<\/p>\n<p><\/span><\/p>\n<p class=\\\"MsoNormal\\\" style=\\\"text-align: justify;\\\"><span lang=\\\"ES-TRAD\\\"><span style=\\\"font-family: Lato, sans-serif;\\\"><span style=\\\"font-size: 11pt;\\\">El resto de ganadores por categor\u00edas han sido:<\/span><\/span><br \/><\/span><\/p>\n<ul>\n<li><span style=\\\"font-family: Lato, sans-serif;\\\"><span style=\\\"font-size: 14.6667px;\\\">Premio Equifax\u00a0 de \u201dTransformaci\u00f3n digital\u201d para No More<\/span><br \/><\/span><\/li>\n<li><span lang=\\\"ES-TRAD\\\"><span style=\\\"font-family: Lato, sans-serif;\\\"><span style=\\\"font-size: 14.6667px;\\\">Premio Manpower \u201cReady for Work\u201d para el proyecto\u00a0 Emphaty<\/span><\/span><\/span><\/li>\n<li><span lang=\\\"ES-TRAD\\\"><span style=\\\"font-family: Lato, sans-serif;\\\"><span style=\\\"font-family: Lato, sans-serif;\\\"><span style=\\\"font-size: 14.6667px;\\\">Premio Disney a la \u201cCreatividad\u201d para Chewit!<\/span><\/span><\/span><\/span><\/li>\n<li><span lang=\\\"ES-TRAD\\\"><span style=\\\"font-family: Lato, sans-serif;\\\"><span style=\\\"font-family: Lato, sans-serif;\\\"><span style=\\\"font-size: 14.6667px;\\\">Premio Fedex \u201cAccess Award\u201d para Snow-Storm<\/span><\/span><\/span><\/span><\/li>\n<li><span lang=\\\"ES-TRAD\\\"><span style=\\\"font-family: Lato, sans-serif;\\\"><span style=\\\"font-family: Lato, sans-serif;\\\"><span style=\\\"font-size: 14.6667px;\\\">Premio Monsanto al equipo \u201cRookie del a\u00f1o\u201d para Volcano<\/span><\/span><\/span><\/span><\/li>\n<li><span lang=\\\"ES-TRAD\\\"><span style=\\\"font-family: Lato, sans-serif;\\\"><span style=\\\"font-family: Lato, sans-serif;\\\"><span style=\\\"font-size: 14.6667px;\\\">Premio \u201cinnovaci\u00f3n en la gesti\u00f3n empresarial\u201d para I-socks<\/span><\/span><\/span><\/span><\/li>\n<li><span lang=\\\"ES-TRAD\\\"><span style=\\\"font-family: Lato, sans-serif;\\\"><span style=\\\"font-family: Lato, sans-serif;\\\"><span style=\\\"font-size: 14.6667px;\\\">Premio Fundaci\u00f3n EY a la \u201cDiversidad e Innovaci\u00f3n\u201d para Hello Dolly<\/span><\/span><\/span><\/span><\/li>\n<li><span lang=\\\"ES-TRAD\\\"><span style=\\\"font-family: Lato, sans-serif;\\\"><span style=\\\"font-family: Lato, sans-serif;\\\"><span style=\\\"font-size: 14.6667px;\\\">Premio Zurich a la \u201cViabilidad y Escalabilidad del Proyecto\u201d para TEAyuda<\/span><\/span><\/span><\/span><\/li>\n<\/ul>\n<p><\/p>\n<p class=\\\"MsoNormal\\\" style=\\\"text-align: justify;\\\"><span lang=\\\"ES-TRAD\\\" style=\\\"font-size: 11.0pt; font-family: \\'Lato\\',\\'sans-serif\\';\\\">Esta edici\u00f3n ha contado con el patrocinio y la colaboraci\u00f3n de <\/span><span lang=\\\"ES-TRAD\\\"><a href=\\\"http:\/\/www.citigroup.com\/citi\/about\/countrypresence\/spain.html\\\"><span style=\\\"font-size: 11.0pt; font-family: \\'Lato\\',\\'sans-serif\\';\\\">Citi<\/span><\/a><\/span><span lang=\\\"ES-TRAD\\\" style=\\\"font-size: 11.0pt; font-family: \\'Lato\\',\\'sans-serif\\';\\\">, <\/span><span lang=\\\"ES-TRAD\\\"><a href=\\\"https:\/\/www.zurich.es\/es-es\/seguros\\\"><span style=\\\"font-size: 11.0pt; font-family: \\'Lato\\',\\'sans-serif\\';\\\">Zurich<\/span><\/a><\/span><span lang=\\\"ES-TRAD\\\" style=\\\"font-size: 11.0pt; font-family: \\'Lato\\',\\'sans-serif\\';\\\">, <\/span><span lang=\\\"ES-TRAD\\\"><a href=\\\"https:\/\/www.frdelpino.es\/\\\"><span style=\\\"font-size: 11.0pt; font-family: \\'Lato\\',\\'sans-serif\\';\\\">Fundaci\u00f3n Rafael del Pino<\/span><\/a><\/span><span lang=\\\"ES-TRAD\\\" style=\\\"font-size: 11.0pt; font-family: \\'Lato\\',\\'sans-serif\\';\\\">, <\/span><span lang=\\\"ES-TRAD\\\"><a href=\\\"https:\/\/www.ey.com\/es\/\\\"><span style=\\\"font-size: 11.0pt; font-family: \\'Lato\\',\\'sans-serif\\';\\\">Fundaci\u00f3n EY<\/span><\/a><\/span><span lang=\\\"ES-TRAD\\\" style=\\\"font-size: 11.0pt; font-family: \\'Lato\\',\\'sans-serif\\';\\\">, <\/span><span lang=\\\"ES-TRAD\\\"><a href=\\\"https:\/\/monsanto.com\/company\/locations\/spain\/\\\"><span style=\\\"font-size: 11.0pt; font-family: \\'Lato\\',\\'sans-serif\\';\\\">Monsanto<\/span><\/a><\/span><span lang=\\\"ES-TRAD\\\" style=\\\"font-size: 11.0pt; font-family: \\'Lato\\',\\'sans-serif\\';\\\">, <\/span><span lang=\\\"ES-TRAD\\\"><a href=\\\"https:\/\/spain.fedex.com\/\\\"><span style=\\\"font-size: 11.0pt; font-family: \\'Lato\\',\\'sans-serif\\';\\\">FedEx<\/span><\/a><\/span><span lang=\\\"ES-TRAD\\\" style=\\\"font-size: 11.0pt; font-family: \\'Lato\\',\\'sans-serif\\';\\\">, <\/span><span lang=\\\"ES-TRAD\\\"><a href=\\\"http:\/\/www.madrid.es\/\\\"><span style=\\\"font-size: 11.0pt; font-family: \\'Lato\\',\\'sans-serif\\';\\\">Ayuntamiento de Madrid<\/span><\/a><\/span><span lang=\\\"ES-TRAD\\\" style=\\\"font-size: 11.0pt; font-family: \\'Lato\\',\\'sans-serif\\';\\\">, <\/span><span lang=\\\"ES-TRAD\\\"><a href=\\\"https:\/\/disney.es\/\\\"><span style=\\\"font-size: 11.0pt; font-family: \\'Lato\\',\\'sans-serif\\';\\\">The Walt Disney Company<\/span><\/a><\/span><span lang=\\\"ES-TRAD\\\" style=\\\"font-size: 11.0pt; font-family: \\'Lato\\',\\'sans-serif\\';\\\">, <\/span><span lang=\\\"ES-TRAD\\\"><a href=\\\"https:\/\/www.manpower.es\/\\\"><span style=\\\"font-size: 11.0pt; font-family: \\'Lato\\',\\'sans-serif\\';\\\">Manpower Group<\/span><\/a><\/span><span lang=\\\"ES-TRAD\\\" style=\\\"font-size: 11.0pt; font-family: \\'Lato\\',\\'sans-serif\\';\\\"> y <\/span><span lang=\\\"ES-TRAD\\\"><a href=\\\"https:\/\/soluciones.equifax.es\/\\\"><span style=\\\"font-size: 11.0pt; font-family: \\'Lato\\',\\'sans-serif\\';\\\">Equifax<\/span><\/a><\/span><span lang=\\\"ES-TRAD\\\" style=\\\"font-size: 11.0pt; font-family: \\'Lato\\',\\'sans-serif\\';\\\">. Por su parte <\/span><span lang=\\\"ES-TRAD\\\"><a href=\\\"http:\/\/www.adif.es\/\\\"><span style=\\\"font-size: 11.0pt; font-family: \\'Lato\\',\\'sans-serif\\';\\\">Adif<\/span><\/a><\/span><span lang=\\\"ES-TRAD\\\" style=\\\"font-size: 11.0pt; font-family: \\'Lato\\',\\'sans-serif\\';\\\"> cedi\u00f3 el espacio de los Jardines Tropicales de Puerta de Atocha para la realizaci\u00f3n de la exposici\u00f3n de muestras y presentaci\u00f3n de los proyectos participantes el d\u00eda 19.<\/span><\/p>\n<p class=\\\"MsoNormal\\\" style=\\\"text-align: justify;\\\"><span lang=\\\"ES-TRAD\\\" style=\\\"font-size: 11.0pt; font-family: \\'Lato\\',\\'sans-serif\\'; mso-fareast-font-family: \\'Times New Roman\\'; color: black; mso-themecolor: text1;\\\">Para asistir a estos u otros eventos que organizamos no olvides\u00a0<\/span><span lang=\\\"ES-TRAD\\\"><a href=\\\"\/es\/suscripcion2\\\" target=\\\"_blank\\\"><span style=\\\"font-size: 11.0pt; font-family: \\'Lato\\',\\'sans-serif\\'; mso-fareast-font-family: \\'Times New Roman\\'; color: black; mso-themecolor: text1;\\\">suscribirte a nuestro bolet\u00edn<\/span><\/a><\/span><span lang=\\\"ES-TRAD\\\" style=\\\"font-size: 11.0pt; font-family: \\'Lato\\',\\'sans-serif\\'; mso-fareast-font-family: \\'Times New Roman\\'; color: black; mso-themecolor: text1;\\\">\u00a0de actividades o consultar nuestra\u00a0<\/span><span lang=\\\"ES-TRAD\\\"><a href=\\\"\/es\/agenda\\\" target=\\\"_blank\\\"><span style=\\\"font-size: 11.0pt; font-family: \\'Lato\\',\\'sans-serif\\'; mso-fareast-font-family: \\'Times New Roman\\'; color: black; mso-themecolor: text1;\\\">agenda<\/span><\/a><\/span><span lang=\\\"ES-TRAD\\\" style=\\\"font-size: 11.0pt; font-family: \\'Lato\\',\\'sans-serif\\'; mso-fareast-font-family: \\'Times New Roman\\'; color: black; mso-themecolor: text1;\\\">.\u00a0<\/span><\/p>\n","protected":false},"excerpt":{"rendered":"<p>Durante los d\u00edas 19 y 20 de junio se ha celebrado en Madrid la final de la&#8230;<\/p>\n","protected":false},"featured_media":7769,"template":"","meta":{"_acf_changed":false},"categories":[],"noticias":[],"class_list":["post-7768","noticias","type-noticias","status-publish","has-post-thumbnail","hentry"],"acf":[],"_links":{"self":[{"href":"https:\/\/test.madridemprende.anovagroup.es\/en\/wp-json\/wp\/v2\/noticias\/7768"}],"collection":[{"href":"https:\/\/test.madridemprende.anovagroup.es\/en\/wp-json\/wp\/v2\/noticias"}],"about":[{"href":"https:\/\/test.madridemprende.anovagroup.es\/en\/wp-json\/wp\/v2\/types\/noticias"}],"version-history":[{"count":0,"href":"https:\/\/test.madridemprende.anovagroup.es\/en\/wp-json\/wp\/v2\/noticias\/7768\/revisions"}],"wp:featuredmedia":[{"embeddable":true,"href":"https:\/\/test.madridemprende.anovagroup.es\/en\/wp-json\/wp\/v2\/media\/7769"}],"wp:attachment":[{"href":"https:\/\/test.madridemprende.anovagroup.es\/en\/wp-json\/wp\/v2\/media?parent=7768"}],"wp:term":[{"taxonomy":"category","embeddable":true,"href":"https:\/\/test.madridemprende.anovagroup.es\/en\/wp-json\/wp\/v2\/categories?post=7768"},{"taxonomy":"noticias","embeddable":true,"href":"https:\/\/test.madridemprende.anovagroup.es\/en\/wp-json\/wp\/v2\/noticias?post=7768"}],"curies":[{"name":"wp","href":"https:\/\/api.w.org\/{rel}","templated":true}]}}