{"id":7790,"date":"2018-07-17T00:00:00","date_gmt":"2018-07-17T00:00:00","guid":{"rendered":"https:\/\/pre.madridemprende.anovagroup.es\/noticias\/coffee-break-con-montserrat-gallego-de-k-kou\/"},"modified":"2022-06-08T11:00:01","modified_gmt":"2022-06-08T09:00:01","slug":"coffee-break-con-montserrat-gallego-de-k-kou","status":"publish","type":"noticias","link":"https:\/\/test.madridemprende.anovagroup.es\/en\/noticias\/coffee-break-con-montserrat-gallego-de-k-kou\/","title":{"rendered":"Coffee Break con Montserrat Gallego de K-Kou"},"content":{"rendered":"<p class=\\\"MsoNormal\\\" style=\\\"text-align: justify;\\\"><span style=\\\"font-family: lato;\\\"><strong style=\\\"mso-bidi-font-weight: normal;\\\"><span lang=\\\"ES-TRAD\\\" style=\\\"color: black;\\\">Montserrat Gallego<\/span><\/strong><span lang=\\\"ES-TRAD\\\" style=\\\"color: black;\\\"> comenz\u00f3 en el sector de la industria de la moda como si estuviera realizando unos estudios de Formaci\u00f3n Profesional Dual, estudiando y, a su vez, poniendo en pr\u00e1ctica lo aprendido, trabajando en el Ba\u00fal de Estambul.<\/span><\/span><\/p>\n<p class=\\\"MsoNormal\\\" style=\\\"text-align: justify;\\\"><span style=\\\"font-family: lato;\\\">Con ese bagaje profesional, tom\u00f3 la decisi\u00f3n de ejercer el papel de emprendedora, con la apertura y gesti\u00f3n de dos tiendas, para las cuales confeccionaba las prendas que en ellas se vend\u00edan.<\/span><\/p>\n<p class=\\\"MsoNormal\\\" style=\\\"text-align: justify;\\\"><span style=\\\"font-family: lato;\\\"><span lang=\\\"ES-TRAD\\\" style=\\\"color: black;\\\">Esa fue su primera experiencia como empresaria. Posteriormente, fue consciente de que lo que m\u00e1s le gustaba era dise\u00f1ar y gestionar una empresa de confecci\u00f3n<span style=\\\"mso-spacerun: yes;\\\">\u00a0 <\/span>y<span style=\\\"mso-spacerun: yes;\\\">\u00a0 <\/span>se decidi\u00f3 a desarrollar lo que constituy\u00f3 su segundo proyecto empresarial, <\/span><span lang=\\\"ES-TRAD\\\"><a href=\\\"http:\/\/k-kou.com\/\\\"><span style=\\\"color: black;\\\">K-KOU<\/span><\/a><\/span><span lang=\\\"ES-TRAD\\\" style=\\\"color: black;\\\"> Textil. Fabricando prendas para una mujer trabajadora, independiente y dando trabajo a muchas mujeres a trav\u00e9s de talleres que hacen la producci\u00f3n, ampliando as\u00ed, el n\u00famero de prendas por modelo.<\/span><\/span><\/p>\n<p class=\\\"MsoNormal\\\" style=\\\"text-align: justify;\\\"><span style=\\\"font-family: lato;\\\"><span lang=\\\"ES-TRAD\\\" style=\\\"color: black;\\\">Ahora, se encuentra realizando un nuevo proyecto, el de la internacionalizaci\u00f3n de <\/span><span lang=\\\"ES-TRAD\\\"><a href=\\\"http:\/\/k-kou.com\/\\\"><span style=\\\"color: black;\\\">K-KOU<\/span><\/a><\/span><span lang=\\\"ES-TRAD\\\" style=\\\"color: black;\\\">, ya ha comenzado a llevar sus prendas \\\u00bbHechas en Espa\u00f1a\\\u00bb, a Reino Unido e Irlanda, en breve, tiene previsto abordar el mercado italiano.<\/span><\/span><\/p>\n<p class=\\\"MsoNormal\\\" style=\\\"text-align: justify;\\\"><span style=\\\"font-family: lato;\\\">Para iniciar la jornada, las personas asistentes pusieron en com\u00fan, en formato de <em style=\\\"mso-bidi-font-style: normal;\\\">elevator pitch<\/em>, en qu\u00e9 consiste su proyecto y pudieron dejar su tarjeta profesional. As\u00ed, tras finalizar la sesi\u00f3n, pudieron realizar un networking<span style=\\\"mso-spacerun: yes;\\\">\u00a0 <\/span>y generar sinergias entre todos ellos de forma m\u00e1s efectiva.<\/span><\/p>\n<p class=\\\"MsoNormal\\\" style=\\\"text-align: justify;\\\"><span style=\\\"font-family: lato;\\\">Durante su intervenci\u00f3n, Montserrat repaso sus inicios como emprendedora hasta el momento actual, de su intervenci\u00f3n podemos destacar los siguientes puntos:<\/p>\n<p><\/span><\/p>\n<ul>\n<li><span style=\\\"font-family: lato;\\\">\u201cLa inquietud de emprender es la que me llevo a montar mi negocio y no trabajar 8 horas por cuenta ajena\u201d<\/span><\/li>\n<li><span style=\\\"font-family: lato;\\\">\u201cEs necesario estar siempre en contacto con el cliente y contar con su feedback\u201d.<\/span><\/li>\n<li><span style=\\\"font-family: lato;\\\">\u201cDebemos conocer todos los procesos de nuestra empresa para poder controlar y mejorar d\u00eda a d\u00eda\u201d<\/span><\/li>\n<li><span style=\\\"font-family: lato;\\\">\u201cEl cliente es consciente de la calidad de los productos nacionales frente a los asi\u00e1ticos, pero a\u00fan hay que reforzar est\u00e1 tendencia\u201d<\/span><\/li>\n<li><span style=\\\"font-family: lato;\\\">\u201cA la hora de salir fuera es importante hacerlo de la mano de una asociaci\u00f3n o alg\u00fan organismo que nos ayude financieramente y nos ponga contacto en el mercado adecuado\u201d<\/span><\/li>\n<li><span style=\\\"font-family: lato;\\\">\u201cLa omnicanalidad es necesaria, se estima que el sector de la moda de vende hasta un 18% online, aunque sigue siendo un mercado muy de compra en tienda presencial\u201c<\/span><\/li>\n<li><span style=\\\"font-family: lato;\\\">\u201cTener a alguien que te asesore a nivel financiero y a nivel empresarial es vital a la hora de minimizar el fracaso a la hora de emprender tu negocio\u201d<\/span><\/li>\n<\/ul>\n<p class=\\\"MsoNormal\\\" style=\\\"text-align: justify;\\\">\u00a0<\/p>\n<p class=\\\"MsoNormal\\\" style=\\\"text-align: justify;\\\"><span lang=\\\"ES-TRAD\\\" style=\\\"color: black; font-family: lato;\\\">Una vez finalizada la exposici\u00f3n, los asist<\/span><span style=\\\"font-family: lato;\\\"><span lang=\\\"ES-TRAD\\\" style=\\\"color: black;\\\"><span style=\\\"font-family: lato;\\\">entes compartieron un caf\u00e9 y una sesi\u00f3n de <em style=\\\"mso-bidi-font-style: normal;\\\">networking<\/em> en la zona com\u00fan del<a href=\\\"\/es\/apoyo-integral-al-emprendimiento\/espacios-para-emprender\/conoce-los-viveros-de-empresas\/Viveros\/ficha\/e159d7430288c4cd3ebc647be7b1490f\\\"> vivero de empresas de San Blas<\/a>.<\/span><\/span><\/span><\/p>\n<p class=\\\"MsoNormal\\\" style=\\\"text-align: justify;\\\"><span style=\\\"font-family: lato;\\\"><span lang=\\\"ES-TRAD\\\" style=\\\"color: black;\\\">El evento fue trasmitido en directo en nuestra p\u00e1gina de Facebook, puedes consultar el <\/span><span lang=\\\"ES-TRAD\\\"><a href=\\\"https:\/\/www.facebook.com\/MadridEmprende\/videos\/10156377635547165\/\\\"><span style=\\\"color: black;\\\">video de la sesi\u00f3n<\/span><\/a><\/span><span lang=\\\"ES-TRAD\\\" style=\\\"color: black;\\\">.<\/span><\/span><\/p>\n<p class=\\\"MsoNormal\\\" style=\\\"text-align: justify;\\\"><span style=\\\"font-family: lato;\\\"><span lang=\\\"ES-TRAD\\\" style=\\\"color: black;\\\">Para asistir a los\u00a0 <a href=\\\"\/es\/apoyo-integral-al-emprendimiento\/formacion-y-networking\/coffee-break\\\">coffee breaks<\/a>\u00a0<\/span><span lang=\\\"ES-TRAD\\\" style=\\\"color: black;\\\">\u00a0u otros eventos que organizamos no olvides\u00a0<a href=\\\"\/es\/suscripcion2\\\">suscribirte a nuestro bolet\u00edn de actividades<\/a>\u00a0<\/span><span lang=\\\"ES-TRAD\\\" style=\\\"color: black;\\\">\u00a0o consultar nuestra\u00a0<a href=\\\"\/es\/agenda\\\">agenda<\/a><\/span><\/span><\/p>\n","protected":false},"excerpt":{"rendered":"<p>Montserrat Gallego comenz\u00f3 en el sector de la industria de la moda como si&#8230;<\/p>\n","protected":false},"featured_media":7791,"template":"","meta":{"_acf_changed":false},"categories":[],"noticias":[],"class_list":["post-7790","noticias","type-noticias","status-publish","has-post-thumbnail","hentry"],"acf":[],"_links":{"self":[{"href":"https:\/\/test.madridemprende.anovagroup.es\/en\/wp-json\/wp\/v2\/noticias\/7790"}],"collection":[{"href":"https:\/\/test.madridemprende.anovagroup.es\/en\/wp-json\/wp\/v2\/noticias"}],"about":[{"href":"https:\/\/test.madridemprende.anovagroup.es\/en\/wp-json\/wp\/v2\/types\/noticias"}],"version-history":[{"count":0,"href":"https:\/\/test.madridemprende.anovagroup.es\/en\/wp-json\/wp\/v2\/noticias\/7790\/revisions"}],"wp:featuredmedia":[{"embeddable":true,"href":"https:\/\/test.madridemprende.anovagroup.es\/en\/wp-json\/wp\/v2\/media\/7791"}],"wp:attachment":[{"href":"https:\/\/test.madridemprende.anovagroup.es\/en\/wp-json\/wp\/v2\/media?parent=7790"}],"wp:term":[{"taxonomy":"category","embeddable":true,"href":"https:\/\/test.madridemprende.anovagroup.es\/en\/wp-json\/wp\/v2\/categories?post=7790"},{"taxonomy":"noticias","embeddable":true,"href":"https:\/\/test.madridemprende.anovagroup.es\/en\/wp-json\/wp\/v2\/noticias?post=7790"}],"curies":[{"name":"wp","href":"https:\/\/api.w.org\/{rel}","templated":true}]}}