{"id":7856,"date":"2018-11-16T00:00:00","date_gmt":"2018-11-16T00:00:00","guid":{"rendered":"https:\/\/pre.madridemprende.anovagroup.es\/noticias\/el-futuro-del-comercio-protagoniza-la-cuarta-edicion-de-madrid-retail-congress\/"},"modified":"2022-06-08T10:59:30","modified_gmt":"2022-06-08T08:59:30","slug":"el-futuro-del-comercio-protagoniza-la-cuarta-edicion-de-madrid-retail-congress","status":"publish","type":"noticias","link":"https:\/\/test.madridemprende.anovagroup.es\/en\/noticias\/el-futuro-del-comercio-protagoniza-la-cuarta-edicion-de-madrid-retail-congress\/","title":{"rendered":"El futuro del comercio protagoniza la cuarta edici\u00f3n de Madrid Retail Congress"},"content":{"rendered":"<p class=\\\"MsoNormal\\\"><span style=\\\"font-family: Lato; mso-ansi-language: ES;\\\">La evoluci\u00f3n que est\u00e1 experimentando el comercio minorista es imparable, especialmente en cuanto a digitalizaci\u00f3n y uso de nuevas herramientas tecnol\u00f3gicas. La necesidad de adaptaci\u00f3n del comercio, al margen de su tama\u00f1o, para mantener su competitividad ante las expectativas del nuevo consumidor digital, debe abarcar todos los aspectos de las empresas y a todos sus miembros.<\/span><\/p>\n<p class=\\\"MsoNormal\\\"><span style=\\\"font-family: Lato; mso-ansi-language: ES;\\\">La cuarta edici\u00f3n de <strong><em>Madrid Retail Congress<\/em><\/strong>, que se celebrar\u00e1 los d\u00edas 27 y 28 de noviembre bajo el lema <strong>\u201cLa hora del Nuevo Retail\u201d<\/strong>, har\u00e1 un repaso de las tendencias del sector y ser\u00e1 el espacio perfecto de debate donde perfilar el futuro del <em>retail<\/em>.<\/span><\/p>\n<p class=\\\"MsoNormal\\\"><span style=\\\"font-family: Lato; mso-ansi-language: ES;\\\">El evento tendr\u00e1 lugar en el Palacio de los Duques de Pastrana, Paseo de la Habana 208, de Madrid.<\/span><\/p>\n<p class=\\\"MsoNormal\\\"><span style=\\\"font-family: Lato; mso-ansi-language: ES;\\\">Dentro del extenso programa de los dos d\u00edas de congreso destacan conferencias y debates dedicados a la omnicanalidad, a los nuevos modelos de negocio, o a la convivencia de las pymes del comercio con los gigantes <em>online. <\/em>Directivos de empresas como El Corte Ingl\u00e9s, Carrefour, Kantar TNS, Nielsen, Tendam Retail, Conforama, S\u00e1nchez Romero, Multi\u00f3pticas, Springfield, Covir\u00e1n, Capkelenn, Lukapp o Somoscompra, entre otros, compartir\u00e1n con los asistentes experiencias e inquietudes ante la nueva era para el comercio.<\/span><\/p>\n<p class=\\\"MsoNormal\\\"><span style=\\\"font-family: Lato; mso-ansi-language: ES;\\\">Como principal novedad este a\u00f1o, el programa paralelo de <em>Madrid Retail Tech <\/em>reunir\u00e1 a expertos en Inteligencia Artificial, Big Data, eCuponing, Fidelizaci\u00f3n, Visual Merchandising y mucho m\u00e1s. Adem\u00e1s, de la mano de la C\u00e1mara de Comercio de Madrid, volver\u00e1 a celebrarse el Visual Tour, un recorrido por los principales comercios de Madrid en el que expertos en escaparatismo desvelar\u00e1n las principales claves del \u00e9xito en este aspecto tan relevante para el comercio.<\/span><\/p>\n<p class=\\\"MsoNormal\\\"><span style=\\\"font-family: Lato; mso-ansi-language: ES;\\\">En s\u00f3lo tres ediciones, <em>Madrid Retail Congress<\/em> se ha consolidado como el mayo evento para el sector del\u00a0 <em>retail <\/em>en Espa\u00f1a.<\/span><\/p>\n<p class=\\\"MsoNormal\\\"><span style=\\\"font-family: Lato; mso-ansi-language: ES;\\\">El congreso est\u00e1 organizado por la Confederaci\u00f3n Espa\u00f1ola de Comercio (CEC), la Confederaci\u00f3n de Comercio de Madrid (COCEM), y el grupo editorial D\/A Retail. Adem\u00e1s cuenta con el apoyo, entre otros, del Banco de Santander, el Ministerio de Industria, Comercio y Turismo, la C\u00e1mara de Comercio de Espa\u00f1a, la Comunidad de Madrid y <strong>el Ayuntamiento de Madrid<\/strong>.<\/span><\/p>\n<p class=\\\"MsoNormal\\\"><span style=\\\"font-family: Lato; mso-ansi-language: ES;\\\">Madrid Retail Congress puede seguirse en twitter mediante el hastag #MRC18.<\/span><\/p>\n<p class=\\\"MsoNormal\\\"><span style=\\\"font-family: Lato; mso-ansi-language: ES;\\\">Los interesados pueden consultar el programa e inscribirse en la web <\/span><span lang=\\\"EN-US\\\"><a href=\\\"https:\/\/madridretailcongress.com\/\\\"><span lang=\\\"ES\\\" style=\\\"font-family: Lato; mso-ansi-language: ES;\\\">https:\/\/madridretailcongress.com\/<\/span><\/a><\/span><span style=\\\"font-family: Lato; mso-ansi-language: ES;\\\">.<\/span><\/p>\n","protected":false},"excerpt":{"rendered":"<p>La evoluci\u00f3n que est\u00e1 experimentando el comercio minorista es imparable,&#8230;<\/p>\n","protected":false},"featured_media":7857,"template":"","meta":{"_acf_changed":false},"categories":[],"noticias":[],"class_list":["post-7856","noticias","type-noticias","status-publish","has-post-thumbnail","hentry"],"acf":[],"_links":{"self":[{"href":"https:\/\/test.madridemprende.anovagroup.es\/en\/wp-json\/wp\/v2\/noticias\/7856"}],"collection":[{"href":"https:\/\/test.madridemprende.anovagroup.es\/en\/wp-json\/wp\/v2\/noticias"}],"about":[{"href":"https:\/\/test.madridemprende.anovagroup.es\/en\/wp-json\/wp\/v2\/types\/noticias"}],"version-history":[{"count":0,"href":"https:\/\/test.madridemprende.anovagroup.es\/en\/wp-json\/wp\/v2\/noticias\/7856\/revisions"}],"wp:featuredmedia":[{"embeddable":true,"href":"https:\/\/test.madridemprende.anovagroup.es\/en\/wp-json\/wp\/v2\/media\/7857"}],"wp:attachment":[{"href":"https:\/\/test.madridemprende.anovagroup.es\/en\/wp-json\/wp\/v2\/media?parent=7856"}],"wp:term":[{"taxonomy":"category","embeddable":true,"href":"https:\/\/test.madridemprende.anovagroup.es\/en\/wp-json\/wp\/v2\/categories?post=7856"},{"taxonomy":"noticias","embeddable":true,"href":"https:\/\/test.madridemprende.anovagroup.es\/en\/wp-json\/wp\/v2\/noticias?post=7856"}],"curies":[{"name":"wp","href":"https:\/\/api.w.org\/{rel}","templated":true}]}}