{"id":7922,"date":"2019-02-26T00:00:00","date_gmt":"2019-02-26T00:00:00","guid":{"rendered":"https:\/\/pre.madridemprende.anovagroup.es\/noticias\/coffee-break-con-javier-sanchez-garcia-cofundador-de-crowd-centaurs\/"},"modified":"2022-06-08T10:59:02","modified_gmt":"2022-06-08T08:59:02","slug":"coffee-break-con-javier-sanchez-garcia-cofundador-de-crowd-centaurs","status":"publish","type":"noticias","link":"https:\/\/test.madridemprende.anovagroup.es\/en\/noticias\/coffee-break-con-javier-sanchez-garcia-cofundador-de-crowd-centaurs\/","title":{"rendered":"Coffee Break con Javier S\u00e1nchez Garc\u00eda cofundador de Crowd Centaurs"},"content":{"rendered":"<p style=\"text-align: justify;\">Para iniciar la jornada, los emprendedores y emprendedoras asistentes pusieron en com\u00fan, y en formato de Elevator Pitch, en qu\u00e9 consiste su proyecto y pudieron dejar su tarjeta profesional. Tras finalizar la sesi\u00f3n pudiera realizar un networking y generar sinergias entre todos ellos de forma m\u00e1s efectiva.<\/p>\n<p style=\"text-align: justify;\">Javier nos cont\u00f3 como fueron sus inicios en el emprendimiento: \u201c<em style=\"box-sizing: border-box;\">cuando mont\u00e9 mi primera empresa comet\u00ed todos los errores posibles. He emprendido desde que termin\u00e9 la universidad, particip\u00e9 en la iniciativa\u00a0<a style=\"box-sizing: border-box; color: #337ab7; text-decoration-line: none;\" href=\"https:\/\/startuc3m.com\/\" target=\"_blank\" rel=\"noopener\">Startuc3m<\/a>, que conectaba a emprendedores del ecosistema universitario<\/em>\u201d.<\/p>\n<p style=\"text-align: justify;\">Una de las ventajas de emprender, seg\u00fan Javier es que,\u00a0<em style=\"box-sizing: border-box;\">\u201ccomo empresario y emprendedor siempre me he podido dedicar a aquello que me gustaba, actualmente<\/em>\u00a0<em style=\"box-sizing: border-box;\">me dedico a proyectos que busquen impactar la vida de millones de personas o que cambien industrias o sectores de forma positiva<\/em>\u201d.<\/p>\n<p style=\"text-align: justify;\">Nos describi\u00f3 la figura de \u201c<em style=\"box-sizing: border-box;\">Venture Builder\u201d<\/em>, \u201c<em style=\"box-sizing: border-box;\">es un concepto novedoso que pone en valor el conocimiento de las empresas, aceleradoras, incubadoras, etc. para crear nuevas compa\u00f1\u00edas y proyectos rentables. Se lanzan como empresa cuando ya est\u00e1n funcionando. Es un modelo muy interesante para emprendedores que tengan miedo a lanzar su idea ellos solos, una de las empresas del grupo es\u00a0<\/em><em style=\"box-sizing: border-box;\"><a style=\"box-sizing: border-box; color: #337ab7; text-decoration-line: none;\" href=\"https:\/\/www.crowdcentaurs.com\/ES\/\" target=\"_blank\" rel=\"noopener\">Crowd Centaurs<\/a><\/em><em style=\"box-sizing: border-box;\">\u00a0en la que damos soluciones para los medios y generadores de contenidos, para que puedan generar ingreso y evitar el clientelismos y que est\u00e9n controlados por los grandes medios y puedan ser m\u00e1s independientes<\/em>\u201d.<\/p>\n<p style=\"text-align: justify;\">Una vez finalizada la exposici\u00f3n, los asistentes compartieron un caf\u00e9 y una sesi\u00f3n de\u00a0<em style=\"box-sizing: border-box;\">networking<\/em>\u00a0en la zona com\u00fan del\u00a0<a style=\"box-sizing: border-box; color: #337ab7; text-decoration-line: none;\" href=\"\/es\/apoyo-integral-al-emprendimiento\/espacios-para-emprender\/conoce-los-viveros-de-empresas\/Viveros\/ficha\/4728d57df9ddd693aebc6893018681e3\/\">vivero de Carabanchel<\/a>.<\/p>\n<p style=\"text-align: justify;\">El evento fue trasmitido en directo en nuestra p\u00e1gina de Facebook, puedes consultar el\u00a0<a style=\"box-sizing: border-box; color: #337ab7; text-decoration-line: none;\" href=\"https:\/\/www.facebook.com\/MadridEmprende\/videos\/561748497661061\/\">video de la sesi\u00f3n<\/a>.<\/p>\n<p style=\"text-align: justify;\">Para asistir a los\u00a0<em style=\"box-sizing: border-box;\"><span style=\"box-sizing: border-box; text-decoration: underline;\"><a style=\"box-sizing: border-box; color: #337ab7; text-decoration-line: none;\" href=\"https:\/\/pre.madridemprende.anovagroup.es\/es\/apoyo-integral-al-emprendimiento\/formacion-y-networking\/coffee-break\">Coffee Breaks<\/a><\/span><\/em>\u00a0u otros eventos que organizamos no olvides\u00a0<span style=\"box-sizing: border-box; text-decoration: underline;\"><a style=\"box-sizing: border-box; color: #337ab7; text-decoration-line: none;\" href=\"https:\/\/pre.madridemprende.anovagroup.es\/es\/suscripcion2\">suscribirte a nuestro bolet\u00edn<\/a><\/span>\u00a0de actividades o consultar nuestra\u00a0<span style=\"box-sizing: border-box; text-decoration: underline;\"><a style=\"box-sizing: border-box; color: #337ab7; text-decoration-line: none;\" href=\"https:\/\/pre.madridemprende.anovagroup.es\/es\/agenda\">agenda<\/a><\/span><\/p>\n","protected":false},"excerpt":{"rendered":"<p>Para iniciar la jornada, los emprendedores y emprendedoras asistentes&#8230;<\/p>\n","protected":false},"featured_media":7923,"template":"","meta":{"_acf_changed":false},"categories":[],"noticias":[],"class_list":["post-7922","noticias","type-noticias","status-publish","has-post-thumbnail","hentry"],"acf":[],"_links":{"self":[{"href":"https:\/\/test.madridemprende.anovagroup.es\/en\/wp-json\/wp\/v2\/noticias\/7922"}],"collection":[{"href":"https:\/\/test.madridemprende.anovagroup.es\/en\/wp-json\/wp\/v2\/noticias"}],"about":[{"href":"https:\/\/test.madridemprende.anovagroup.es\/en\/wp-json\/wp\/v2\/types\/noticias"}],"version-history":[{"count":0,"href":"https:\/\/test.madridemprende.anovagroup.es\/en\/wp-json\/wp\/v2\/noticias\/7922\/revisions"}],"wp:featuredmedia":[{"embeddable":true,"href":"https:\/\/test.madridemprende.anovagroup.es\/en\/wp-json\/wp\/v2\/media\/7923"}],"wp:attachment":[{"href":"https:\/\/test.madridemprende.anovagroup.es\/en\/wp-json\/wp\/v2\/media?parent=7922"}],"wp:term":[{"taxonomy":"category","embeddable":true,"href":"https:\/\/test.madridemprende.anovagroup.es\/en\/wp-json\/wp\/v2\/categories?post=7922"},{"taxonomy":"noticias","embeddable":true,"href":"https:\/\/test.madridemprende.anovagroup.es\/en\/wp-json\/wp\/v2\/noticias?post=7922"}],"curies":[{"name":"wp","href":"https:\/\/api.w.org\/{rel}","templated":true}]}}