{"id":7964,"date":"2019-05-22T00:00:00","date_gmt":"2019-05-22T00:00:00","guid":{"rendered":"https:\/\/pre.madridemprende.anovagroup.es\/noticias\/vuelve-luminaria-al-mercado-municipal-de-jesus-del-gran-poder\/"},"modified":"2022-06-08T10:46:51","modified_gmt":"2022-06-08T08:46:51","slug":"vuelve-luminaria-al-mercado-municipal-de-jesus-del-gran-poder","status":"publish","type":"noticias","link":"https:\/\/test.madridemprende.anovagroup.es\/en\/noticias\/vuelve-luminaria-al-mercado-municipal-de-jesus-del-gran-poder\/","title":{"rendered":"Vuelve Luminaria al Mercado Municipal de Jes\u00fas del Gran Poder"},"content":{"rendered":"<p><a href=\"https:\/\/www.luminaria-usera.com\/nosotros.php\" target=\"_blank\" rel=\"noopener\">Luminaria<\/a>\u00a0es una plataforma cultural creada por artistas que busca la conexi\u00f3n entre el arte contempor\u00e1neo en entornos urbanos. Su trabajo se concreta en una muestra anual de los trabajos seleccionados en los Mercados municipales y espacios p\u00fablicos del Distrito de Usera. El objetivo es acercar el arte contempor\u00e1neo a un p\u00fablico no habituado a ello, animando a la ciudadan\u00eda a trav\u00e9s de diveras actividades a visitar la exposici\u00f3n y concebir la cultura y el arte como motores del crecimiento personal y colectivo.<br \/>En esta ocasi\u00f3n el <a href=\"\/es\/comercio-y-mercados\/mercados-municipales\/mercados-de-madrid\/Mercados\/ficha\/ab4e8ed4c6bbb18f7647b758d1147940\/\" target=\"_blank\" rel=\"noopener\">Mercado Municipal del Jes\u00fas del Gran Poder <\/a>acoger\u00e1 nuevamente la muestra desde el d\u00eda 25 de mayo al 1 de junio.<br \/>\u00a1\u00a1\u00a1\u00a1\u00a1An\u00edmate!!!!<\/p>\n","protected":false},"excerpt":{"rendered":"<p>Luminaria\u00a0es una plataforma cultural creada por artistas que busca la&#8230;<\/p>\n","protected":false},"featured_media":7965,"template":"","meta":{"_acf_changed":false},"categories":[],"noticias":[],"class_list":["post-7964","noticias","type-noticias","status-publish","has-post-thumbnail","hentry"],"acf":[],"_links":{"self":[{"href":"https:\/\/test.madridemprende.anovagroup.es\/en\/wp-json\/wp\/v2\/noticias\/7964"}],"collection":[{"href":"https:\/\/test.madridemprende.anovagroup.es\/en\/wp-json\/wp\/v2\/noticias"}],"about":[{"href":"https:\/\/test.madridemprende.anovagroup.es\/en\/wp-json\/wp\/v2\/types\/noticias"}],"version-history":[{"count":0,"href":"https:\/\/test.madridemprende.anovagroup.es\/en\/wp-json\/wp\/v2\/noticias\/7964\/revisions"}],"wp:featuredmedia":[{"embeddable":true,"href":"https:\/\/test.madridemprende.anovagroup.es\/en\/wp-json\/wp\/v2\/media\/7965"}],"wp:attachment":[{"href":"https:\/\/test.madridemprende.anovagroup.es\/en\/wp-json\/wp\/v2\/media?parent=7964"}],"wp:term":[{"taxonomy":"category","embeddable":true,"href":"https:\/\/test.madridemprende.anovagroup.es\/en\/wp-json\/wp\/v2\/categories?post=7964"},{"taxonomy":"noticias","embeddable":true,"href":"https:\/\/test.madridemprende.anovagroup.es\/en\/wp-json\/wp\/v2\/noticias?post=7964"}],"curies":[{"name":"wp","href":"https:\/\/api.w.org\/{rel}","templated":true}]}}