{"id":8016,"date":"2019-09-23T00:00:00","date_gmt":"2019-09-23T00:00:00","guid":{"rendered":"https:\/\/pre.madridemprende.anovagroup.es\/noticias\/ii-concurso-de-ideas-tecnologicas-para-el-comercio-minorista\/"},"modified":"2022-06-08T10:56:36","modified_gmt":"2022-06-08T08:56:36","slug":"ii-concurso-de-ideas-tecnologicas-para-el-comercio-minorista","status":"publish","type":"noticias","link":"https:\/\/test.madridemprende.anovagroup.es\/en\/noticias\/ii-concurso-de-ideas-tecnologicas-para-el-comercio-minorista\/","title":{"rendered":"II Concurso de ideas tecnol\u00f3gicas para el comercio minorista"},"content":{"rendered":"<div style=\"text-align: left;\"><span style=\"font-family: lato; font-size: 12pt;\">La finalidad de los premios <strong>es seleccionar las mejores ideas o soluciones innovadoras<\/strong>, de base tecnol\u00f3gica, <strong>en los procesos propios de la actividad comercial minorista<\/strong> e incorporables a los mismos. Se pretende <strong>fomentar la modernizaci\u00f3n del peque\u00f1o comercio de proximidad<\/strong>, a trav\u00e9s de las nuevas tecnolog\u00edas y la digitalizaci\u00f3n, y <strong>promover el talento y la innovaci\u00f3n para generar soluciones tecnol\u00f3gicas<\/strong> en el comercio minorista de manera que se dinamice y modernice dicha actividad comercial.<\/p>\n<p><\/span><\/div>\n<div style=\"text-align: left;\"><span style=\"font-size: 12pt;\"><strong><span style=\"font-family: lato;\">Pueden presentarse a la convocatoria:<\/p>\n<p><\/span><\/strong><\/span><\/div>\n<div style=\"text-align: left;\"><span style=\"font-family: lato; font-size: 12pt;\">a) Las personas f\u00edsicas, de nacionalidad espa\u00f1ola o de alg\u00fan pa\u00eds miembro de la Uni\u00f3n Europea<\/span><\/div>\n<div style=\"text-align: left;\"><span style=\"font-family: lato; font-size: 12pt;\">b) Personas jur\u00eddicas que, cumpliendo las dem\u00e1s condiciones de la convocatoria, desarrollen software, hardware o sensoring aplicable a su negocio en la actividad comercial minorista<\/span><\/div>\n<div style=\"text-align: left;\"><span style=\"font-family: lato; font-size: 12pt;\"><br \/><strong>El concurso tiene diferentes categor\u00edas:\u00a0<\/p>\n<p><\/strong><\/span><\/div>\n<div style=\"text-align: left;\"><span style=\"font-family: lato; font-size: 12pt;\">a) Ideas orientadas a la tecnificaci\u00f3n de los negocios comerciales con venta presencial<\/span><\/div>\n<div style=\"text-align: left;\"><span style=\"font-family: lato; font-size: 12pt;\">b) Ideas orientadas a la tecnificaci\u00f3n de los negocios que gestionen dos canales de venta<\/span><\/div>\n<div style=\"text-align: left;\"><span style=\"font-family: lato; font-size: 12pt;\">c) Ideas orientadas a dotar de soluciones tecnol\u00f3gicas las \u00e1reas comerciales urbanas, establecimientos comerciales colectivos y mercados municipales<\/span><\/div>\n<div style=\"text-align: left;\"><span style=\"font-family: lato; font-size: 12pt;\"><br \/>Los premios se conceder\u00e1n en r\u00e9gimen de concurrencia competitiva. <strong>Se premiar\u00e1n las cuatro mejores ideas<\/strong>.<\/p>\n<p><\/span><\/div>\n<div style=\"text-align: left;\"><span style=\"font-family: lato; font-size: 12pt;\"><strong>El primer premio conllevar\u00e1 una dotaci\u00f3n econ\u00f3mica de 2.600 euros<\/strong> y los premios restantes ser\u00e1n de igual importe hasta sumar el montante m\u00e1ximo de 5.000 euros.\u00a0<\/p>\n<p><\/span><\/div>\n<div style=\"text-align: left;\"><span style=\"font-family: lato; font-size: 12pt;\">Adem\u00e1s, los ganadores podr\u00e1n disfrutar de las siguientes soluciones de la cartera de servicios de la Sociedad Estatal de Correos y Tel\u00e9grafos S.A. durante el a\u00f1o siguiente a la selecci\u00f3n del proyecto en el concurso de ideas:<\/span><\/div>\n<div style=\"text-align: left;\"><span style=\"font-family: lato; font-size: 12pt;\">&#8211; Utilizaci\u00f3n de las infraestructuras de CorreosLabs con el objeto de desarrollar e implementar sus proyectos<\/span><\/div>\n<div style=\"text-align: left;\"><span style=\"font-family: lato; font-size: 12pt;\">&#8211; Utilizaci\u00f3n de las soluciones de Correos para vender por internet (Comandia) con un 50% de descuento sobre las tarifas de los planes publicados y un 20% de descuento sobre el servicio de dise\u00f1o y puesta en marcha<\/span><\/div>\n<div style=\"text-align: left;\"><span style=\"font-family: lato; font-size: 12pt;\">&#8211; Beneficio del uso de soluciones de paqueter\u00eda de Correos con precios promocionados y descuentos sobre las tarifas publicadas<\/span><\/div>\n<div style=\"text-align: left;\"><span style=\"font-family: lato; font-size: 12pt;\"><br \/>Tambi\u00e9n podr\u00e1n ser objeto de menci\u00f3n con car\u00e1cter honor\u00edfico otras ideas, sin dotaci\u00f3n econ\u00f3mica alguna.<\/span><\/div>\n<div style=\"text-align: left;\"><span style=\"font-family: lato; font-size: 12pt;\"><br \/><strong>El plazo para la presentaci\u00f3n de las solicitudes finalizar\u00e1 el 31 de octubre de 2019<\/strong>.\u00a0<\/span><\/div>\n<div style=\"text-align: left;\"><span style=\"font-size: 12pt;\"><span style=\"font-family: lato;\"><br \/>Los interesados podr\u00e1n presentar su solicitud de participaci\u00f3n en formato digital siguiendo los modelos anexados en la convocatoria y envi\u00e1ndolos por v\u00eda telem\u00e1tica a la siguiente direcci\u00f3n:\u00a0<br \/><\/span><span style=\"font-family: lato;\"><a href=\"mailto:areaeconomica@femp.es\">areaeconomica@femp.es<\/a><\/span><span style=\"font-family: lato;\"><br \/>\u00a0<\/span><\/span><\/div>\n<div style=\"text-align: left;\"><span style=\"font-family: lato; font-size: 12pt;\"><strong>Para m\u00e1s informaci\u00f3n<\/strong>:\u00a0\u00a0<\/span><\/div>\n<div style=\"text-align: left;\"><span style=\"font-family: lato; font-size: 12pt;\"><br \/>La FEMP estar\u00e1 a disposici\u00f3n de los candidatos para posibles aclaraciones o informaci\u00f3n adicional que puedan requerir en la anterior direcci\u00f3n de correo electr\u00f3nico o en el n\u00ba de tel\u00e9fono 913 643 700.<\/span><\/div>\n<div style=\"text-align: left;\"><span style=\"font-family: lato; font-size: 12pt;\"><br \/><strong>Enlaces de inter\u00e9s<\/strong>:<\/p>\n<p><\/span><\/div>\n<div style=\"text-align: left;\"><span style=\"font-family: lato; font-size: 12pt;\"><a href=\"https:\/\/www.boe.es\/diario_boe\/txt.php?id=BOE-B-2019-38927\" target=\"_blank\" rel=\"noopener\">Resoluci\u00f3n 190909. Bolet\u00edn Oficial del Estado n\u00famero 224 de 18 de septiembre de 2019. (Extracto-Convocatoria)<\/a><\/span><\/div>\n<div style=\"text-align: left;\"><span style=\"font-family: lato; font-size: 12pt;\"><a href=\"https:\/\/www.boe.es\/diario_boe\/txt.php?id=BOE-A-2019-3378\" target=\"_blank\" rel=\"noopener\">Orden ICT\/267\/2019. Bolet\u00edn Oficial del Estado n\u00famero 58 de 8 de marzo de 2019. (Bases reguladoras)<\/a><\/span><\/div>\n","protected":false},"excerpt":{"rendered":"<p>La finalidad de los premios es seleccionar las mejores ideas o soluciones&#8230;<\/p>\n","protected":false},"featured_media":8017,"template":"","meta":{"_acf_changed":false},"categories":[],"noticias":[],"class_list":["post-8016","noticias","type-noticias","status-publish","has-post-thumbnail","hentry"],"acf":[],"_links":{"self":[{"href":"https:\/\/test.madridemprende.anovagroup.es\/en\/wp-json\/wp\/v2\/noticias\/8016"}],"collection":[{"href":"https:\/\/test.madridemprende.anovagroup.es\/en\/wp-json\/wp\/v2\/noticias"}],"about":[{"href":"https:\/\/test.madridemprende.anovagroup.es\/en\/wp-json\/wp\/v2\/types\/noticias"}],"version-history":[{"count":0,"href":"https:\/\/test.madridemprende.anovagroup.es\/en\/wp-json\/wp\/v2\/noticias\/8016\/revisions"}],"wp:featuredmedia":[{"embeddable":true,"href":"https:\/\/test.madridemprende.anovagroup.es\/en\/wp-json\/wp\/v2\/media\/8017"}],"wp:attachment":[{"href":"https:\/\/test.madridemprende.anovagroup.es\/en\/wp-json\/wp\/v2\/media?parent=8016"}],"wp:term":[{"taxonomy":"category","embeddable":true,"href":"https:\/\/test.madridemprende.anovagroup.es\/en\/wp-json\/wp\/v2\/categories?post=8016"},{"taxonomy":"noticias","embeddable":true,"href":"https:\/\/test.madridemprende.anovagroup.es\/en\/wp-json\/wp\/v2\/noticias?post=8016"}],"curies":[{"name":"wp","href":"https:\/\/api.w.org\/{rel}","templated":true}]}}