{"id":8030,"date":"2019-10-09T00:00:00","date_gmt":"2019-10-09T00:00:00","guid":{"rendered":"https:\/\/pre.madridemprende.anovagroup.es\/noticias\/madrid-emprende-participa-en-la-i-feria-de-empleo-y-alimentacion\/"},"modified":"2022-06-08T10:56:35","modified_gmt":"2022-06-08T08:56:35","slug":"madrid-emprende-participa-en-la-i-feria-de-empleo-y-alimentacion","status":"publish","type":"noticias","link":"https:\/\/test.madridemprende.anovagroup.es\/en\/noticias\/madrid-emprende-participa-en-la-i-feria-de-empleo-y-alimentacion\/","title":{"rendered":"Madrid Emprende participa en la I Feria de Empleo y Alimentaci\u00f3n"},"content":{"rendered":"<div class=\"MsoNormal\" style=\"line-height: 150%; text-align: justify;\"><span style=\"line-height: 150%; font-family: lato; color: #333333; background: white;\">El pabell\u00f3n de la Casa de Campo acogi\u00f3 el 8 de octubre la I Feria de Empleo y Alimentaci\u00f3n, organizada por la Agencia para el Empleo del Ayuntamiento de Madrid.<\/span><\/div>\n<div class=\"MsoNormal\" style=\"line-height: 150%; text-align: justify;\"><span style=\"line-height: 150%; font-family: lato; color: #333333; background: white;\"><br \/>Madrid Emprende particip\u00f3 impartiendo la conferencia \u00ab<em>El Secreto de las secuoyas para emprender<\/em>\u00bb con la finalidad de mostrar todos los servicios de apoyo integral al emprendimiento que el Ayuntamiento de Madrid ofrece a las personas emprendedoras de la ciudad de Madrid desde que surge su idea de negocio hasta la fase de creaci\u00f3n, desarrollo y consolidaci\u00f3n de la empresa.<\/span><\/div>\n<div class=\"MsoNormal\" style=\"line-height: 150%; text-align: justify;\"><span style=\"line-height: 150%; font-family: lato; color: #333333; background: white;\"><br \/>La conferencia finaliz\u00f3 con un animado turno de preguntas, en el que los asistentes se interesaron por el funcionamiento de la red de viveros de empresas, itinerarios de formaci\u00f3n, puntos PAE (Puntos de Atenci\u00f3n al Emprendedor), &#8230; invit\u00e1ndoles a participar del ecosistema emprendedor de la ciudad.<\/span><\/div>\n<div class=\"MsoNormal\" style=\"line-height: 150%; text-align: justify;\"><span style=\"line-height: 150%; font-family: lato; color: #333333; background: white;\"><br \/>La feria cont\u00f3 con la visita de la vicealcaldesa de Madrid, Bego\u00f1a Villac\u00eds, junto con el concejal del \u00c1rea de Econom\u00eda, Innovaci\u00f3n y Empleo, Miguel \u00c1ngel Redondo, y el concejal delegado de Empleo, Innovaci\u00f3n y Emprendimiento, \u00c1ngel Ni\u00f1o. <\/span><\/div>\n<div class=\"MsoNormal\" style=\"line-height: 150%; text-align: justify;\"><span style=\"line-height: 150%; font-family: lato; color: #333333; background: white;\">Cerca de 2.000 personas asistieron a este evento y tuvieron la oportunidad de conocer los servicios de orientaci\u00f3n laboral y b\u00fasqueda de empleo. <\/p>\n<p>Tienes m\u00e1s informaci\u00f3n en\u00a0<a href=\"\/es\/apoyo-integral-al-emprendimiento\" target=\"_blank\" rel=\"noopener\">apoyo integral al emprendimiento<\/a> de la web madridemprende.es<\/span><\/div>\n<div style=\"text-align: justify;\">\n<\/div>\n","protected":false},"excerpt":{"rendered":"<p>El pabell\u00f3n de la Casa de Campo acogi\u00f3 el 8 de octubre la I Feria de Empleo&#8230;<\/p>\n","protected":false},"featured_media":8031,"template":"","meta":{"_acf_changed":false},"categories":[],"noticias":[],"class_list":["post-8030","noticias","type-noticias","status-publish","has-post-thumbnail","hentry"],"acf":[],"_links":{"self":[{"href":"https:\/\/test.madridemprende.anovagroup.es\/en\/wp-json\/wp\/v2\/noticias\/8030"}],"collection":[{"href":"https:\/\/test.madridemprende.anovagroup.es\/en\/wp-json\/wp\/v2\/noticias"}],"about":[{"href":"https:\/\/test.madridemprende.anovagroup.es\/en\/wp-json\/wp\/v2\/types\/noticias"}],"version-history":[{"count":0,"href":"https:\/\/test.madridemprende.anovagroup.es\/en\/wp-json\/wp\/v2\/noticias\/8030\/revisions"}],"wp:featuredmedia":[{"embeddable":true,"href":"https:\/\/test.madridemprende.anovagroup.es\/en\/wp-json\/wp\/v2\/media\/8031"}],"wp:attachment":[{"href":"https:\/\/test.madridemprende.anovagroup.es\/en\/wp-json\/wp\/v2\/media?parent=8030"}],"wp:term":[{"taxonomy":"category","embeddable":true,"href":"https:\/\/test.madridemprende.anovagroup.es\/en\/wp-json\/wp\/v2\/categories?post=8030"},{"taxonomy":"noticias","embeddable":true,"href":"https:\/\/test.madridemprende.anovagroup.es\/en\/wp-json\/wp\/v2\/noticias?post=8030"}],"curies":[{"name":"wp","href":"https:\/\/api.w.org\/{rel}","templated":true}]}}