{"id":8032,"date":"2019-10-10T00:00:00","date_gmt":"2019-10-10T00:00:00","guid":{"rendered":"https:\/\/pre.madridemprende.anovagroup.es\/noticias\/coffee-break-con-julio-rodriguez-de-avanda-consultores\/"},"modified":"2022-06-08T10:56:35","modified_gmt":"2022-06-08T08:56:35","slug":"coffee-break-con-julio-rodriguez-de-avanda-consultores","status":"publish","type":"noticias","link":"https:\/\/test.madridemprende.anovagroup.es\/en\/noticias\/coffee-break-con-julio-rodriguez-de-avanda-consultores\/","title":{"rendered":"Coffee Break con Julio Rodr\u00edguez de Avanda Consultores"},"content":{"rendered":"<div class=\"MsoNormal\" style=\"text-align: justify;\"><span style=\"font-family: lato; font-size: 12pt;\"><span lang=\"ES-TRAD\" style=\"background: white;\">Julio Rodr\u00edguez en los \u00faltimos 17 a\u00f1os ha sido socio director de Avanda Consultores, liderando numerosas jornadas formativas en m\u00e1s de 100 empresas nacionales e internacionales y escuelas de negocio. Ha implantado programas de <em>mentoring<\/em>, siendo actualmente director de la red de <a href=\"https:\/\/www.mentoringspain.es\/\" target=\"_blank\" rel=\"noopener\"><em>mentoring<\/em> de Espa\u00f1a<\/a>,<\/span><span lang=\"ES-TRAD\" style=\"background: white;\">\u00a0donde crean programas formales con un <em>pool<\/em> de m\u00e1s de 500 mentores.<\/span><\/span><\/div>\n<div class=\"MsoNormal\" style=\"text-align: justify;\"><span lang=\"ES-TRAD\" style=\"font-family: lato; background: white; font-size: 12pt;\">\u00a0<\/span><\/div>\n<div class=\"MsoNormal\" style=\"text-align: justify;\"><span lang=\"ES-TRAD\" style=\"font-family: lato; background: white; font-size: 12pt;\">Nos dio dos definiciones de qu\u00e9 es el <em>mentoring, <\/em>una m\u00e1s formal, como una pr\u00e1ctica mediante la cual dos personas se comprometen durante un tiempo determinado a compartir experiencias, vivencias, visiones, con un prop\u00f3sito, ayudar al mentorizado y otra menos formal, como una pr\u00e1ctica que acelera el aprendizaje.<\/span><\/div>\n<div class=\"MsoNormal\" style=\"text-align: justify;\"><span lang=\"ES-TRAD\" style=\"font-family: lato; background: white; font-size: 12pt;\">\u00a0<\/span><\/div>\n<div class=\"MsoNormal\" style=\"text-align: justify;\"><span lang=\"ES-TRAD\" style=\"font-family: lato; background: white; font-size: 12pt;\">Nos explic\u00f3 que el concepto del <em>mentoring<\/em> viene de la Odisea de Homero. Cuando Ulises se va a la guerra deja a Tel\u00e9maco, su hijo, con Mentor, para que con su experiencia y sabidur\u00eda ayudara y guiara a Tel\u00e9maco a tomar buenas decisiones. Cuando vuelve, se encuentra el reino destruido y al preguntarle a Mentor qu\u00e9 ha ocurrido, le contesta que \u00e9l le ha dicho, le ha guiado, le ha asesorado, pero que las decisiones las tomaba Tel\u00e9maco. Esto es un punto importante del <em>mentoring<\/em>, las decisiones al final siempre son de parte del mentorizado.<\/span><\/div>\n<div class=\"MsoNormal\" style=\"text-align: justify;\"><span lang=\"ES-TRAD\" style=\"font-family: lato; background: white; font-size: 12pt;\">\u00a0<\/span><\/div>\n<div class=\"MsoNormal\" style=\"text-align: justify;\"><span lang=\"ES-TRAD\" style=\"font-family: lato; background: white; font-size: 12pt;\">Como emprendedor empez\u00f3 creando Avanda. El primer a\u00f1o vendi\u00f3 un solo proyecto de dos d\u00edas de formaci\u00f3n a Walt Disney. Pero contin\u00fao perseverando en su idea y poco a poco fue facturando cada vez m\u00e1s para ahora despu\u00e9s de 20 a\u00f1os, seguir, como dice \u00e9l, en este r\u00e9gimen de aut\u00f3nomo que le acompa\u00f1a casi toda su vida profesional. <\/span><\/div>\n<div class=\"MsoNormal\" style=\"text-align: justify;\"><span lang=\"ES-TRAD\" style=\"font-family: lato; background: white; font-size: 12pt;\">\u00a0<\/span><\/div>\n<div class=\"MsoNormal\" style=\"text-align: justify;\"><span lang=\"ES-TRAD\" style=\"font-family: lato; background: white; font-size: 12pt;\">Aconseja a los emprendedores a tener mucha tolerancia a la frustraci\u00f3n. \u201c<em>Se pone mucho esfuerzo, trabajo, dinero y cuesta que todo esto produzca sus frutos, por ello, esas ideas, el plan de negocio, lo primero y antes de todo, hay que testearlo en la calle, visitar a muchos clientes, ver como responden, en definitiva, saber si se puede vender o no. Dedicar muchas horas a vender. Lo m\u00e1s importante, saber a qui\u00e9n vamos a vender nuestro producto o servicio. Pongamos a prueba nuestra idea\u201d.<\/em><\/span><\/div>\n<div class=\"MsoNormal\" style=\"text-align: justify;\"><span lang=\"ES-TRAD\" style=\"font-family: lato; background: white; font-size: 12pt;\">\u00a0<\/span><\/div>\n<div class=\"MsoNormal\" style=\"text-align: justify;\"><span lang=\"ES-TRAD\" style=\"font-family: lato; background: white; font-size: 12pt;\">El objetivo de cualquier emprendedor es facturar, encontrar clientes, echarle gasolina a tu proyecto para que pueda seguir adelante. Hay que hacerse una pregunta, \u201c<em>si no facturo cu\u00e1nto tiempo puedo seguir adelante<\/em>\u201d. <\/span><\/div>\n<div class=\"MsoNormal\" style=\"text-align: justify;\"><span lang=\"ES-TRAD\" style=\"font-family: lato; background: white; font-size: 12pt;\">\u00a0<\/span><\/div>\n<div class=\"MsoNormal\" style=\"text-align: justify;\"><span lang=\"ES-TRAD\" style=\"font-family: lato; background: white; font-size: 12pt;\">El <em>mentoring<\/em> se divide en cuatro procesos:<\/span><\/div>\n<div class=\"MsoListParagraphCxSpFirst\" style=\"text-indent: -18pt; text-align: justify;\">\n<ol>\n<li><span style=\"font-family: lato; font-size: 12pt;\"><span lang=\"ES-TRAD\"><span style=\"font-variant-numeric: normal; font-variant-east-asian: normal; font-stretch: normal; line-height: normal;\">\u00a0 \u00a0 \u00a0 \u00a0\u00a0<\/span><\/span><!--[endif]--><span lang=\"ES-TRAD\" style=\"background: white;\">Selecci\u00f3n y captaci\u00f3n de los participantes<\/span><\/span><\/li>\n<li><span style=\"font-family: lato; font-size: 12pt;\"><span lang=\"ES-TRAD\"><span style=\"font-variant-numeric: normal; font-variant-east-asian: normal; font-stretch: normal; line-height: normal;\">\u00a0 \u00a0 \u00a0 \u00a0\u00a0<\/span><\/span><!--[endif]--><em><span lang=\"ES-TRAD\" style=\"background: white;\">Matching<\/span><\/em><span lang=\"ES-TRAD\" style=\"background: white;\"> o cruces entre el mentor\/mentores y el mentorizado\/mentorizados<\/span><\/span><\/li>\n<li><span style=\"font-family: lato; font-size: 12pt;\"><span lang=\"ES-TRAD\"><span style=\"font-variant-numeric: normal; font-variant-east-asian: normal; font-stretch: normal; line-height: normal;\">\u00a0 \u00a0 \u00a0 \u00a0\u00a0<\/span><\/span><!--[endif]--><span lang=\"ES-TRAD\" style=\"background: white;\">Relaci\u00f3n<\/span><\/span><\/li>\n<li><span style=\"font-family: lato; font-size: 12pt;\"><span lang=\"ES-TRAD\"><span style=\"font-variant-numeric: normal; font-variant-east-asian: normal; font-stretch: normal; line-height: normal;\">\u00a0 \u00a0 \u00a0 \u00a0\u00a0<\/span><\/span><!--[endif]--><span lang=\"ES-TRAD\" style=\"background: white;\">Evaluaci\u00f3n<\/span><\/span><\/li>\n<\/ol>\n<\/div>\n<div class=\"MsoNormal\" style=\"text-align: justify;\"><span lang=\"ES-TRAD\" style=\"font-family: lato; font-size: 12pt;\">Tras su exposici\u00f3n, Julio comparti\u00f3 un caf\u00e9 con los asistentes disfrutando de un rato muy agradable con todos los que asistieron a este <em>Coffee Break<\/em> tan interesante.<\/span><\/div>\n<div class=\"MsoNormal\" style=\"text-align: justify;\"><span lang=\"ES-TRAD\" style=\"font-family: lato; font-size: 12pt;\">\u00a0<\/span><\/div>\n<div class=\"MsoNormal\" style=\"text-align: justify;\"><span style=\"font-family: lato; font-size: 12pt;\"><span lang=\"ES-TRAD\">Si no pudiste asistir, puedes consultar el video de la sesi\u00f3n en nuestra p\u00e1gina de <a href=\"https:\/\/www.facebook.com\/MadridEmprende\/videos\/519932275461257\/\" target=\"_blank\" rel=\"noopener\">Facebook <\/a><\/span><span lang=\"ES-TRAD\">.<\/span><\/span><\/div>\n<div class=\"MsoNormal\" style=\"text-align: justify;\"><span lang=\"ES-TRAD\" style=\"font-family: lato; font-size: 12pt;\">\u00a0<\/span><\/div>\n<div style=\"text-align: justify;\"><span lang=\"ES-TRAD\" style=\"font-size: 12pt; font-family: lato;\"> Para asistir a los\u00a0<a href=\"\/es\/apoyo-integral-al-emprendimiento\/formacion-y-networking\/coffee-break\" target=\"_blank\" rel=\"noopener\">Coffee Break<\/a>\u00a0u otros eventos que organizamos en la red de viveros de Madrid Emprende, no olvides <a href=\"\/es\/suscripcion2\" target=\"_blank\" rel=\"noopener\">suscribirte a nuestro bolet\u00edn de actividades<\/a>\u00a0o consultar nuestra <a href=\"\/es\/agenda\" target=\"_blank\" rel=\"noopener\">agenda <\/a>.<\/span><\/div>\n","protected":false},"excerpt":{"rendered":"<p>Julio Rodr\u00edguez en los \u00faltimos 17 a\u00f1os ha sido socio director de Avanda&#8230;<\/p>\n","protected":false},"featured_media":8033,"template":"","meta":{"_acf_changed":false},"categories":[],"noticias":[],"class_list":["post-8032","noticias","type-noticias","status-publish","has-post-thumbnail","hentry"],"acf":[],"_links":{"self":[{"href":"https:\/\/test.madridemprende.anovagroup.es\/en\/wp-json\/wp\/v2\/noticias\/8032"}],"collection":[{"href":"https:\/\/test.madridemprende.anovagroup.es\/en\/wp-json\/wp\/v2\/noticias"}],"about":[{"href":"https:\/\/test.madridemprende.anovagroup.es\/en\/wp-json\/wp\/v2\/types\/noticias"}],"version-history":[{"count":0,"href":"https:\/\/test.madridemprende.anovagroup.es\/en\/wp-json\/wp\/v2\/noticias\/8032\/revisions"}],"wp:featuredmedia":[{"embeddable":true,"href":"https:\/\/test.madridemprende.anovagroup.es\/en\/wp-json\/wp\/v2\/media\/8033"}],"wp:attachment":[{"href":"https:\/\/test.madridemprende.anovagroup.es\/en\/wp-json\/wp\/v2\/media?parent=8032"}],"wp:term":[{"taxonomy":"category","embeddable":true,"href":"https:\/\/test.madridemprende.anovagroup.es\/en\/wp-json\/wp\/v2\/categories?post=8032"},{"taxonomy":"noticias","embeddable":true,"href":"https:\/\/test.madridemprende.anovagroup.es\/en\/wp-json\/wp\/v2\/noticias?post=8032"}],"curies":[{"name":"wp","href":"https:\/\/api.w.org\/{rel}","templated":true}]}}