{"id":8056,"date":"2019-11-29T00:00:00","date_gmt":"2019-11-29T00:00:00","guid":{"rendered":"https:\/\/pre.madridemprende.anovagroup.es\/noticias\/coffee-break-con-angel-camara\/"},"modified":"2022-06-08T10:56:31","modified_gmt":"2022-06-08T08:56:31","slug":"coffee-break-con-angel-camara","status":"publish","type":"noticias","link":"https:\/\/test.madridemprende.anovagroup.es\/en\/noticias\/coffee-break-con-angel-camara\/","title":{"rendered":"Coffee Break con \u00c1ngel C\u00e1mara"},"content":{"rendered":"<div class=\"MsoNormal\" style=\"text-align: justify;\"><span style=\"font-family: lato; font-size: 12pt;\"><span lang=\"es\" style=\"line-height: 107%;\">\u00c1ngel C\u00e1mara<\/span><span lang=\"es\" style=\"line-height: 107%;\"> es licenciado en econom\u00eda por la Universidad Complutense y en Business Studies por la Middlesex University de Londres, tiene un master en Programaci\u00f3n Neuroling\u00fc\u00edstica por la International Association of Neuro Linguistic Programming (IAPNLP) y es coach certificado por la Asociaci\u00f3n Espa\u00f1ola de Coaching Ejecutivo-Organizativo y Mentoring (AECOP). Aunque como m\u00e1s le gusta definirse es como emprendedor del bienestar personal.<\/p>\n<p><\/span><\/span><\/div>\n<div class=\"MsoNormal\" style=\"text-align: justify;\"><span style=\"font-family: lato; font-size: 12pt;\"><span lang=\"es\" style=\"line-height: 107%;\">Trabaj\u00f3 en Unilever en Espa\u00f1a, Reino Unido y Francia durante 15 a\u00f1os, siendo su \u00faltimo puesto el de director de Innovaci\u00f3n Europeo. Hace 10 a\u00f1os \u00c1ngel decidi\u00f3 dar un giro total a su carrera para dedicarse en cuerpo y alma a proyectos de educaci\u00f3n y crecimiento personal, ayudando a peque\u00f1os y mayores a crecer y a vivir el d\u00eda a d\u00eda con ilusi\u00f3n y optimismo.<\/span><span lang=\"es\" style=\"line-height: 107%;\"><\/p>\n<p> <\/span><\/span><\/div>\n<div class=\"MsoNormal\" style=\"text-align: justify;\"><span lang=\"es\" style=\"line-height: 107%; font-family: lato; font-size: 12pt;\">Es socio fundador de <strong>PiensaPiensa<\/strong>, empresa pionera en Espa\u00f1a, dedicada a hacer accesible y aplicables los beneficios de la Neuroeducaci\u00f3n a todos los p\u00fablicos. Tambi\u00e9n cre\u00f3 TKS, junto a sus hermanos Eva y Nacho, una empresa que organiza viajes escolares y campamentos donde se combinan deportes acu\u00e1ticos, como el kitesurf, con programas de crecimiento personal. Ambas empresas est\u00e1n hoy en funcionamiento y crecen cada a\u00f1o.<\/p>\n<p><\/span><\/div>\n<div class=\"MsoNormal\" style=\"text-align: justify;\"><span lang=\"es\" style=\"line-height: 107%; font-family: lato; font-size: 12pt;\">En la actualidad trabaja en un nuevo proyecto para llevar el \u00e1rea de crecimiento personal y bienestar al mundo de la empresa. Su misi\u00f3n personal: ayudar a las personas a crecer desde su bienestar personal.<\/p>\n<p><\/span><\/div>\n<div class=\"MsoNormal\" style=\"text-align: justify;\"><span style=\"font-family: lato; font-size: 12pt;\"><span lang=\"es\" style=\"line-height: 107%;\">Su discurso se ha centrado en 5 aprendizajes que ha extra\u00eddo de sus 10 \u00faltimos a\u00f1os como emprendedor:<br \/><span lang=\"es\" style=\"line-height: 107%;\"><span style=\"font-variant-numeric: normal; font-variant-east-asian: normal; font-stretch: normal; line-height: normal;\">\u00a0<br \/><\/span><\/span><span lang=\"es\" style=\"line-height: 107%;\">\u00a0 \u00a0 \u00a01.- Felicidad. No se emprende para ser feliz, esto es un error. La felicidad va de dentro hacia afuera. Ser feliz consiste en saber que tengo lo que necesito o que puedo alcanzarlo, tener claras mis metas y tener saldadas mis cuentas con el pasado. Si soy feliz emprendo mejor, no emprendo para ser feliz.<br \/><\/span><span lang=\"es\" style=\"line-height: 107%;\">\u00a0 \u00a0 \u00a02.- Ventas. Un aprendizaje importante de \u00c1ngel en su trayectoria es que no hay que salir a vender \u201cpidiendo\u201d sino \u201cdando\u201d, ofreciendo algo que ayude a la gente y que se haga deseable para el cliente.<\/span><span style=\"font-variant-numeric: normal; font-variant-east-asian: normal; font-stretch: normal; line-height: normal;\">\u00a0<br \/><\/span><span lang=\"es\" style=\"line-height: 107%;\">\u00a0 \u00a0 \u00a03.- Errores. Un punto importante es que el emprendedor asimile que el error es necesario, sin error no hay innovaci\u00f3n. Equivocarse en necesario para innovar. El punto de reflexi\u00f3n es como encajamos ese error y c\u00f3mo hacerlo \u00fatil para avanzar.<br \/><\/span><\/span>\u00a0 \u00a0 \u00a04.- Flexibilidad. Emprender requiere ser flexible, porque nos vamos a equivocar m\u00e1s de una vez. Tenemos que aligerar nuestra mochila de cargas pesadas para ser flexibles y poder reaccionar porque el emprendedor vive en riesgo permanente.<\/span><br \/><span style=\"font-family: lato; font-size: 12pt;\">\u00a0 \u00a0 5.- La importancia de rodearse de personas positivas, que saquen lo mejor de nosotros mismos y huir de las personas t\u00f3xicas que nos restan energ\u00edas y nos dificultan el camino arduo de por s\u00ed del emprendimiento.<\/span><\/div>\n<div class=\"MsoListParagraphCxSpLast\" style=\"text-indent: -18pt; text-align: justify;\"><span lang=\"es\" style=\"line-height: 107%; font-family: lato; font-size: 12pt;\">\u00a0<\/span><\/div>\n<div class=\"MsoNormal\" style=\"text-align: justify;\"><span lang=\"es\" style=\"line-height: 107%; font-family: lato; font-size: 12pt;\">Una vez finalizada la exposici\u00f3n, las personas asistentes han hecho numerosas preguntas al invitado y han compartido reflexiones personales en torno al tema tratado.<\/span><\/div>\n<div class=\"MsoNormal\" style=\"text-align: justify;\"><span lang=\"es\" style=\"line-height: 107%; font-family: lato; font-size: 12pt;\">Sobre las 11.30 horas se ha servido un caf\u00e9 para fomentar el di\u00e1logo y las sinergias entre las personas emprendedoras.<\/span><\/div>\n<div class=\"MsoNormal\" style=\"text-align: justify;\"><span lang=\"es\" style=\"line-height: 107%; font-family: lato; font-size: 12pt;\">\u00a0<\/span><\/div>\n<div style=\"text-align: justify;\"><span style=\"font-family: lato; font-size: 12pt;\"> <span style=\"line-height: 107%;\">Para asistir a los <\/span><span style=\"line-height: 107%;\"><a href=\"\/es\/apoyo-integral-al-emprendimiento\/formacion-y-networking\/coffee-break\" target=\"_blank\" rel=\"noopener\"><span style=\"line-height: 107%;\">Coffee Break<\/span><\/a><\/span><span style=\"line-height: 107%;\"> <strong><span style=\"color: red; background: white;\">\u00a0<\/span><\/strong>u otros eventos que organizamos en la red de viveros de empresas de Madrid Emprende, no olvides suscribirte a nuestro <\/span><span style=\"line-height: 107%;\"><a href=\"\/es\/suscripcion2\" target=\"_blank\" rel=\"noopener\"><span style=\"line-height: 107%;\">bolet\u00edn de actividades<\/span><\/a><\/span><span style=\"line-height: 107%;\"> o consultar nuestra <\/span><span style=\"line-height: 107%;\"><a href=\"\/es\/agenda\" target=\"_blank\" rel=\"noopener\"><span style=\"line-height: 107%;\">agenda<\/span><\/a><\/span><span style=\"line-height: 107%;\">.<\/span><\/span><\/div>\n","protected":false},"excerpt":{"rendered":"<p>\u00c1ngel C\u00e1mara es licenciado en econom\u00eda por la Universidad Complutense y en&#8230;<\/p>\n","protected":false},"featured_media":8057,"template":"","meta":{"_acf_changed":false},"categories":[],"noticias":[],"class_list":["post-8056","noticias","type-noticias","status-publish","has-post-thumbnail","hentry"],"acf":[],"_links":{"self":[{"href":"https:\/\/test.madridemprende.anovagroup.es\/en\/wp-json\/wp\/v2\/noticias\/8056"}],"collection":[{"href":"https:\/\/test.madridemprende.anovagroup.es\/en\/wp-json\/wp\/v2\/noticias"}],"about":[{"href":"https:\/\/test.madridemprende.anovagroup.es\/en\/wp-json\/wp\/v2\/types\/noticias"}],"version-history":[{"count":0,"href":"https:\/\/test.madridemprende.anovagroup.es\/en\/wp-json\/wp\/v2\/noticias\/8056\/revisions"}],"wp:featuredmedia":[{"embeddable":true,"href":"https:\/\/test.madridemprende.anovagroup.es\/en\/wp-json\/wp\/v2\/media\/8057"}],"wp:attachment":[{"href":"https:\/\/test.madridemprende.anovagroup.es\/en\/wp-json\/wp\/v2\/media?parent=8056"}],"wp:term":[{"taxonomy":"category","embeddable":true,"href":"https:\/\/test.madridemprende.anovagroup.es\/en\/wp-json\/wp\/v2\/categories?post=8056"},{"taxonomy":"noticias","embeddable":true,"href":"https:\/\/test.madridemprende.anovagroup.es\/en\/wp-json\/wp\/v2\/noticias?post=8056"}],"curies":[{"name":"wp","href":"https:\/\/api.w.org\/{rel}","templated":true}]}}