{"id":8096,"date":"2020-05-07T00:00:00","date_gmt":"2020-05-07T00:00:00","guid":{"rendered":"https:\/\/pre.madridemprende.anovagroup.es\/noticias\/homeily-gana-la-competicion-nacional-de-miniempresas-y-representara-a-espana-en-la-competicion-europea-de-junior-achievement\/"},"modified":"2022-06-08T10:43:29","modified_gmt":"2022-06-08T08:43:29","slug":"homeily-gana-la-competicion-nacional-de-miniempresas-y-representara-a-espana-en-la-competicion-europea-de-junior-achievement","status":"publish","type":"noticias","link":"https:\/\/test.madridemprende.anovagroup.es\/en\/noticias\/homeily-gana-la-competicion-nacional-de-miniempresas-y-representara-a-espana-en-la-competicion-europea-de-junior-achievement\/","title":{"rendered":"Homeily gana la competici\u00f3n nacional de miniempresas y representar\u00e1 a Espa\u00f1a en la competici\u00f3n europea de Junior Achievement"},"content":{"rendered":"<div style=\"text-align: justify;\"><span style=\"font-family: lato; font-size: 12pt;\">Ilusi\u00f3n, ganas y mucho emprendimiento han sido los protagonistas de la <strong>XIV edici\u00f3n de la competici\u00f3n nacional de miniempresas<\/strong> que por primera vez se ha celebrado con un formato online. 18 equipos de estudiantes de entre 15 y 19 a\u00f1os han participado durante los d\u00edas 6 y 7 de mayo en esta competici\u00f3n para defender sus ideas ante jurado.\u00a0<\/span><\/div>\n<div style=\"text-align: justify;\">\u00a0<\/div>\n<div style=\"text-align: justify;\"><span style=\"font-family: lato; font-size: 12pt;\">M\u00e1s de 6.700 estudiantes de centros educativos de toda Espa\u00f1a se han formado durante el curso escolar 2019\/2020 en el programa de emprendimiento miniempresas. Acompa\u00f1ados de sus docentes y de voluntarios profesionales de diferentes empresas, los j\u00f3venes han aprendido diferentes disciplinas que les han permitido poner en marcha sus proyectos de emprendimiento. 18 miniempresas han sido seleccionadas para participar en la XIV competici\u00f3n nacional y presentar sus ideas ante el jurado que ha valorado los mejores proyectos por su calidad, car\u00e1cter innovador y viabilidad.\u00a0<\/span><\/div>\n<div style=\"text-align: justify;\">\u00a0<\/div>\n<div style=\"text-align: justify;\"><span style=\"font-family: lato; font-size: 12pt;\">La <strong>miniempresa ganadora ha sido Homeily<\/strong> del Colegio Oak House School de Barcelona, una aplicaci\u00f3n para m\u00f3vil que distribuye de manera equitativa las labores de la casa con el objetivo de fomentar la igualdad mediante un m\u00e9todo, divertido y original. Alberto Placencia, presidente de la Fundaci\u00f3n Junior Achievement Espa\u00f1a, ha entregado este premio. Los miembros de esta miniempresa representar\u00e1n a Espa\u00f1a en la Final Europea JA-YE Europe Company of the Year Competition que se celebrar\u00e1 en el mes de julio con la participaci\u00f3n de m\u00e1s de 200 j\u00f3venes de 35 pa\u00edses formados en el programa miniempresas de Junior Achievement.\u00a0<\/span><\/div>\n<div style=\"text-align: justify;\">\u00a0<\/div>\n<div style=\"text-align: justify;\"><span style=\"font-family: lato; font-size: 12pt;\">El <strong>Premio Ready for Work<\/strong> de ManpowerGroup, otorgado por Montse Moliner, directora comunicaci\u00f3n, relaciones institucionales y RSC de ManpowerGroup, ha sido para <strong>Rurally<\/strong> del Colegio SEK Ciudalcampo, el <strong>Premio FedEx Access Award<\/strong>, otorgado por Paloma Romero-Salazar, vicepresidenta Ground Operations Spain &#038; Portugal de FedEx Express, ha sido para <strong>Eco2Meter<\/strong> del Colegio Bel-Lloc, el <strong>Premio Diversidad e Innovaci\u00f3n<\/strong> de la Fundaci\u00f3n EY, otorgado por Carlos Arango, director general de la Fundaci\u00f3n EY ha sido para <strong>Sensations<\/strong> del Colegio La Salle Reus, el <strong>Premio Disco de Platino<\/strong> de Bayer Fund, otorgado por Blanca Narv\u00e1ez, directora general de la Fundaci\u00f3n Junior Achievement Espa\u00f1a ha sido para <strong>Alum Creme<\/strong> del Colegio San Cayetano, el <strong>Premio Emprendimiento Innovador del Ayuntamiento de Madrid<\/strong>, otorgado por \u00c1ngel Ni\u00f1o, concejal del \u00c1rea Delegada de Emprendimiento, Empleo e Innovaci\u00f3n del Ayuntamiento de Madrid ha sido para ha sido para <strong>MGR-Tech<\/strong> del IES Mart\u00edn Garc\u00eda Ramos, el <strong>Premio Innovaci\u00f3n en la gesti\u00f3n empresarial<\/strong> de la Fundaci\u00f3n Rafael del Pino, otorgado por Vicente Montes, director de la Fundaci\u00f3n Rafael del Pino ha sido para <strong>HopePot<\/strong> del Colegio Claret de Barcelona, el <strong>Premio a las Mujeres Valientes<\/strong> de Zurich, otorgado por Vicente Cancio, CEO de Zurich Espa\u00f1a, ha sido para <strong>Homeily<\/strong> del Oak House School, el <strong>Premio Orientaci\u00f3n al Cliente<\/strong> de Citi, otorgador por Pedro L\u00f3pez-Quesada, Vice Chairman Corporate and Investment Bank Iberia de Citi, ha sido para ha sido para <strong>Ken-B<\/strong> del Colegio Jes\u00fas-Maria Sant Gervasi.\u00a0<\/span><\/div>\n<div style=\"text-align: justify;\">\u00a0<\/div>\n<div style=\"text-align: justify;\"><span style=\"font-family: lato; font-size: 12pt;\">El programa de miniempresas cuenta con el patrocinio de Citi Foundation, Z Zurich Foundation, FedEx Express, Fundaci\u00f3n Rafael del Pino, Fundaci\u00f3n EY, ManpowerGroup, Bayer Fund y el Ayuntamiento de Madrid a trav\u00e9s de Madrid Emprende.<\/span><\/div>\n<div>\u00a0<\/div>\n","protected":false},"excerpt":{"rendered":"<p>Ilusi\u00f3n, ganas y mucho emprendimiento han sido los protagonistas de la XIV&#8230;<\/p>\n","protected":false},"featured_media":8097,"template":"","meta":{"_acf_changed":false},"categories":[],"noticias":[],"class_list":["post-8096","noticias","type-noticias","status-publish","has-post-thumbnail","hentry"],"acf":[],"_links":{"self":[{"href":"https:\/\/test.madridemprende.anovagroup.es\/en\/wp-json\/wp\/v2\/noticias\/8096"}],"collection":[{"href":"https:\/\/test.madridemprende.anovagroup.es\/en\/wp-json\/wp\/v2\/noticias"}],"about":[{"href":"https:\/\/test.madridemprende.anovagroup.es\/en\/wp-json\/wp\/v2\/types\/noticias"}],"version-history":[{"count":0,"href":"https:\/\/test.madridemprende.anovagroup.es\/en\/wp-json\/wp\/v2\/noticias\/8096\/revisions"}],"wp:featuredmedia":[{"embeddable":true,"href":"https:\/\/test.madridemprende.anovagroup.es\/en\/wp-json\/wp\/v2\/media\/8097"}],"wp:attachment":[{"href":"https:\/\/test.madridemprende.anovagroup.es\/en\/wp-json\/wp\/v2\/media?parent=8096"}],"wp:term":[{"taxonomy":"category","embeddable":true,"href":"https:\/\/test.madridemprende.anovagroup.es\/en\/wp-json\/wp\/v2\/categories?post=8096"},{"taxonomy":"noticias","embeddable":true,"href":"https:\/\/test.madridemprende.anovagroup.es\/en\/wp-json\/wp\/v2\/noticias?post=8096"}],"curies":[{"name":"wp","href":"https:\/\/api.w.org\/{rel}","templated":true}]}}