{"id":8102,"date":"2020-06-18T00:00:00","date_gmt":"2020-06-18T00:00:00","guid":{"rendered":"https:\/\/pre.madridemprende.anovagroup.es\/noticias\/reapertura-de-los-viveros-de-empresas-de-madrid-emprende\/"},"modified":"2022-06-08T10:43:28","modified_gmt":"2022-06-08T08:43:28","slug":"reapertura-de-los-viveros-de-empresas-de-madrid-emprende","status":"publish","type":"noticias","link":"https:\/\/test.madridemprende.anovagroup.es\/en\/noticias\/reapertura-de-los-viveros-de-empresas-de-madrid-emprende\/","title":{"rendered":"Reapertura de los viveros de empresas de Madrid Emprende"},"content":{"rendered":"<p class=\"MsoNormal\" style=\"text-align: justify;\"><span style=\"font-family: lato; font-size: 12pt;\"><span style=\"line-height: 107%;\">\u00bfNecesitas asesoramiento? Te recordamos que puedes acudir a la red de viveros de empresas concertando una <\/span><a href=\"https:\/\/www-s.munimadrid.es\/CitaNet\/Concertar.do\" target=\"_blank\" rel=\"noopener\"><span style=\"line-height: 107%;\">cita previa<\/span><\/a><span style=\"line-height: 107%;\">. En \u201cTipo de servicio\u201d selecciona <em style=\"mso-bidi-font-style: normal;\">Emprendedores<\/em> y en \u201cGesti\u00f3n\u201d <em style=\"mso-bidi-font-style: normal;\">Asesoramiento empresarial en viveros de empresa.<\/em><\/span><\/span><\/p>\n<p class=\"MsoNormal\" style=\"text-align: justify; line-height: normal; background: white;\"><span style=\"font-family: lato; font-size: 12pt;\"><span style=\"color: black;\">La actividad formativa en la red de viveros seguir\u00e1 siendo de <\/span><span style=\"color: black;\">forma virtual, <\/span><span style=\"color: black;\">no dejes de consultar nuestra <\/span><span style=\"color: black; mso-color-alt: windowtext;\"><a href=\"\/es\/agenda\" target=\"_blank\" rel=\"noopener\">agenda<\/a><\/span><span style=\"color: black;\"> o si prefieres recibir semanalmente toda la programaci\u00f3n <\/span><span style=\"color: black; mso-color-alt: windowtext;\"><a href=\"\/es\/suscripcion2\" target=\"_blank\" rel=\"noopener\">suscr\u00edbete a nuestro bolet\u00edn. <\/a><\/span><\/span><\/p>\n<p class=\"MsoNormal\" style=\"text-align: justify; line-height: normal; background: white;\"><span style=\"font-family: lato; font-size: 12pt;\"><span style=\"color: black;\">Recuerda que Madrid Emprende no cierra, Madrid Emprende se virtualiza, compaginando actuaciones presenciales con virtuales. <\/span><span style=\"color: black;\"><span style=\"mso-spacerun: yes;\">\u00a0<\/span><\/span><\/span><\/p>\n<p class=\"MsoNormal\" style=\"text-align: justify;\"><span style=\"font-family: lato; font-size: 12pt;\"><span style=\"line-height: 107%; color: black;\">En la <strong style=\"mso-bidi-font-weight: normal;\">Ventanilla \u00danica del Emprendedor<\/strong>\u00a0os seguimos <span style=\"mso-bidi-font-weight: bold;\">atendiendo <strong>telem\u00e1ticamente<\/strong><\/span>\u00a0a trav\u00e9s del correo electr\u00f3nico o por tel\u00e9fono. No te quedes con dudas \u00bftienes alguna consulta sobre temas jur\u00eddicos, laborales, fiscales, tramitaci\u00f3n telem\u00e1tica, ayudas y subvenciones? Escr\u00edbenos a\u00a0<\/span><a href=\"mailto:ventanillaemprended@madrid.es\"><span style=\"line-height: 107%; color: #3f89bc;\">ventanillaemprended@madrid.es<\/span><\/a><span style=\"line-height: 107%; color: black;\"> o ll\u00e1manos <\/span><span style=\"line-height: 107%;\">al<\/span> 619 820 163 o al 606 877 326. <span style=\"line-height: 107%; color: black;\">Si prefieres que te llamemos por tel\u00e9fono ind\u00edcanoslo en el correo electr\u00f3nico, d\u00e9janos tu n\u00famero y te llamaremos lo antes posible. <\/span><\/span><\/p>\n<p class=\"MsoNormal\" style=\"text-align: justify;\"><span style=\"font-family: lato; font-size: 12pt;\"><span style=\"line-height: 107%; color: black;\">Recuerda que tambi\u00e9n informamos sobre los procedimientos y tr\u00e1mites para implantar una actividad econ\u00f3mica en un local del municipio de Madrid. Igualmente, si tienes alguna duda o consulta sobre las\u00a0<\/span><a href=\"\/es\/medidas-ante-la-covid-19\" target=\"_blank\" rel=\"noopener\"><span style=\"line-height: 107%; color: #e20377;\">medidas para emprendedores ante el COVID-19<\/span><\/a><span style=\"line-height: 107%; color: black;\">\u00a0no dudes en contactarnos.<\/span><\/span><\/p>\n<p class=\"MsoNormal\" style=\"margin-bottom: .0001pt; line-height: normal;\"><span style=\"font-family: lato; font-size: 12pt;\"><span style=\"color: black;\"><br \/> <span style=\"background: white;\">Para cualquier otra consulta estamos a tu disposici\u00f3n en\u00a0<\/span><\/span><a href=\"mailto:emprendedores@madrid.es\"><span style=\"color: #3f89bc;\">emprendedores@madrid.es<\/span><\/a><span style=\"color: black; background: white;\">\u00a0<\/span><\/span><\/p>\n","protected":false},"excerpt":{"rendered":"<p>\u00bfNecesitas asesoramiento? Te recordamos que puedes acudir a la red de&#8230;<\/p>\n","protected":false},"featured_media":8103,"template":"","meta":{"_acf_changed":false},"categories":[],"noticias":[],"class_list":["post-8102","noticias","type-noticias","status-publish","has-post-thumbnail","hentry"],"acf":[],"_links":{"self":[{"href":"https:\/\/test.madridemprende.anovagroup.es\/en\/wp-json\/wp\/v2\/noticias\/8102"}],"collection":[{"href":"https:\/\/test.madridemprende.anovagroup.es\/en\/wp-json\/wp\/v2\/noticias"}],"about":[{"href":"https:\/\/test.madridemprende.anovagroup.es\/en\/wp-json\/wp\/v2\/types\/noticias"}],"version-history":[{"count":0,"href":"https:\/\/test.madridemprende.anovagroup.es\/en\/wp-json\/wp\/v2\/noticias\/8102\/revisions"}],"wp:featuredmedia":[{"embeddable":true,"href":"https:\/\/test.madridemprende.anovagroup.es\/en\/wp-json\/wp\/v2\/media\/8103"}],"wp:attachment":[{"href":"https:\/\/test.madridemprende.anovagroup.es\/en\/wp-json\/wp\/v2\/media?parent=8102"}],"wp:term":[{"taxonomy":"category","embeddable":true,"href":"https:\/\/test.madridemprende.anovagroup.es\/en\/wp-json\/wp\/v2\/categories?post=8102"},{"taxonomy":"noticias","embeddable":true,"href":"https:\/\/test.madridemprende.anovagroup.es\/en\/wp-json\/wp\/v2\/noticias?post=8102"}],"curies":[{"name":"wp","href":"https:\/\/api.w.org\/{rel}","templated":true}]}}