{"id":8106,"date":"2020-07-24T00:00:00","date_gmt":"2020-07-24T00:00:00","guid":{"rendered":"https:\/\/pre.madridemprende.anovagroup.es\/noticias\/seleccionadas-las-semifinalistas-de-la-x-edicion-del-premio-emprendedoras\/"},"modified":"2022-06-08T10:43:27","modified_gmt":"2022-06-08T08:43:27","slug":"seleccionadas-las-semifinalistas-de-la-x-edicion-del-premio-emprendedoras","status":"publish","type":"noticias","link":"https:\/\/test.madridemprende.anovagroup.es\/en\/noticias\/seleccionadas-las-semifinalistas-de-la-x-edicion-del-premio-emprendedoras\/","title":{"rendered":"Seleccionadas las semifinalistas de la X edici\u00f3n del Premio Emprendedoras"},"content":{"rendered":"<div class=\"WordSection1\">\n<p class=\"MsoNormal\" style=\"text-align: justify;\"><span lang=\"ES-TRAD\" style=\"font-size: 12pt; font-family: lato;\">En esta edici\u00f3n han participado 135 proyectos para las dos categor\u00edas del premio: Premio Empresa 2020 y Premio Emprendedoras Universitarias 2020. Evaluadas todas las solicitudes, hoy se ha celebrado el <em>elevator pitch<\/em> de forma virtual con los proyectos que obtuvieron mayor n\u00famero de votos del jurado en cada categor\u00eda, tras los cuales han quedado estas candidaturas, atendiendo a criterios de originalidad, creatividad, disruptividad, innovaci\u00f3n. Tambi\u00e9n se han tenido en cuenta aquellos proyectos provenientes de sectores tradicionalmente\u00a0 masculinos.<\/span><\/p>\n<\/div>\n<div class=\"MsoNormal\" style=\"text-align: justify;\"><span lang=\"ES-TRAD\" style=\"font-size: 12pt; font-family: lato;\">Estas han sido las candidaturas seleccionadas.<\/span><\/div>\n<div class=\"MsoNormal\" style=\"text-align: justify;\"><span lang=\"ES-TRAD\" style=\"font-size: 12pt; font-family: lato;\">\u00a0<\/span><\/div>\n<div class=\"MsoNormal\" style=\"text-align: justify;\"><span lang=\"ES-TRAD\" style=\"font-size: 12pt; font-family: lato;\">Semifinalistas para la categor\u00eda Empresa 2020<br \/><\/span><\/div>\n<div class=\"MsoNormal\" style=\"text-align: justify;\">\n<ol>\n<li><span lang=\"ES-TRAD\" style=\"font-family: lato; font-size: 12pt;\">FREEDOM FLOW SL<\/span><\/li>\n<li><span style=\"font-family: lato; font-size: 12pt;\">NU\u00d1EZ-MILARA SL<\/span><\/li>\n<li><span style=\"font-family: lato; font-size: 12pt;\">LETMEPARK SLU<\/span><\/li>\n<li><span style=\"font-family: lato; font-size: 12pt;\">LA BARRACA DEL CINE SL<\/span><\/li>\n<li><span style=\"font-family: lato; font-size: 12pt;\">MYENDLESSCO PROYECTO CALMTAG<\/span><\/li>\n<li><span style=\"font-size: 12pt; font-family: lato;\">DICHA Y HECHO<\/span><\/li>\n<\/ol>\n<p class=\"MsoNormal\" style=\"margin: 0px; color: #222222; font-family: Arial, Helvetica, sans-serif; font-size: small; text-align: start; background-color: #ffffff;\"><span style=\"font-family: lato; font-size: 12pt;\">Semifinalistas para la categor\u00eda Emprendedora Universitaria 2020<br \/><\/span><\/p>\n<\/div>\n<div class=\"MsoNormal\" style=\"text-align: justify;\">\n<ol>\n<li><span style=\"font-family: lato; font-size: 12pt;\"><span style=\"background-color: #ffffff; color: #222222;\">RED SATURNO<\/span><span style=\"text-indent: -18pt;\">\u00a0<br \/><\/span><\/span><\/li>\n<li><span style=\"font-family: lato; font-size: 12pt;\">LOOKREANDO<\/span><\/li>\n<li><span style=\"font-family: lato; font-size: 12pt;\">CIENCIA CON CARMEN<\/span><\/li>\n<\/ol>\n<\/div>\n<div class=\"MsoNormal\" style=\"text-align: justify;\"><span lang=\"ES-TRAD\" style=\"font-size: 12pt; font-family: lato;\">La tercera fase se celebrar\u00e1 en octubre donde las finalistas defender\u00e1n sus proyectos durante cinco minutos en una <em>Demo Day<\/em>, un acto p\u00fablico a definir si ser\u00e1 presencial o virtual en funci\u00f3n de la evoluci\u00f3n de la COVID-19.<\/span><\/div>\n<div class=\"MsoNormal\" style=\"text-align: justify;\"><span lang=\"ES-TRAD\" style=\"font-size: 12pt; font-family: lato;\">\u00a0<\/span><\/div>\n<div style=\"text-align: justify;\"><span style=\"font-family: lato; font-size: 12pt;\"> <span lang=\"ES-TRAD\">El Premio Emprendedoras 2020 se convoca en 2 categor\u00edas, Premio Empresa 2020 y Premio Emprendedoras Universitarias 2020, con dotaciones de 15.000 y 2.000 euros en el primer caso y 1.000 euros en el segundo, adem\u00e1s de diferentes iniciativas de difusi\u00f3n de los proyectos ganadores que llevar\u00e1n a cabo los diferentes colaboradores\u00a0 y jurados de los premios, <\/span><span lang=\"ES-TRAD\"><a href=\"http:\/\/www.womenalia.com\/\" target=\"_blank\" rel=\"noopener\"><span style=\"color: blue;\">Womenalia<\/span><\/a><\/span><span lang=\"ES-TRAD\">,\u00a0<\/span><span lang=\"ES-TRAD\"><a href=\"http:\/\/aseme.es\/\" target=\"_blank\" rel=\"noopener\"><span style=\"color: blue;\">ASEME<\/span><\/a><\/span><span lang=\"ES-TRAD\">, la\u00a0<\/span><span lang=\"ES-TRAD\"><a href=\"https:\/\/aehm.es\/\" target=\"_blank\" rel=\"noopener\"><span style=\"color: blue;\">Asociaci\u00f3n Empresarial Hotelera de Madrid\u00a0<\/span><\/a><\/span><span lang=\"ES-TRAD\">(AEHM), la\u00a0<\/span><span lang=\"ES-TRAD\"><a href=\"https:\/\/www.urjc.es\/\" target=\"_blank\" rel=\"noopener\"><span style=\"color: blue;\">Universidad Rey Juan Carlos<\/span><\/a><\/span><span lang=\"ES-TRAD\">\u00a0(URJC) y\u00a0<\/span><span lang=\"ES-TRAD\"><a href=\"http:\/\/www.telemadrid.es\/onda-madrid\/\" target=\"_blank\" rel=\"noopener\"><span style=\"color: blue;\">Onda Madrid<\/span><\/a><\/span><\/span><\/div>\n","protected":false},"excerpt":{"rendered":"<p>En esta edici\u00f3n han participado 135 proyectos para las dos categor\u00edas del&#8230;<\/p>\n","protected":false},"featured_media":8107,"template":"","meta":{"_acf_changed":false},"categories":[],"noticias":[],"class_list":["post-8106","noticias","type-noticias","status-publish","has-post-thumbnail","hentry"],"acf":[],"_links":{"self":[{"href":"https:\/\/test.madridemprende.anovagroup.es\/en\/wp-json\/wp\/v2\/noticias\/8106"}],"collection":[{"href":"https:\/\/test.madridemprende.anovagroup.es\/en\/wp-json\/wp\/v2\/noticias"}],"about":[{"href":"https:\/\/test.madridemprende.anovagroup.es\/en\/wp-json\/wp\/v2\/types\/noticias"}],"version-history":[{"count":0,"href":"https:\/\/test.madridemprende.anovagroup.es\/en\/wp-json\/wp\/v2\/noticias\/8106\/revisions"}],"wp:featuredmedia":[{"embeddable":true,"href":"https:\/\/test.madridemprende.anovagroup.es\/en\/wp-json\/wp\/v2\/media\/8107"}],"wp:attachment":[{"href":"https:\/\/test.madridemprende.anovagroup.es\/en\/wp-json\/wp\/v2\/media?parent=8106"}],"wp:term":[{"taxonomy":"category","embeddable":true,"href":"https:\/\/test.madridemprende.anovagroup.es\/en\/wp-json\/wp\/v2\/categories?post=8106"},{"taxonomy":"noticias","embeddable":true,"href":"https:\/\/test.madridemprende.anovagroup.es\/en\/wp-json\/wp\/v2\/noticias?post=8106"}],"curies":[{"name":"wp","href":"https:\/\/api.w.org\/{rel}","templated":true}]}}