{"id":8108,"date":"2020-07-28T00:00:00","date_gmt":"2020-07-28T00:00:00","guid":{"rendered":"https:\/\/pre.madridemprende.anovagroup.es\/noticias\/abiertas-las-inscripciones-para-los-itinerarios-formativos-de-septiembre-a-diciembre-de-2020\/"},"modified":"2022-06-08T10:43:27","modified_gmt":"2022-06-08T08:43:27","slug":"abiertas-las-inscripciones-para-los-itinerarios-formativos-de-septiembre-a-diciembre-de-2020","status":"publish","type":"noticias","link":"https:\/\/test.madridemprende.anovagroup.es\/en\/noticias\/abiertas-las-inscripciones-para-los-itinerarios-formativos-de-septiembre-a-diciembre-de-2020\/","title":{"rendered":"Abiertas las inscripciones para los Itinerarios Formativos de septiembre a diciembre de 2020"},"content":{"rendered":"<p style=\"text-align: justify;\"><span style=\"font-family: lato; font-size: 12pt;\">Estos itinerarios\u00a0son acciones formativas eminentemente pr\u00e1cticas que recogen los temas m\u00e1s relevantes a tener en cuenta a la hora de poner en marcha un negocio.<\/span><\/p>\n<p style=\"text-align: justify;\"><span style=\"font-family: lato; font-size: 12pt;\">El objetivo es la formaci\u00f3n integral de las personas emprendedoras ofreciendo contenidos que posibiliten la adquisici\u00f3n de habilidades y capacidades para la puesta en marcha de un negocio, definici\u00f3n de estrategias comerciales y direcci\u00f3n empresarial, entre otras. Si quieres participar en estos Itinerarios Formativas s\u00f3lo hace falta: <span style=\"mso-bidi-font-weight: bold;\">mentalidad emprendedora, inter\u00e9s por formarse y una idea de negocio<\/span>en fase inicial, o un negocio de reciente creaci\u00f3n.<\/span><\/p>\n<p style=\"text-align: justify;\"><span style=\"font-family: lato; font-size: 12pt;\">Esta edici\u00f3n consta de tres itinerarios diferentes, cada uno integra una o tres actividades diferentes. Puedes inscribirte a una o m\u00e1s actividades ya que son independientes entre s\u00ed, siempre teniendo en cuenta que es necesario asistir a todas las jornadas que componen cada actividad. El desarrollo de las actividades formativas se complementar\u00e1n con la posibilidad de utilizar \u201cAula Emprende\u201d, aula virtual de apoyo que prestar\u00e1 asistencia a las personas emprendedoras para acceso a contenidos y recursos, correcci\u00f3n de evaluaciones y resoluci\u00f3n de dudas y consultas.<\/span><\/p>\n<p style=\"text-align: justify;\"><span style=\"font-family: lato; font-size: 12pt;\">El pr\u00f3ximo <strong style=\"mso-bidi-font-weight: normal;\">15 de septiembre<\/strong> de 2020 dan comienzo estas sesiones formativas organizadas por parte del Ayuntamiento de Madrid. Esta edici\u00f3n formativa se desarrollar\u00e1 hasta el pr\u00f3ximo mes de diciembre.<\/span><\/p>\n<p style=\"text-align: justify;\"><span style=\"font-family: lato; font-size: 12pt;\">Los itinerarios formativos se realizaran en directo de 10:00 a 14:30 en <strong style=\"mso-bidi-font-weight: normal;\">modalidad videoconferencia<\/strong>. Las actividades que puedan desarrollarse en modalidad presencial, tendr\u00e1n lugar en el Vivero de empresas de Puente de Vallecas, Calle la Diligencia, 9, 28018 Madrid. Se confirmara\u0301 previamente la posibilidad de asistencia a las personas inscritas. <\/span><\/p>\n<p style=\"text-align: justify;\"><span style=\"font-family: lato; font-size: 12pt;\">Cada uno de los itinerarios\u00a0ser\u00e1 publicado en nuestra <a href=\"https:\/\/pre.madridemprende.anovagroup.es\/es\/agenda\" target=\"_blank\" rel=\"noopener\">Agenda <\/a>de eventos <span style=\"mso-spacerun: yes;\">\u00a0<\/span>para que puedas inscribirte y, adem\u00e1s, se incluir\u00e1n en el bolet\u00edn semanal de actividades, que puedes recibir pinchado <span class=\"MsoHyperlink\"><span style=\"color: windowtext; text-decoration: none; text-underline: none;\">en<\/span><\/span>: <a href=\"\/es\/suscripcion2\" target=\"_blank\" rel=\"noopener\">Suscr\u00edbete a nuestro bolet\u00edn<\/a>. Recuerda que la asistencia es gratuita y las plazas limitadas, por lo que es necesaria la inscripci\u00f3n previa.<\/span><\/p>\n<p style=\"text-align: justify;\">\u00a0<\/p>\n<p style=\"text-align: justify;\"><strong><span style=\"font-family: 'Lato',sans-serif;\">CONTENIDO DE LOS ITINERARIOS FORMATIVOS <\/span><\/strong><\/p>\n<p style=\"text-align: justify;\"><span class=\"MsoHyperlink\"><strong><span style=\"font-family: 'Lato',sans-serif; color: windowtext;\">Itinerario I: consta de tres actividades formativas<\/span><\/strong><\/span><\/p>\n<ul>\n<li><strong><span style=\"text-decoration: underline;\"><span style=\"font-family: 'Lato',sans-serif; mso-fareast-font-family: 'Times New Roman'; mso-bidi-font-family: Calibri; color: blue; mso-fareast-language: ES-TRAD;\"><a href=\"\/es\/agenda\/Agenda\/evento\/itinerario-i-habilidades-para-emprender\/b7a66492568701aa055bfef99790780e\/\" target=\"_blank\" rel=\"noopener\">Habilidades para emprender<\/a>. <\/span><\/span><\/strong><span style=\"font-family: 'Lato',sans-serif;\">Su finalidad es conducir a quien tiene una idea incipiente y\/o un proyecto de negocio, hacia una reflexi\u00f3n sobre aspectos del emprendimiento transversales y comunes a cualquier sector de actividad como son el autoconocimiento, el an\u00e1lisis de capacidades y habilidades, as\u00ed como facilitar recursos y herramientas de apoyo que le permitan analizar opciones, definir objetivos y tomar decisiones.<\/span><\/li>\n<li><strong><span style=\"text-decoration: underline;\"><span style=\"font-family: 'Lato',sans-serif; mso-fareast-font-family: 'Times New Roman'; mso-bidi-font-family: Calibri; color: blue; mso-fareast-language: ES-TRAD;\"><a href=\"\/es\/agenda\/Agenda\/evento\/itinerario-i-habilidades-para-mujeres-emprendedoras\/4ac27ea9d1c8639eb5b071dbef7b823e\/\" target=\"_blank\" rel=\"noopener\">Habilidades para mujeres emprendedoras<\/a>. <\/span><\/span><\/strong><span style=\"font-family: 'Lato',sans-serif;\">Enfocado a identificar competencias de auto-liderazgo y utilizar herramientas para reducir la renuncia de mujeres a emprender, superar las razones culturales y la mayor aversi\u00f3n al riesgo. Dise\u00f1o y refuerzo de estrategias de acci\u00f3n y mejora de habilidades con el objetivo de crear un impacto de g\u00e9nero positivo entre emprendedoras.<\/span><\/li>\n<li><strong><span style=\"text-decoration: underline;\"><span style=\"font-family: 'Lato',sans-serif; mso-fareast-font-family: 'Times New Roman'; mso-bidi-font-family: Calibri; color: blue; mso-fareast-language: ES-TRAD;\"><a href=\"\/es\/agenda\/Agenda\/evento\/itinerario-i-comunicacion-y-elevator-pitch\/61f26ff82f6ab8c851f65aa5abe5704e\/\" target=\"_blank\" rel=\"noopener\">Comunicaci\u00f3n y Elevator Pitch<\/a>. <\/span><\/span><\/strong><span style=\"font-family: 'Lato',sans-serif;\">Para adquirir los conceptos b\u00e1sicos de oratoria y claves para utilizar la t\u00e9cnica de \u201c<em style=\"mso-bidi-font-style: normal;\">elevator pitch<\/em>\u201d en la presentaci\u00f3n de tu proyecto emprendedor o como argumento de ventas.<\/span><\/li>\n<\/ul>\n<p style=\"text-align: justify;\"><span class=\"MsoHyperlink\"><strong><span style=\"font-family: 'Lato',sans-serif; color: windowtext;\">Itinerario II: consta de una actividad formativa<\/span><\/strong><\/span><\/p>\n<ul>\n<li><strong><span style=\"text-decoration: underline;\"><span style=\"font-family: 'Lato',sans-serif; mso-fareast-font-family: 'Times New Roman'; mso-bidi-font-family: Calibri; color: blue; mso-fareast-language: ES-TRAD;\"><a href=\"\/es\/agenda\/Agenda\/evento\/itinerario-ii-plan-de-empresa-plan-economico-financiero-y-financiacion\/a4f0ff6aef398f0b0584e3a088e2ff29\/\" target=\"_blank\" rel=\"noopener\">Plan de empresa. Plan econ\u00f3mico-financiero y financiaci\u00f3n<\/a><\/span><\/span><\/strong><strong><span style=\"font-family: 'Lato',sans-serif; mso-fareast-font-family: 'Times New Roman'; mso-bidi-font-family: Calibri; mso-fareast-language: ES-TRAD;\">.<\/span><\/strong><span style=\"font-family: 'Lato',sans-serif;\">Itinerario que dar\u00e1 las claves a los que con una idea y\/o modelo de negocio, precisan desarrollar un plan de empresa con todos sus componentes, marketing, comunicaci\u00f3n y ventas, operaciones, RRHH, jur\u00eddico y econ\u00f3mico-financiero, realizando un an\u00e1lisis para establecer estrategias, detectar necesidades y hacer seguimiento del negocio.<\/span><\/li>\n<\/ul>\n<p style=\"text-align: justify;\"><span class=\"MsoHyperlink\"><strong><span style=\"font-family: 'Lato',sans-serif; color: windowtext;\">Itinerario III: consta de tres actividades formativas<\/span><\/strong><\/span><\/p>\n<ul>\n<li><strong><span style=\"text-decoration: underline;\"><span style=\"font-family: 'Lato',sans-serif; mso-fareast-font-family: 'Times New Roman'; mso-bidi-font-family: Calibri; color: blue; mso-fareast-language: ES-TRAD;\"><a href=\"\/es\/agenda\/Agenda\/evento\/itinerario-iii-marketing-digital-y-fundamentos-web\/6ad69a6c88a7b3b60c9d1d5c2f9b0903\/\" target=\"_blank\" rel=\"noopener\">Marketing digital y fundamentos web<\/a>. <\/span><\/span><\/strong><span style=\"font-family: 'Lato',sans-serif;\">Enfocado a conocer los elementos necesarios para dise\u00f1ar y gestionar la web del negocio de un proyecto. Adem\u00e1s, se dar\u00e1n herramientas para que los asistentes puedan disponer en un futuro pr\u00f3ximo de su tienda online. <\/span><\/li>\n<li><strong><span style=\"text-decoration: underline;\"><span style=\"font-family: 'Lato',sans-serif; mso-fareast-font-family: 'Times New Roman'; mso-bidi-font-family: Calibri; color: blue; mso-fareast-language: ES-TRAD;\"><a href=\"\/es\/agenda\/Agenda\/evento\/itinerario-iii-fundamentos-big-data\/00723283abfd67fc225d8a2b665b6be2\/\" target=\"_blank\" rel=\"noopener\">Fundamentos Big Data<\/a>.<\/span><\/span><\/strong><span style=\"font-family: 'Lato',sans-serif;\">Tiene como objetivo conocer y aplicar el Big Data como herramienta b\u00e1sica integrada en el negocio.<\/span><\/li>\n<li><strong><span style=\"text-decoration: underline;\"><span style=\"font-family: 'Lato',sans-serif; mso-fareast-font-family: 'Times New Roman'; mso-bidi-font-family: Calibri; color: blue; mso-fareast-language: ES-TRAD;\"><a href=\"\/es\/agenda\/Agenda\/evento\/itinerario-iii-fundamentos-lean-startup\/fdc0962f3e476e8a18c31fc087e61955\/\" target=\"_blank\" rel=\"noopener\">Fundamentos de Lean Startup<\/a>. <\/span><\/span><\/strong><span style=\"font-family: 'Lato',sans-serif;\">Orientado a conocer y poner en pr\u00e1ctica la metodolog\u00eda Lean Startup para encontrar el mercado objetivo, evaluar con clientes potenciales si la idea es una buena oportunidad, y potenciar la innovaci\u00f3n y creatividad en los negocios.<\/span><\/li>\n<\/ul>\n<p class=\"MsoListParagraphCxSpMiddle\" style=\"text-align: justify;\"><strong><span style=\"text-decoration: underline;\"><span style=\"font-family: 'Lato',sans-serif; mso-fareast-font-family: 'Times New Roman'; mso-bidi-font-family: Calibri; color: blue; mso-fareast-language: ES-TRAD;\"> <a title=\"Itinerarios formativos 2020\" href=\"https:\/\/pre.madridemprende.anovagroup.es\/images\/public\/source\/Formacion y networking\/Itinerarios formativos 2020.pdf\">Itinerarios formativos 2020<\/a><\/span><\/span><\/strong><\/p>\n","protected":false},"excerpt":{"rendered":"<p>Estos itinerarios\u00a0son acciones formativas eminentemente pr\u00e1cticas que&#8230;<\/p>\n","protected":false},"featured_media":8109,"template":"","meta":{"_acf_changed":false},"categories":[],"noticias":[],"class_list":["post-8108","noticias","type-noticias","status-publish","has-post-thumbnail","hentry"],"acf":[],"_links":{"self":[{"href":"https:\/\/test.madridemprende.anovagroup.es\/en\/wp-json\/wp\/v2\/noticias\/8108"}],"collection":[{"href":"https:\/\/test.madridemprende.anovagroup.es\/en\/wp-json\/wp\/v2\/noticias"}],"about":[{"href":"https:\/\/test.madridemprende.anovagroup.es\/en\/wp-json\/wp\/v2\/types\/noticias"}],"version-history":[{"count":0,"href":"https:\/\/test.madridemprende.anovagroup.es\/en\/wp-json\/wp\/v2\/noticias\/8108\/revisions"}],"wp:featuredmedia":[{"embeddable":true,"href":"https:\/\/test.madridemprende.anovagroup.es\/en\/wp-json\/wp\/v2\/media\/8109"}],"wp:attachment":[{"href":"https:\/\/test.madridemprende.anovagroup.es\/en\/wp-json\/wp\/v2\/media?parent=8108"}],"wp:term":[{"taxonomy":"category","embeddable":true,"href":"https:\/\/test.madridemprende.anovagroup.es\/en\/wp-json\/wp\/v2\/categories?post=8108"},{"taxonomy":"noticias","embeddable":true,"href":"https:\/\/test.madridemprende.anovagroup.es\/en\/wp-json\/wp\/v2\/noticias?post=8108"}],"curies":[{"name":"wp","href":"https:\/\/api.w.org\/{rel}","templated":true}]}}