{"id":8110,"date":"2020-07-30T00:00:00","date_gmt":"2020-07-30T00:00:00","guid":{"rendered":"https:\/\/pre.madridemprende.anovagroup.es\/noticias\/bonificacion-del-100-del-precio-publico-en-la-red-de-viveros\/"},"modified":"2022-06-08T10:43:26","modified_gmt":"2022-06-08T08:43:26","slug":"bonificacion-del-100-del-precio-publico-en-la-red-de-viveros","status":"publish","type":"noticias","link":"https:\/\/test.madridemprende.anovagroup.es\/en\/noticias\/bonificacion-del-100-del-precio-publico-en-la-red-de-viveros\/","title":{"rendered":"Bonificaci\u00f3n del 100% del precio p\u00fablico en la red de viveros"},"content":{"rendered":"<div style=\"text-align: justify;\">\n<div><span style=\"font-family: lato; font-size: 12pt;\">Tendr\u00e1n derecho a esta reducci\u00f3n las personas que hubieran sido declaradas beneficiarias de los servicios de apoyo al emprendimiento prestados en los despachos a 14 de marzo de 2020.\u00a0<\/p>\n<p><\/span><\/div>\n<div><span style=\"font-family: lato; font-size: 12pt;\">Tambi\u00e9n podr\u00e1n acogerse a esta reducci\u00f3n las personas o entidades mercantiles que hayan sido o sean declaradas beneficiarias de los referidos servicios entre el 14 de marzo y el 31 de diciembre de 2020.<\/p>\n<p><\/span><\/div>\n<div><span style=\"font-family: lato; font-size: 12pt;\">El \u00fanico requisito exigido, adem\u00e1s de presentar la correspondiente solicitud y cumplir con lo dispuesto en la convocatoria correspondiente, es que la condici\u00f3n de beneficiario se extienda, al menos, a dos ejercicios completos.<\/p>\n<p><\/span><\/div>\n<div><span style=\"font-family: lato; font-size: 12pt;\">La reducci\u00f3n aprobada tendr\u00e1 una duraci\u00f3n m\u00e1xima de 12 mensualidades.<\/p>\n<p><\/span><\/div>\n<div><span style=\"font-family: lato; font-size: 12pt;\">Adem\u00e1s, se ampl\u00eda el plazo m\u00e1ximo de estancia en los despachos de los viveros hasta los cuatro a\u00f1os.<\/p>\n<p><\/span><\/div>\n<div><span style=\"font-family: lato; font-size: 12pt;\">La bonificaci\u00f3n es compatible con la ya existente reducci\u00f3n del 20% en el precio p\u00fablico para aquellos proyectos empresariales o entidades mercantiles en los que la mayor\u00eda de personas promotoras sean mujeres.<\/p>\n<p><\/span><\/div>\n<div><span style=\"font-family: lato; font-size: 12pt;\">Es una iniciativa que forma parte de un amplio paquete de ayudas con las que el Ayuntamiento de Madrid apoya la actividad econ\u00f3mica y el empleo para que pymes y aut\u00f3nomos madrile\u00f1os puedan hacer frente a la grave situaci\u00f3n econ\u00f3mica provocada por la COVID-19.<\/p>\n<p><\/span><\/div>\n<div><span style=\"font-family: lato; font-size: 12pt;\">Esta bonificaci\u00f3n entrar\u00e1 en vigor el 1 de agosto de 2020.<\/p>\n<p><\/span><\/div>\n<div><a href=\"https:\/\/sede.madrid.es\/portal\/site\/tramites\/menuitem.b4c91589e7f6a5d829da39e5a8a409a0\/?vgnextoid=f3aa9db95ea73710VgnVCM1000001d4a900aRCRD&#038;vgnextchannel=741d814231ede410VgnVCM1000000b205a0aRCRD&#038;vgnextfmt=default\" target=\"_blank\" rel=\"noopener\"><span style=\"font-family: lato; font-size: 12pt;\">Acuerdo de 22 de julio de 2020 del Pleno por el que se modifica el Acuerdo de 28 noviembre de 2007 del Pleno del Ayuntamiento de Madrid por el que se aprueba el establecimiento de los precios p\u00fablicos por la prestaci\u00f3n de servicios en los Viveros de Empresas.<\/span><\/a><\/div>\n<\/div>\n<div>\u00a0<\/div>\n<div>\u00a0<\/div>\n","protected":false},"excerpt":{"rendered":"<p>Tendr\u00e1n derecho a esta reducci\u00f3n las personas que hubieran sido&#8230;<\/p>\n","protected":false},"featured_media":8111,"template":"","meta":{"_acf_changed":false},"categories":[],"noticias":[],"class_list":["post-8110","noticias","type-noticias","status-publish","has-post-thumbnail","hentry"],"acf":[],"_links":{"self":[{"href":"https:\/\/test.madridemprende.anovagroup.es\/en\/wp-json\/wp\/v2\/noticias\/8110"}],"collection":[{"href":"https:\/\/test.madridemprende.anovagroup.es\/en\/wp-json\/wp\/v2\/noticias"}],"about":[{"href":"https:\/\/test.madridemprende.anovagroup.es\/en\/wp-json\/wp\/v2\/types\/noticias"}],"version-history":[{"count":0,"href":"https:\/\/test.madridemprende.anovagroup.es\/en\/wp-json\/wp\/v2\/noticias\/8110\/revisions"}],"wp:featuredmedia":[{"embeddable":true,"href":"https:\/\/test.madridemprende.anovagroup.es\/en\/wp-json\/wp\/v2\/media\/8111"}],"wp:attachment":[{"href":"https:\/\/test.madridemprende.anovagroup.es\/en\/wp-json\/wp\/v2\/media?parent=8110"}],"wp:term":[{"taxonomy":"category","embeddable":true,"href":"https:\/\/test.madridemprende.anovagroup.es\/en\/wp-json\/wp\/v2\/categories?post=8110"},{"taxonomy":"noticias","embeddable":true,"href":"https:\/\/test.madridemprende.anovagroup.es\/en\/wp-json\/wp\/v2\/noticias?post=8110"}],"curies":[{"name":"wp","href":"https:\/\/api.w.org\/{rel}","templated":true}]}}