{"id":8134,"date":"2020-12-24T00:00:00","date_gmt":"2020-12-24T00:00:00","guid":{"rendered":"https:\/\/pre.madridemprende.anovagroup.es\/noticias\/abiertas-las-inscripciones-para-los-itinerarios-formativos-de-enero-a-abril-de-2021\/"},"modified":"2022-06-08T10:41:06","modified_gmt":"2022-06-08T08:41:06","slug":"abiertas-las-inscripciones-para-los-itinerarios-formativos-de-enero-a-abril-de-2021","status":"publish","type":"noticias","link":"https:\/\/test.madridemprende.anovagroup.es\/en\/noticias\/abiertas-las-inscripciones-para-los-itinerarios-formativos-de-enero-a-abril-de-2021\/","title":{"rendered":"Abiertas las inscripciones para los Itinerarios Formativos de enero a abril de 2021"},"content":{"rendered":"<p>Los Itinerarios Formativos son acciones formativas eminentemente pr\u00e1cticas que recogen los temas m\u00e1s relevantes a tener en cuenta a la hora de poner en marcha un negocio.<\/p>\n<p>El objetivo es la formaci\u00f3n integral de las personas emprendedoras ofreciendo contenidos que posibiliten la adquisici\u00f3n de conocimientos para la puesta en marcha de un negocio, definici\u00f3n de estrategias comerciales y direcci\u00f3n empresarial, entre otras. Si quieres participar en la formaci\u00f3n virtual s\u00f3lo hace falta: mentalidad emprendedora, inter\u00e9s por formarse y una idea de negocio en fase inicial, o un negocio de reciente creaci\u00f3n<em>.<\/em><\/p>\n<p>Esta edici\u00f3n consta de tres itinerarios diferentes, cada uno integra una o tres actividades diferentes. Puedes inscribirte a una o m\u00e1s actividades ya que son independientes entre s\u00ed, siempre teniendo en cuenta que es necesario asistir a todas las jornadas que componen cada actividad. El desarrollo de las actividades formativas se complementar\u00e1n con la posibilidad de utilizar \u201cAula Emprende\u201d, aula virtual de apoyo que prestar\u00e1 asistencia a las personas emprendedoras para acceso a contenidos y recursos, correcci\u00f3n de evaluaciones y resoluci\u00f3n de dudas y consultas.<\/p>\n<p>El pr\u00f3ximo <strong>26\u00a0de enero<\/strong> de 2021 dan comienzo estas sesiones formativas organizadas por parte del Ayuntamiento de Madrid. Esta edici\u00f3n formativa se desarrollar\u00e1 hasta el pr\u00f3ximo mes de abril.<\/p>\n<p>Los itinerarios formativos se realizaran en directo de 10 a 14:30 en <strong>modalidad videoconferencia<\/strong>. Las actividades que puedan desarrollarse en modalidad presencial, tendr\u00e1n lugar en el vivero de empresas de Puente de Vallecas, Calle la Diligencia, 9, 28018 Madrid. Se confirmara\u0301 previamente la posibilidad de asistencia a las personas inscritas.<\/p>\n<p>Cada uno de los itinerarios ser\u00e1 publicado en nuestra <a href=\"\/es\/agenda\" target=\"_blank\" rel=\"noopener\">Agenda <\/a>de eventos\u00a0 para que puedas inscribirte y, adem\u00e1s, se incluir\u00e1n en el bolet\u00edn semanal de actividades, que puedes recibir pinchado en: <a href=\"\/es\/suscripcion2\" target=\"_blank\" rel=\"noopener\">Suscr\u00edbete a nuestro bolet\u00edn<\/a>. Recuerda que la asistencia es gratuita y las plazas limitadas, por lo que es necesaria la inscripci\u00f3n previa.<\/p>\n<h4>CONTENIDO DE LOS ITINERARIOS FORMATIVOS<\/h4>\n<p><strong>Itinerario I: consta de tres actividades formativas<\/strong><\/p>\n<ul>\n<li><strong><a href=\"\/es\/agenda\/Agenda\/evento\/itinerario-i-habilidades-para-emprender\/f4fec8ca8498594fe699ae6a92b136b5\/\">Habilidades para emprender<\/a>. <\/strong>Su finalidad es conducir a quien tiene una idea incipiente y\/o un proyecto de negocio, hacia una reflexi\u00f3n sobre aspectos del emprendimiento transversales y comunes a cualquier sector de actividad como son el autoconocimiento, el an\u00e1lisis de capacidades y habilidades, as\u00ed como facilitar recursos y herramientas de apoyo que le permitan analizar opciones, definir objetivos y tomar decisiones.<\/li>\n<li><strong><a href=\"\/es\/agenda\/Agenda\/evento\/itinerario-i-habilidades-para-mujeres-emprendedoras\/4d0eaa143953434732ce82b1fc0d2e7b\/\">Habilidades para mujeres emprendedoras<\/a>. <\/strong>Enfocado a identificar competencias de auto-liderazgo y utilizar herramientas para reducir la renuncia de mujeres a emprender, superar las razones culturales y la mayor aversi\u00f3n al riesgo. Dise\u00f1o y refuerzo de estrategias de acci\u00f3n y mejora de habilidades con el objetivo de crear un impacto de g\u00e9nero positivo entre emprendedoras.<\/li>\n<li><strong><a href=\"\/es\/agenda\/Agenda\/evento\/itinerario-i-comunicacion-y-elevator-pitch\/852a661dc4bacd9f58a868714d387936\/\">Comunicaci\u00f3n y Elevator Pitch<\/a>. <\/strong>Para adquirir los conceptos b\u00e1sicos de oratoria y claves para utilizar la t\u00e9cnica de \u201c<em>elevator pitch<\/em>\u201d en la presentaci\u00f3n de tu proyecto emprendedor o como argumento de ventas.<\/li>\n<\/ul>\n<p><strong>Itinerario II: consta de una actividad formativa<\/strong><\/p>\n<ul>\n<li><strong><a href=\"\/es\/agenda\/Agenda\/evento\/itinerario-ii-plan-de-empresa-plan-economico-financiero-y-financiacion\/747d69f6f82f02b030bf07931e5d0d70\/\">Plan de empresa. Plan econ\u00f3mico-financiero y financiaci\u00f3n<\/a><\/strong><strong>.<\/strong>Itinerario que dar\u00e1 las claves a los que con una idea y\/o modelo de negocio, precisan desarrollar un plan de empresa con todos sus componentes, marketing, comunicaci\u00f3n y ventas, operaciones, RRHH, jur\u00eddico y econ\u00f3mico-financiero, realizando un an\u00e1lisis para establecer estrategias, detectar necesidades y hacer seguimiento del negocio.<\/li>\n<\/ul>\n<p><strong>Itinerario III: consta de tres actividades formativas<\/strong><\/p>\n<ul>\n<li><strong><a href=\"\/es\/agenda\/Agenda\/evento\/itinerario-iii-marketing-digital-y-fundamentos-web\/ef6721bb91b9eb170d14c405b450c436\/\">Marketing digital y fundamentos web<\/a>. <\/strong>Enfocado a conocer los elementos necesarios para dise\u00f1ar y gestionar la web del negocio de un proyecto. Adem\u00e1s, se dar\u00e1n herramientas para que los asistentes puedan disponer en un futuro pr\u00f3ximo de su tienda online.<\/li>\n<li><strong><a href=\"\/es\/agenda\/Agenda\/evento\/itinerario-iii-fundamentos-big-data\/69c915a090e179923385c13d2d0e076c\/\">Fundamentos Big Data<\/a>.<\/strong>Tiene como objetivo conocer y aplicar el Big Data como herramienta b\u00e1sica integrada en el negocio.<\/li>\n<li><strong><a href=\"\/es\/agenda\/Agenda\/evento\/itinerario-iii-fundamentos-lean-startup\/bc64f23ab6fb7e3bf470ff8bdfc889eb\/\">Fundamentos de Lean Startup<\/a>. <\/strong>Orientado a conocer y poner en pr\u00e1ctica la metodolog\u00eda Lean Startup para encontrar el mercado objetivo, evaluar con clientes potenciales si la idea es una buena oportunidad, y potenciar la innovaci\u00f3n y creatividad en los negocios.<\/li>\n<\/ul>\n<p style=\"text-align: center;\"><img decoding=\"async\" src=\"\/images\/public\/source\/Formacion y networking\/Captura Itinerarios.JPG\" alt=\"Captura Itinerarios\" \/><\/p>\n<p>\u00a0 \u00a0 \u00a0 \u00a0 \u00a0 \u00a0 \u00a0 \u00a0 \u00a0 \u00a0 \u00a0 \u00a0 \u00a0 \u00a0 \u00a0 \u00a0 \u00a0 \u00a0 \u00a0 \u00a0 \u00a0 \u00a0<a title=\"D\u00c3\u00adptico Itinerarios 2021\" href=\"\/NdSite\/OnLineCache\/FMS\/13\/40\/3f98ccd50f2a0dcda8f3e247a62df99b\/Itinerarios%20formativos%204%202021.pdf\">Folleto informativo de los Itinerarios Formativos 2021<\/a><\/p>\n","protected":false},"excerpt":{"rendered":"<p>Los Itinerarios Formativos son acciones formativas eminentemente pr\u00e1cticas&#8230;<\/p>\n","protected":false},"featured_media":8135,"template":"","meta":{"_acf_changed":false},"categories":[],"noticias":[],"class_list":["post-8134","noticias","type-noticias","status-publish","has-post-thumbnail","hentry"],"acf":[],"_links":{"self":[{"href":"https:\/\/test.madridemprende.anovagroup.es\/en\/wp-json\/wp\/v2\/noticias\/8134"}],"collection":[{"href":"https:\/\/test.madridemprende.anovagroup.es\/en\/wp-json\/wp\/v2\/noticias"}],"about":[{"href":"https:\/\/test.madridemprende.anovagroup.es\/en\/wp-json\/wp\/v2\/types\/noticias"}],"version-history":[{"count":0,"href":"https:\/\/test.madridemprende.anovagroup.es\/en\/wp-json\/wp\/v2\/noticias\/8134\/revisions"}],"wp:featuredmedia":[{"embeddable":true,"href":"https:\/\/test.madridemprende.anovagroup.es\/en\/wp-json\/wp\/v2\/media\/8135"}],"wp:attachment":[{"href":"https:\/\/test.madridemprende.anovagroup.es\/en\/wp-json\/wp\/v2\/media?parent=8134"}],"wp:term":[{"taxonomy":"category","embeddable":true,"href":"https:\/\/test.madridemprende.anovagroup.es\/en\/wp-json\/wp\/v2\/categories?post=8134"},{"taxonomy":"noticias","embeddable":true,"href":"https:\/\/test.madridemprende.anovagroup.es\/en\/wp-json\/wp\/v2\/noticias?post=8134"}],"curies":[{"name":"wp","href":"https:\/\/api.w.org\/{rel}","templated":true}]}}