{"id":8190,"date":"2021-11-29T00:00:00","date_gmt":"2021-11-29T00:00:00","guid":{"rendered":"https:\/\/pre.madridemprende.anovagroup.es\/noticias\/entregados-los-premios-captacion-de-talento-en-innovacion-tecnologica\/"},"modified":"2022-06-08T10:39:34","modified_gmt":"2022-06-08T08:39:34","slug":"entregados-los-premios-captacion-de-talento-en-innovacion-tecnologica","status":"publish","type":"noticias","link":"https:\/\/test.madridemprende.anovagroup.es\/en\/noticias\/entregados-los-premios-captacion-de-talento-en-innovacion-tecnologica\/","title":{"rendered":"Entregados los Premios Captaci\u00f3n de Talento en Innovaci\u00f3n Tecnol\u00f3gica"},"content":{"rendered":"<p class=\"MsoNormal\" style=\"margin-right: -7.15pt;\"><span style=\"font-size: 10.0pt; line-height: 107%; font-family: 'Lato',sans-serif; mso-ansi-language: ES;\">El pasado s\u00e1bado 27 de noviembre, se ha celebrado en La Nave, espacio de innovaci\u00f3n del Ayuntamiento de Madrid, la ceremonia de entrega de los Premios Captaci\u00f3n de Talento en Innovaci\u00f3n Tecnol\u00f3gica, en su primera edici\u00f3n.<\/span><\/p>\n<p class=\"MsoNormal\" style=\"margin-right: -7.15pt;\"><span style=\"font-size: 10.0pt; line-height: 107%; font-family: 'Lato',sans-serif; mso-ansi-language: ES;\">El evento cont\u00f3 con la participaci\u00f3n de \u00c1ngel Ni\u00f1o, concejal delegado del \u00c1rea de Innovaci\u00f3n y Emprendimiento del Ayuntamiento de Madrid y Fernando Herrero, director general de Innovaci\u00f3n y Emprendimiento del Ayuntamiento de Madrid. <\/span><\/p>\n<p class=\"MsoNormal\" style=\"margin-right: -7.15pt;\"><span style=\"font-size: 10.0pt; line-height: 107%; font-family: 'Lato',sans-serif; mso-ansi-language: ES;\">El Ayuntamiento de Madrid, en su inter\u00e9s por promover la innovaci\u00f3n en la ciudad de Madrid, ha lanzado en este a\u00f1o 2021 la primera convocatoria de los Premios Captaci\u00f3n de Talento en Innovaci\u00f3n Tecnol\u00f3gica.<\/span><\/p>\n<p class=\"MsoNormal\" style=\"margin-right: -7.15pt;\"><span style=\"font-size: 10.0pt; line-height: 107%; font-family: 'Lato',sans-serif; mso-ansi-language: ES;\">Con este galard\u00f3n, el Ayuntamiento de Madrid busca dar visibilidad al talento innovador de los universitarios y doctores que han cursado sus estudios o defendido sus tesis en Madrid.<\/span><\/p>\n<p class=\"MsoNormal\" style=\"margin-right: -7.15pt;\"><span style=\"font-size: 10.0pt; line-height: 107%; font-family: 'Lato',sans-serif; mso-ansi-language: ES;\">\u00a0<\/span><strong><span style=\"font-size: 10.0pt; line-height: 107%; font-family: 'Lato',sans-serif; mso-ansi-language: ES;\">Premios de mejor tesis doctorales<\/span><\/strong><\/p>\n<ul>\n<li><span style=\"font-size: 10.0pt; line-height: 107%; font-family: 'Lato',sans-serif; mso-ansi-language: ES;\">Mejor tesis con potencial para la creaci\u00f3n de empresas fue para <strong>V\u00edctor Sebasti\u00e1n P\u00e9rez, \u2018<\/strong><em>Descubrimiento de f\u00e1rmacos en enfermedades infecciosas: aproximaciones basadas en la diana y en el ligando\u2019<\/em><\/span><\/li>\n<li><span style=\"font-size: 10.0pt; line-height: 107%; font-family: 'Lato',sans-serif; mso-ansi-language: ES;\">Tesis m\u00e1s innovadora en nuevas tecnolog\u00edas fue para <strong>Daniel Mart\u00ednez de Rioja del Nido<\/strong>, \u2018<em>Nuevas configuraciones de antenas reflectarray para generar coberturas multi-haz en banda Ka desde sat\u00e9lites geoestacionarios\u2019<\/em><\/span><\/li>\n<li><span style=\"font-size: 10.0pt; line-height: 107%; font-family: 'Lato',sans-serif; mso-ansi-language: ES;\">Mejor tesis en aspectos jur\u00eddicos o \u00e9ticos relacionados con las nuevas tecnolog\u00edas fue para <strong>Elena Gil Gonz\u00e1lez<\/strong>, <em><span style=\"mso-bidi-font-weight: bold;\">\u2018El inter\u00e9s leg\u00edtimo en el tratamiento de datos personales masivos\u2019<\/span><\/em><\/span><\/li>\n<\/ul>\n<p class=\"MsoNormal\" style=\"margin-right: -7.15pt;\"><em><span style=\"font-size: 10.0pt; line-height: 107%; font-family: 'Lato',sans-serif; mso-ansi-language: ES; mso-bidi-font-weight: bold;\">\u00a0<\/span><\/em><strong><span style=\"font-size: 10.0pt; line-height: 107%; font-family: 'Lato',sans-serif; mso-ansi-language: ES;\">Premios de mejor trabajos fin de m\u00e1ster<\/span><\/strong><\/p>\n<ul>\n<li><span style=\"font-size: 10.0pt; line-height: 107%; font-family: 'Lato',sans-serif; mso-ansi-language: ES;\">Mejor trabajo con potencial para la creaci\u00f3n de empresas fue para <strong>David Fabra Escribano<\/strong>, <em>\u2018Complejos met\u00e1licos de paladio (II) conteniendo unidades bioactivas\u2019<\/em><\/span><\/li>\n<li><span style=\"font-size: 10.0pt; line-height: 107%; font-family: 'Lato',sans-serif; mso-ansi-language: ES;\">Trabajo m\u00e1s innovador en nuevas tecnolog\u00edas fue para <strong>Alicia Pose D\u00edez de la Lastra<\/strong>, \u2018<em>Combinando realidad aumentada e impresi\u00f3n 3D para mejorar el flujo quir\u00fargico: aplicaci\u00f3n de smartphone y evaluaci\u00f3n cl\u00ednica\u2019<\/em><\/span><\/li>\n<li><span style=\"font-size: 10.0pt; line-height: 107%; font-family: 'Lato',sans-serif; mso-ansi-language: ES;\">Mejor trabajo en aspectos jur\u00eddicos o \u00e9ticos relacionados con las nuevas tecnolog\u00edas fue para C\u00e9sar Augusto <strong>Fontanillo P\u00e9rez, <\/strong><em>\u2018Interfaces pasivas cerebro-computadora basadas en t\u00e9cnicas de electroencefalograf\u00eda en el sector del bienestar\u2019<\/em><\/span><\/li>\n<\/ul>\n<p class=\"MsoNormal\" style=\"margin-right: -7.15pt;\"><span style=\"font-size: 10.0pt; line-height: 107%; font-family: 'Lato',sans-serif; mso-ansi-language: ES;\">\u00a0<\/span><strong><span style=\"font-size: 10.0pt; line-height: 107%; font-family: 'Lato',sans-serif; mso-ansi-language: ES;\">Acc\u00e9sits tesis doctorales<\/span><\/strong><\/p>\n<ul>\n<li><span style=\"font-size: 10.0pt; line-height: 107%; font-family: 'Lato',sans-serif; mso-ansi-language: ES;\">Mejor innovaci\u00f3n tecnol\u00f3gica y sus aplicaciones a especialidades biom\u00e9dicas <strong>\u00c1ngel Garc\u00eda Aldea<\/strong>, \u2018<em>Fisiopatolog\u00eda de la deficiencia de MCT8: estudios en humanos y ratones\u2019<\/em><\/span><\/li>\n<li><span style=\"font-size: 10.0pt; line-height: 107%; font-family: 'Lato',sans-serif; mso-ansi-language: ES;\">Mejor innovaci\u00f3n tecnol\u00f3gica aplicable a los servicios de la ciudad de Madrid <strong>Carlos Ruiz de Le\u00f3n G\u00f3mez, <\/strong><em>\u2018Desarrollo y optimizaci\u00f3n de la tecnolog\u00eda OSCAR\u00ae para el tratamiento de efluentes con una elevada carga org\u00e1nica\u2019<\/em><\/span><\/li>\n<\/ul>\n<p class=\"MsoNormal\" style=\"margin-right: -7.15pt;\"><em><span style=\"font-size: 10.0pt; line-height: 107%; font-family: 'Lato',sans-serif; mso-ansi-language: ES;\">\u00a0<\/span><\/em><strong><span style=\"font-size: 10.0pt; line-height: 107%; font-family: 'Lato',sans-serif; mso-ansi-language: ES;\">Acc\u00e9sits trabajos fin de m\u00e1ster<\/span><\/strong><\/p>\n<ul>\n<li><span style=\"font-size: 10.0pt; line-height: 107%; font-family: 'Lato',sans-serif; mso-ansi-language: ES;\">Mejor innovaci\u00f3n tecnol\u00f3gica relacionada con la pandemia de la COVID-19 y sus consecuencias para <strong>Irene Castro Fern\u00e1ndez<\/strong>, \u2018<em>Sensores basados en microdiscos optomec\u00e1nicos para aplicaciones biol\u00f3gicas\u2019<\/em><\/span><\/li>\n<li><span style=\"font-size: 10.0pt; line-height: 107%; font-family: 'Lato',sans-serif; mso-ansi-language: ES;\">Mejor innovaci\u00f3n tecnol\u00f3gica aplicable a los servicios de la ciudad de Madrid para <strong>Asier Go\u00f1i<\/strong> <strong>Urtiaga,<\/strong><\/span><em><span style=\"font-size: 10.0pt; line-height: 107%; font-family: 'Lato',sans-serif; mso-ansi-language: ES;\">\u2018Biochar como agente estructurante en sustratos de compostaje. \u00bfUna alternativa viable en techos verdes?<\/span><\/em><span style=\"font-size: 10.0pt; line-height: 107%; font-family: 'Lato',sans-serif; mso-ansi-language: ES;\">\u2019<\/span><\/li>\n<\/ul>\n<p class=\"MsoNormal\" style=\"margin-right: -7.15pt;\"><span style=\"font-size: 10.0pt; line-height: 107%; font-family: 'Lato',sans-serif; mso-ansi-language: ES;\">Cada uno de los premios destinados a las tesis doctorales estuvo dotado con 2.500 euros y sus acc\u00e9sits correspondientes, con 1.000 euros. Los trabajos de fin de m\u00e1ster premiados recibieron 1.500 euros y cada uno de los acc\u00e9sits de esta categor\u00eda, 500 euros. <\/span><\/p>\n<p class=\"MsoNormal\" style=\"margin-right: -7.15pt;\"><span style=\"font-size: 10.0pt; line-height: 107%; font-family: 'Lato',sans-serif; mso-ansi-language: ES;\">El jurado estuvo compuesto por seis miembros y cont\u00f3 con cient\u00edficos espa\u00f1oles de reconocido prestigio y empresarios de reconocida trayectoria en el campo de la innovaci\u00f3n tecnol\u00f3gica: Da. Asunci\u00f3n G\u00f3mez P\u00e9rez, catedr\u00e1tica, vicerrectora de investigaci\u00f3n, innovaci\u00f3n y doctorado, directora del Ontology Engineering Group, Universidad Polit\u00e9cnica de Madrid, D. Lluis Montoliu Jos\u00e9, Profesor de Investigaci\u00f3n del CSIC, presidente del Comit\u00e9 de \u00c9tica, Centro Nacional de Biotecnolog\u00eda, Da. Paloma Domingo Garc\u00eda, astrof\u00edsica, directora adjunta del FGCSIC, D. Jaime Rodr\u00edguez Lagunas, director de Applied Intelligence Iberia, Accenture, D. Jes\u00fas Garc\u00eda Herrero, catedr\u00e1tico, de Ciencias de la Computaci\u00f3n e Inteligencia Artificial, Universidad Carlos III y D. Luis Miguel Bergasa Pascual, catedr\u00e1tico de la Universidad de Alcal\u00e1, coordinador del Grupo de Investigaci\u00f3n Rob\u00f3tica de Servicios y Tecnolog\u00edas para la Seguridad Vial.<\/span><\/p>\n<p class=\"MsoNormal\" style=\"margin-right: -7.15pt;\"><span style=\"font-size: 10.0pt; line-height: 107%; font-family: 'Lato',sans-serif; mso-ansi-language: ES;\">Se presentaron 168 candidaturas. El n\u00famero de candidaturas presentadas por mujeres supuso el 41% del total. A su vez, el 44% de las solicitudes han sido presentadas a la categor\u00eda de Tesis Doctoral y el 74% a la modalidad de \u201cProyecto m\u00e1s innovador en nuevas tecnolog\u00edas\u201d.<\/span><\/p>\n<p class=\"MsoNormal\" style=\"margin-right: -7.15pt;\"><span style=\"font-size: 10.0pt; line-height: 107%; font-family: 'Lato',sans-serif; mso-ansi-language: ES;\">La tem\u00e1tica abordada por los candidatos en sus tesis y trabajos de fin de m\u00e1ster ha sido muy amplia. Destacan las aplicaciones para Inteligencia Artificial en los m\u00e1s diversos \u00e1mbitos, entre otros: ense\u00f1anza, IoT, conducci\u00f3n aut\u00f3noma y redes sociales; las tesis en f\u00edsica aplicada y f\u00edsica te\u00f3rica, los estudios de nuevos materiales y sus aplicaciones y la lucha contra el c\u00e1ncer, el Alzheimer y la ELA.<\/span><\/p>\n<p class=\"MsoNormal\" style=\"margin-right: -7.15pt;\"><span style=\"font-size: 10.0pt; line-height: 107%; font-family: 'Lato',sans-serif; mso-ansi-language: ES;\">Los candidatos han cursado sus estudios de doctorado o de m\u00e1ster principalmente en la Universidad Aut\u00f3noma, en la Polit\u00e9cnica, en la Universidad Complutense, en la Universidad de Alcal\u00e1, en la Universidad Carlos III y en la Universidad Juan Carlos I.<\/span><\/p>\n<p class=\"MsoNormal\" style=\"margin-right: -7.15pt;\"><span style=\"font-size: 10.0pt; line-height: 107%; font-family: 'Lato',sans-serif; mso-ansi-language: ES;\">Si no has podido ver el directo de la emisi\u00f3n del evento, puedes verlo en <\/span><span lang=\"CA\"><a href=\"https:\/\/www.youtube.com\/watch?v=cpZxZMN3lVY\" target=\"_blank\" rel=\"noopener\"><span lang=\"ES\" style=\"font-size: 10.0pt; line-height: 107%; font-family: 'Lato',sans-serif; mso-ansi-language: ES;\">este enlace<\/span><\/a><\/span><\/p>\n<p class=\"MsoNormal\" style=\"margin-right: -7.15pt;\"><span style=\"font-size: 10.0pt; line-height: 107%; font-family: 'Lato',sans-serif; mso-ansi-language: ES;\">Tambi\u00e9n puedes ver el \u00e1lbum de fotos completo <\/span><span lang=\"CA\"><a href=\"https:\/\/www.facebook.com\/media\/set\/?vanity=MadridEmprende&#038;set=a.10159585429152165\" target=\"_blank\" rel=\"noopener\"><span lang=\"ES\" style=\"font-size: 10.0pt; line-height: 107%; font-family: 'Lato',sans-serif; mso-ansi-language: ES;\">pinchando aqu\u00ed<\/span><\/a><\/span><\/p>\n","protected":false},"excerpt":{"rendered":"<p>El pasado s\u00e1bado 27 de noviembre, se ha celebrado en La Nave, espacio de&#8230;<\/p>\n","protected":false},"featured_media":8191,"template":"","meta":{"_acf_changed":false},"categories":[317],"noticias":[],"class_list":["post-8190","noticias","type-noticias","status-publish","has-post-thumbnail","hentry","category-noticias"],"acf":[],"_links":{"self":[{"href":"https:\/\/test.madridemprende.anovagroup.es\/en\/wp-json\/wp\/v2\/noticias\/8190"}],"collection":[{"href":"https:\/\/test.madridemprende.anovagroup.es\/en\/wp-json\/wp\/v2\/noticias"}],"about":[{"href":"https:\/\/test.madridemprende.anovagroup.es\/en\/wp-json\/wp\/v2\/types\/noticias"}],"version-history":[{"count":0,"href":"https:\/\/test.madridemprende.anovagroup.es\/en\/wp-json\/wp\/v2\/noticias\/8190\/revisions"}],"wp:featuredmedia":[{"embeddable":true,"href":"https:\/\/test.madridemprende.anovagroup.es\/en\/wp-json\/wp\/v2\/media\/8191"}],"wp:attachment":[{"href":"https:\/\/test.madridemprende.anovagroup.es\/en\/wp-json\/wp\/v2\/media?parent=8190"}],"wp:term":[{"taxonomy":"category","embeddable":true,"href":"https:\/\/test.madridemprende.anovagroup.es\/en\/wp-json\/wp\/v2\/categories?post=8190"},{"taxonomy":"noticias","embeddable":true,"href":"https:\/\/test.madridemprende.anovagroup.es\/en\/wp-json\/wp\/v2\/noticias?post=8190"}],"curies":[{"name":"wp","href":"https:\/\/api.w.org\/{rel}","templated":true}]}}