{"id":8192,"date":"2021-11-30T00:00:00","date_gmt":"2021-11-30T00:00:00","guid":{"rendered":"https:\/\/pre.madridemprende.anovagroup.es\/noticias\/nuevo-programa-de-incubacion-para-alimentos-envasados\/"},"modified":"2022-06-08T10:39:34","modified_gmt":"2022-06-08T08:39:34","slug":"nuevo-programa-de-incubacion-para-alimentos-envasados","status":"publish","type":"noticias","link":"https:\/\/test.madridemprende.anovagroup.es\/en\/noticias\/nuevo-programa-de-incubacion-para-alimentos-envasados\/","title":{"rendered":"Nuevo programa de incubaci\u00f3n para alimentos envasados"},"content":{"rendered":"<p class=\"MsoNormal\"><span lang=\"es\" style=\"color: #222222;\">Arranca el segundo programa de incubaci\u00f3n para proyectos que est\u00e9n desarrollando productos alimenticios y bebidas envasadas, desarrollado por el Ayuntamiento de Madrid, desde <strong>Madrid Food Innovation Hub<\/strong>, el centro destinado a fomentar el emprendimiento, la innovaci\u00f3n y la tecnolog\u00eda en la cadena de valor agroalimentaria. Se trata de una experiencia pionera en el mundo y que va a revolucionar la industria global desde la ciudad de Madrid.<\/span><\/p>\n<p class=\"MsoNormal\"><span lang=\"es\" style=\"color: #222222;\">El centro contin\u00faa con sus actividades, esta vez con un <strong>programa de incubaci\u00f3n enfocado al \u00e1mbito de los CPG<\/strong> (\u2018Consumer Packaged Goods\u2019, o bienes de consumo envasados). Las startups deben aplicar las nuevas tecnolog\u00edas durante la formulaci\u00f3n y\/o producci\u00f3n de estos alimentos, pudiendo venir acompa\u00f1adas del desarrollo de nuevos modelos de negocio en el \u00e1mbito digital que permitan la relaci\u00f3n directa con el consumidor y la desintermediaci\u00f3n de la venta de estos productos novedosos. Tambi\u00e9n tendr\u00e1n la ambici\u00f3n de revolucionar el sector, con un foco muy claro en la viabilidad comercial de los proyectos y su aportaci\u00f3n a la industria, con un impacto real en la econom\u00eda y en la sociedad.<\/span><\/p>\n<p class=\"MsoNormal\"><span lang=\"es\" style=\"color: #222222;\">Es programa<span style=\"mso-bidi-font-weight: bold;\">gratuito que<\/span> tendr\u00e1 una <strong>duraci\u00f3n de 12 semanas<\/strong>, durante las que los seleccionados recibir\u00e1n sesiones te\u00f3ricas y pr\u00e1cticas, tutor\u00edas con expertos, podr\u00e1n hacer uso de las instalaciones del centro (tanto el espacio de coworking como la cocina-laboratorio), y finalizar\u00e1n el programa con presentaciones de sus proyectos a potenciales consumidores e inversores.<\/span><\/p>\n<p class=\"MsoNormal\"><span lang=\"es\" style=\"color: #222222;\">Entre las posibles \u00e1reas en las que podr\u00edan enmarcarse los proyectos, se valorar\u00e1n los productos envasados con foco en <strong style=\"mso-bidi-font-weight: normal;\">sostenibilidad;<\/strong> los alimentos o bebidas con un <strong style=\"mso-bidi-font-weight: normal;\">efecto positivo en la salud, <\/strong>como pueden ser aportes energ\u00e9ticos extra, prote\u00ednas o superalimentos; los productos con <strong style=\"mso-bidi-font-weight: normal;\">composici\u00f3n nutricional mejorada, <\/strong>ya sean listas cortas de ingredientes o sin aditivos superfluos; y comidas y bebidas listas para consumir o de f\u00e1cil preparaci\u00f3n, es decir, snacks o comida preparada.<\/span><\/p>\n<p class=\"MsoNormal\"><span lang=\"es\" style=\"color: #222222;\">Se valorar\u00e1 especialmente aquellos proyectos que adem\u00e1s cuenten con <strong style=\"mso-bidi-font-weight: normal;\">modelos de negocio avanzados que permitan una relaci\u00f3n directa con consumidores<\/strong> y faciliten el acceso a estos nuevos productos.<\/span><\/p>\n<p class=\"MsoNormal\"><span lang=\"es\" style=\"color: #222222;\">El programa est\u00e1 destinado a <strong>proyectos con menos de 12 meses de vida<\/strong>, que no hayan recibido inversi\u00f3n previa, que aborden el sector de la comida y bebida envasada con una perspectiva innovadora, que cuenten con un equipo ambicioso y est\u00e9n basados en la Comunidad de Madrid. Se valorar\u00e1n especialmente aquellos proyectos promovidos por desempleados o personas en situacio\u0301n de vulnerabilidad econo\u0301mica.<\/span><\/p>\n<p class=\"MsoNormal\"><span lang=\"es\" style=\"color: #222222;\">El plazo de <strong>admisi\u00f3n de candidaturas finaliza el 15 de diciembre<\/strong>. <\/span><\/p>\n<p class=\"MsoNormal\"><span lang=\"es\" style=\"color: #222222;\">Las bases completas est\u00e1n disponibles en <\/span><span lang=\"es\"><a href=\"http:\/\/www.madridfoodinnovationhub.com\/\" target=\"_blank\" rel=\"noopener\"><span style=\"color: #1155cc;\">www.madridfoodinnovationhub.com<\/span><\/a><\/span><span lang=\"es\" style=\"font-size: 12.0pt; line-height: 115%; color: #222222;\">.<\/span><\/p>\n","protected":false},"excerpt":{"rendered":"<p>Arranca el segundo programa de incubaci\u00f3n para proyectos que est\u00e9n&#8230;<\/p>\n","protected":false},"featured_media":8193,"template":"","meta":{"_acf_changed":false},"categories":[317],"noticias":[],"class_list":["post-8192","noticias","type-noticias","status-publish","has-post-thumbnail","hentry","category-noticias"],"acf":[],"_links":{"self":[{"href":"https:\/\/test.madridemprende.anovagroup.es\/en\/wp-json\/wp\/v2\/noticias\/8192"}],"collection":[{"href":"https:\/\/test.madridemprende.anovagroup.es\/en\/wp-json\/wp\/v2\/noticias"}],"about":[{"href":"https:\/\/test.madridemprende.anovagroup.es\/en\/wp-json\/wp\/v2\/types\/noticias"}],"version-history":[{"count":0,"href":"https:\/\/test.madridemprende.anovagroup.es\/en\/wp-json\/wp\/v2\/noticias\/8192\/revisions"}],"wp:featuredmedia":[{"embeddable":true,"href":"https:\/\/test.madridemprende.anovagroup.es\/en\/wp-json\/wp\/v2\/media\/8193"}],"wp:attachment":[{"href":"https:\/\/test.madridemprende.anovagroup.es\/en\/wp-json\/wp\/v2\/media?parent=8192"}],"wp:term":[{"taxonomy":"category","embeddable":true,"href":"https:\/\/test.madridemprende.anovagroup.es\/en\/wp-json\/wp\/v2\/categories?post=8192"},{"taxonomy":"noticias","embeddable":true,"href":"https:\/\/test.madridemprende.anovagroup.es\/en\/wp-json\/wp\/v2\/noticias?post=8192"}],"curies":[{"name":"wp","href":"https:\/\/api.w.org\/{rel}","templated":true}]}}