{"id":8194,"date":"2021-12-03T00:00:00","date_gmt":"2021-12-03T00:00:00","guid":{"rendered":"https:\/\/pre.madridemprende.anovagroup.es\/noticias\/entrega-de-los-premios-margarita-salas-de-investigacion\/"},"modified":"2022-06-08T10:39:34","modified_gmt":"2022-06-08T08:39:34","slug":"entrega-de-los-premios-margarita-salas-de-investigacion","status":"publish","type":"noticias","link":"https:\/\/test.madridemprende.anovagroup.es\/en\/noticias\/entrega-de-los-premios-margarita-salas-de-investigacion\/","title":{"rendered":"Entrega de los Premios Margarita Salas de Investigaci\u00f3n"},"content":{"rendered":"<p style=\"font-weight: 400;\">El Ayuntamiento de Madrid, en su inter\u00e9s por promover la investigaci\u00f3n cient\u00edfica en la ciudad de Madrid, ha lanzado en este a\u00f1o 2021 la primera convocatoria de los Premios Margarita Salas de Investigaci\u00f3n.<\/p>\n<p style=\"font-weight: 400;\">Los<strong>\u00a0Premios Margarita Salas de Investigaci\u00f3n<\/strong>\u00a0se convocan en memoria de una de las cient\u00edficas espa\u00f1olas m\u00e1s importantes que, adem\u00e1s, llev\u00f3 a cabo una gran labor como formadora de cient\u00edficos. Estos galardones quieren destacar las mejores tesis doctorales defendidas en los dos \u00faltimos a\u00f1os en universidades con sede en la Comunidad de Madrid. Se valorar\u00e1n, entre otras, la excelencia cient\u00edfica del trabajo, su car\u00e1cter innovador y las aplicaciones pr\u00e1cticas de la investigaci\u00f3n.<\/p>\n<p style=\"font-weight: 400;\">Los Premios Margarita Salas de Investigaci\u00f3n se han organizado en dos categor\u00edas: \u2018Ciencias de la vida\u2019 (medicina, biolog\u00eda y medioambiente) y \u2018Ciencias b\u00e1sicas\u2019 (f\u00edsica, qu\u00edmica y matem\u00e1ticas).<\/p>\n<p style=\"font-weight: 400;\">Uno de los mayores logros de esta primera edici\u00f3n ha sido el alto grado de participaci\u00f3n, con un total de con 206 solicitudes presentadas.<\/p>\n<p style=\"font-weight: 400;\">Tras las defensas de las candidaturas y mientras el jurado deliberaba,\u00a0Luc\u00eda Vi\u00f1uela Salas, hija de Margarita Salas, ha compartido con el p\u00fablico recuerdos y la parte m\u00e1s humana e \u00edntima de su madre. En esta conversaci\u00f3n tambi\u00e9n ha participado Antonio Bernad, disc\u00edpulo de Salas, que ha puesto en valor la visi\u00f3n profesional y deontol\u00f3gica de la reconocida cient\u00edfica.<\/p>\n<p><span style=\"font-family: lato; font-size: 12pt;\">Tras un debate especialmente intenso en la categor\u00eda de ciencias de la vida, en la que los miembros del jurado han encontrado muy dif\u00edcil seleccionar un ganador entre las dos tesis consideradas como las mejores, la resoluci\u00f3n del jurado ha sido la siguiente:<\/p>\n<p><\/span><span style=\"font-family: lato;\"><strong>Categor\u00eda ciencias b\u00e1sicas<\/strong><\/span><\/p>\n<ul style=\"font-weight: 400;\">\n<li><strong>Premio a la mejor tesis:\u00a0<\/strong><strong>Alicia Gonzalo Mart\u00edn<\/strong>, con estructuras basadas en aleaciones semiconductoras de GaAs(Sb)(N)\u00a0 para c\u00e9lulas solares multi-uni\u00f3n de alta eficiencia<\/li>\n<li><strong>Acc\u00e9sit:\u00a0<\/strong><strong>Alberto Garrido Castro<\/strong>, con estrategias foto &#8211; y \u00f3rgano &#8211; catal\u00edticas para la preparaci\u00f3n de compuestos nitrogenados<\/li>\n<\/ul>\n<p><span style=\"font-family: lato;\"><strong>Categor\u00eda ciencias de la vida<\/strong><\/span><\/p>\n<ul style=\"font-weight: 400;\">\n<li><strong>Premio a la mejor tesis:\u00a0<\/strong><strong>Jos\u00e9 Bonafont Arago<\/strong>, con protocolos basados en la edici\u00f3n de genes para la correcci\u00f3n\u00a0<em>ex vivo<\/em>\u00a0de la epiderm\u00f3lisis bullosa distr\u00f3fica recesiva<\/li>\n<li><strong>Acc\u00e9sit:\u00a0<\/strong><strong>David Garc\u00eda Mato<\/strong>, por optimizaci\u00f3n del tratamiento de la craneosinostosis: planificaci\u00f3n virtual, fotograf\u00eda 3D y navegaci\u00f3n quir\u00fargica<\/li>\n<\/ul>\n<p><span style=\"font-family: lato; font-size: 12pt;\"><strong>\u00c1ngel Ni\u00f1o<\/strong>, concejal delegado de Innovaci\u00f3n y Emprendimiento, ha sido el encargado de hacer la entrega de premios.<\/span><\/p>\n<p style=\"margin: 0cm;\">En su intervenci\u00f3n, Ni\u00f1o ha manifestado que \u201ces una pena que algunos de los premiados no han podido estar en esta gala porque tienen que investigar fuera\u201d. En este sentido, tambi\u00e9n ha hecho hincapi\u00e9 en la necesidad de apoyar a la ciencia y la investigaci\u00f3n desde las administraciones p\u00fablicas para poder retener el talento cient\u00edfico de nuestro pa\u00eds. \u201cCon el nivel de innovaci\u00f3n que tenemos, debemos ser capaces de comunicarlo y explicarlo. Hay que hacer divulgaci\u00f3n\u201d, ha concluido.<\/p>\n<p style=\"margin: 0cm;\">Puedes ver el v\u00eddeo de la gala de entrega de premios en el canal de\u00a0<a href=\"https:\/\/www.youtube.com\/LaNaveMadrid\" target=\"_blank\" rel=\"noopener\">Youtube de La Nave<\/a><\/p>\n<p style=\"font-weight: 400;\">El\u00a0<strong>jurado<\/strong>\u00a0de los Premios Margarita Salas de Investigaci\u00f3n 2021 ha estado formado por ocho cient\u00edficos espa\u00f1oles de reconocido prestigio:<\/p>\n<ul style=\"font-weight: 400;\">\n<li>D. Luis Blanco D\u00e1vila, profesor de investigaci\u00f3n del Centro de Biolog\u00eda Molecular del CSIC<\/li>\n<li>D. Rafael Garesse Alarc\u00f3n, catedr\u00e1tico, bioqu\u00edmica y biolog\u00eda molecular, Universidad Aut\u00f3noma<\/li>\n<li>D\u00f1a. Isabel Sola Gurpegui, bi\u00f3loga, investigadora del Centro Nacional de Biotecnolog\u00eda (CSIC-Universidad Aut\u00f3noma de Madrid) y codirectora del grupo de coronavirus en dicha instituci\u00f3n<\/li>\n<li>D\u00f1a. Marisol Soengas Gonz\u00e1lez, bi\u00f3loga, especializada en microbiolog\u00eda, directora del grupo de Melanoma en el Centro Nacional de Investigaciones Oncol\u00f3gicas<\/li>\n<li>D. Ram\u00f3n Torrecillas San Mill\u00e1n, f\u00edsico, director general de la Fundaci\u00f3n General CSIC<\/li>\n<li>D. Rodolfo Miranda Soriano, f\u00edsico, director del Instituto IMDEA Nanociencia<\/li>\n<li>D. Carlos Alejaldre Losilla, director general del CIEMAT<\/li>\n<li>D. Carlos L\u00f3pez Ot\u00edn, catedr\u00e1tico, bioqu\u00edmica y biolog\u00eda molecular, Universidad de Oviedo<\/li>\n<\/ul>\n","protected":false},"excerpt":{"rendered":"<p>El Ayuntamiento de Madrid, en su inter\u00e9s por promover la investigaci\u00f3n&#8230;<\/p>\n","protected":false},"featured_media":8195,"template":"","meta":{"_acf_changed":false},"categories":[317],"noticias":[],"class_list":["post-8194","noticias","type-noticias","status-publish","has-post-thumbnail","hentry","category-noticias"],"acf":[],"_links":{"self":[{"href":"https:\/\/test.madridemprende.anovagroup.es\/en\/wp-json\/wp\/v2\/noticias\/8194"}],"collection":[{"href":"https:\/\/test.madridemprende.anovagroup.es\/en\/wp-json\/wp\/v2\/noticias"}],"about":[{"href":"https:\/\/test.madridemprende.anovagroup.es\/en\/wp-json\/wp\/v2\/types\/noticias"}],"version-history":[{"count":0,"href":"https:\/\/test.madridemprende.anovagroup.es\/en\/wp-json\/wp\/v2\/noticias\/8194\/revisions"}],"wp:featuredmedia":[{"embeddable":true,"href":"https:\/\/test.madridemprende.anovagroup.es\/en\/wp-json\/wp\/v2\/media\/8195"}],"wp:attachment":[{"href":"https:\/\/test.madridemprende.anovagroup.es\/en\/wp-json\/wp\/v2\/media?parent=8194"}],"wp:term":[{"taxonomy":"category","embeddable":true,"href":"https:\/\/test.madridemprende.anovagroup.es\/en\/wp-json\/wp\/v2\/categories?post=8194"},{"taxonomy":"noticias","embeddable":true,"href":"https:\/\/test.madridemprende.anovagroup.es\/en\/wp-json\/wp\/v2\/noticias?post=8194"}],"curies":[{"name":"wp","href":"https:\/\/api.w.org\/{rel}","templated":true}]}}