{"id":8216,"date":"2022-02-10T00:00:00","date_gmt":"2022-02-10T00:00:00","guid":{"rendered":"https:\/\/pre.madridemprende.anovagroup.es\/noticias\/cuando-terminan-las-ayudas-ante-la-covid-19\/"},"modified":"2022-06-08T10:39:32","modified_gmt":"2022-06-08T08:39:32","slug":"cuando-terminan-las-ayudas-ante-la-covid-19","status":"publish","type":"noticias","link":"https:\/\/test.madridemprende.anovagroup.es\/en\/noticias\/cuando-terminan-las-ayudas-ante-la-covid-19\/","title":{"rendered":"\u00bfCu\u00e1ndo terminan las ayudas ante la COVID-19?"},"content":{"rendered":"<p class=\"MsoNormal\"><span style=\"font-family: Lato, sans-serif; font-size: 12pt;\">Durante muchos meses, los trabajadores por cuenta propia han podido tener acceso a ayudas gubernamentales con motivo de la COVID-19. <\/span><\/p>\n<p class=\"MsoNormal\"><span style=\"font-family: Lato, sans-serif; font-size: 12pt;\">Si no se toma la decisi\u00f3n de prorrogarlas, entre el 28 de febrero y el 30 de junio seis ayudas acabar\u00e1n su vigencia.<br \/><\/span><\/p>\n<ul>\n<li><span style=\"font-size: 12pt;\"><strong><span style=\"font-family: 'Lato',sans-serif; mso-ansi-language: ES;\">Cese de actividad. Hasta el 28 de febrero.<\/span><\/strong><\/span><\/li>\n<li style=\"list-style: none;\"><span style=\"font-family: Lato, sans-serif; font-size: 12pt;\">El pasado mes de septiembre entr\u00f3 en vigor la quinta convocatoria de ayudas por cese de actividad extraordinario. <\/span><\/li>\n<li style=\"list-style: none;\"><span style=\"font-family: Lato, sans-serif; font-size: 12pt;\">Si no se produce un nuevo pacto entre los agentes implicados, estas prestaciones acabar\u00e1n a finales de mes. <\/span><\/li>\n<li style=\"list-style: none;\"><span style=\"font-family: Lato, sans-serif; font-size: 12pt;\">Mientras dure esta medida, hay que tener en cuenta las particularidades de cada una de las modalidades de prestaci\u00f3n para los aut\u00f3nomos: prestaci\u00f3n por cierre de negocio, prestaci\u00f3n extraordinaria para trabajadores aut\u00f3nomos compatible con la actividad (POECATA), cese de actividad por bajos ingresos sin acceso a POECATA y prestaci\u00f3n para aut\u00f3nomos de temporada.<\/span><\/li>\n<li style=\"list-style: none;\"><\/li>\n<li><span style=\"font-size: 12pt;\"><strong><span style=\"font-family: lato;\">ERTE. Hasta el 28 de febrero.<\/span><\/strong><\/span><\/li>\n<li style=\"list-style: none;\"><span style=\"font-family: lato; font-size: 12pt;\">La \u00faltima pr\u00f3rroga para los expedientes de regulaci\u00f3n temporal de empleo extraordinarios finalizar\u00e1 el 28 de febrero. <\/span><\/li>\n<li style=\"list-style: none;\"><span style=\"font-family: lato; font-size: 12pt;\">A partir de esa fecha, resulta posible que entren en vigor estructuralmente los modos mecanismos de regulaci\u00f3n de empleo desvinculados a la situaci\u00f3n pand\u00e9mica. <\/span><\/li>\n<li style=\"list-style: none;\"><span style=\"font-family: lato; font-size: 12pt;\">En este sentido los ERTE podr\u00e1n flexibilizarse y facilitar el acceso a aut\u00f3nomos y peque\u00f1os negocios, a la vez que incluir\u00e1n exoneraciones del pago de cotizaciones sociales por los trabajadores. Estamos hablando de los ERTE ETOP, ERTE por fuerza mayor y el Mecanismo RED de flexibilidad.<\/span><\/li>\n<\/ul>\n<ul>\n<li><span style=\"font-size: 12pt;\"><strong><span style=\"font-family: lato;\">Moratoria concursal. Hasta el 30 de junio.<\/span><\/strong><\/span><\/li>\n<li style=\"list-style: none;\"><span style=\"font-family: lato; font-size: 12pt;\">En el caso de negocios con problemas de tesorer\u00eda, no existe la obligaci\u00f3n de iniciar un concurso de acreedores hasta dentro de 6 meses, ya que la moratoria concursal se extendi\u00f3 hasta el 30 de junio.<\/span><\/li>\n<\/ul>\n<ul>\n<li><span style=\"font-size: 12pt;\"><strong><span style=\"font-family: lato;\">IVA de la luz. Hasta el 30 de abril.<\/span><\/strong><\/span><\/li>\n<li style=\"list-style: none;\"><span style=\"font-family: lato; font-size: 12pt;\">Hasta el 30 de abril, el IVA de la luz se mantendr\u00e1 en el tipo reducido del 10% para negocios con menos de 10 kw de potencia contratada, \u201csiempre que el precio medio mensual del mercado mayorista del mes anterior sea superior a 45 \u20ac\/MWh\u201d.<\/span><\/li>\n<\/ul>\n<ul>\n<li><span style=\"font-size: 12pt;\"><strong><span style=\"font-family: lato;\">Ayudas directas auton\u00f3micas. Hasta el 30 de junio.<\/span><\/strong><\/span><\/li>\n<li style=\"list-style: none;\"><span style=\"font-family: lato; font-size: 12pt;\">Los aut\u00f3nomos podr\u00e1n seguir solicitando ayudas directas auton\u00f3micas hasta el 30 de junio. Tras ciertas aclaraciones normativas de los \u00faltimos meses, los expertos consideran que el colectivo de aut\u00f3nomos puede incluir como gastos subvencionables en este tipo de ayudas directas los costes fijos incurridos y pagados previamente, como la luz, el alquiler o el agua.<\/span><\/li>\n<\/ul>\n<ul>\n<li><span style=\"font-size: 12pt;\"><strong><span style=\"font-family: lato;\">ICO avalado para aut\u00f3nomos. Hasta el 30 de junio.<\/span><\/strong><\/span><\/li>\n<li style=\"list-style: none;\"><span style=\"font-family: lato; font-size: 12pt;\">Esta ayuda se traduce en la concesi\u00f3n de avales aut\u00f3nomos y peque\u00f1os negocios, por parte Ministerio de Asuntos Econ\u00f3micos y Transformaci\u00f3n Digital, hasta el 30 de junio.<\/span><\/li>\n<li style=\"list-style: none;\"><span style=\"font-family: lato; font-size: 12pt;\">Esta l\u00ednea de pr\u00e9stamos finalistas podr\u00e1 destinarse a pago de salarios, facturas a proveedores pendientes, gastos de suministros u otras necesidades de liquidez o circulante.<\/span><\/li>\n<li style=\"list-style: none;\"><span style=\"font-family: lato; font-size: 12pt;\">Quedan fuera de la justificaci\u00f3n las reestructuraciones de pr\u00e9stamos, o la cancelaci\u00f3n o amortizaci\u00f3n anticipada de deudas existentes.<\/span><\/li>\n<\/ul>\n<p><span style=\"font-family: lato; font-size: 12pt;\">Actualmente a\u00fan pueden solicitarse todas ellas.<\/span><\/p>\n","protected":false},"excerpt":{"rendered":"<p>Durante muchos meses, los trabajadores por cuenta propia han podido tener&#8230;<\/p>\n","protected":false},"featured_media":8217,"template":"","meta":{"_acf_changed":false},"categories":[318],"noticias":[],"class_list":["post-8216","noticias","type-noticias","status-publish","has-post-thumbnail","hentry","category-blog"],"acf":[],"_links":{"self":[{"href":"https:\/\/test.madridemprende.anovagroup.es\/en\/wp-json\/wp\/v2\/noticias\/8216"}],"collection":[{"href":"https:\/\/test.madridemprende.anovagroup.es\/en\/wp-json\/wp\/v2\/noticias"}],"about":[{"href":"https:\/\/test.madridemprende.anovagroup.es\/en\/wp-json\/wp\/v2\/types\/noticias"}],"version-history":[{"count":0,"href":"https:\/\/test.madridemprende.anovagroup.es\/en\/wp-json\/wp\/v2\/noticias\/8216\/revisions"}],"wp:featuredmedia":[{"embeddable":true,"href":"https:\/\/test.madridemprende.anovagroup.es\/en\/wp-json\/wp\/v2\/media\/8217"}],"wp:attachment":[{"href":"https:\/\/test.madridemprende.anovagroup.es\/en\/wp-json\/wp\/v2\/media?parent=8216"}],"wp:term":[{"taxonomy":"category","embeddable":true,"href":"https:\/\/test.madridemprende.anovagroup.es\/en\/wp-json\/wp\/v2\/categories?post=8216"},{"taxonomy":"noticias","embeddable":true,"href":"https:\/\/test.madridemprende.anovagroup.es\/en\/wp-json\/wp\/v2\/noticias?post=8216"}],"curies":[{"name":"wp","href":"https:\/\/api.w.org\/{rel}","templated":true}]}}