{"id":8262,"date":"2022-04-28T00:00:00","date_gmt":"2022-04-28T00:00:00","guid":{"rendered":"https:\/\/pre.madridemprende.anovagroup.es\/noticias\/104-millones-de-euros-en-ayudas-para-la-economia-social\/"},"modified":"2022-06-08T10:30:33","modified_gmt":"2022-06-08T08:30:33","slug":"104-millones-de-euros-en-ayudas-para-la-economia-social","status":"publish","type":"noticias","link":"https:\/\/test.madridemprende.anovagroup.es\/en\/noticias\/104-millones-de-euros-en-ayudas-para-la-economia-social\/","title":{"rendered":"10,4 millones de euros en ayudas para la Econom\u00eda Social"},"content":{"rendered":"<p class=\"MsoNormal\" style=\"text-align: justify; line-height: 15.0pt; margin: 7.5pt 0cm 11.25pt 0cm;\"><span style=\"font-family: lato; color: #2a2a2a;\"><span style=\"font-size: 12pt;\">El ministerio de Trabajo y Econom\u00eda Social ha lanzado una <strong>nueva convocatoria de ayudas<\/strong> p\u00fablicas para la promoci\u00f3n y el fomento del trabajo aut\u00f3nomo, de la Econom\u00eda Social y de la Responsabilidad Social de las empresas, as\u00ed como para contribuir a sufragar el funcionamiento de las asociaciones de trabajadores aut\u00f3nomos, cooperativas, sociedades laborales, empresas de inserci\u00f3n y otras entidades de la Econom\u00eda Social.<\/span><\/span><\/p>\n<h2 style=\"text-align: justify;\"><span style=\"font-family: lato;\">Presupuesto<\/span><\/h2>\n<p class=\"MsoNormal\" style=\"text-align: justify; line-height: 15.0pt; margin: 7.5pt 0cm 11.25pt 0cm;\"><span style=\"font-family: lato; font-size: 12pt;\"><a name=\"_Hlk101807436\"><\/a><span style=\"color: #2a2a2a;\">El presupuesto de estas ayudas p\u00fablicas se consolida con <strong>10.438.000 euros<\/strong><\/span><span style=\"color: #2a2a2a;\">, una cifra que en 2021 duplic\u00f3 su volumen, reflejando as\u00ed la importancia que el ministerio otorga a apoyar y visualizar la labor que vienen realizando los aut\u00f3nomos y las entidades de la econom\u00eda social.<\/span><\/span><\/p>\n<p class=\"MsoNormal\" style=\"text-align: justify; line-height: 15.0pt; margin: 7.5pt 0cm 11.25pt 0cm;\"><span style=\"font-family: lato; color: #2a2a2a; font-size: 12pt;\">Este modelo productivo proporciona un crecimiento sostenible e inclusivo, combate la pobreza social y laboral, est\u00e1 comprometido con la preservaci\u00f3n del medio ambiente a la vez que alienta el desarrollo local, regional y rural.<\/span><\/p>\n<p class=\"MsoNormal\" style=\"text-align: justify; line-height: 15.0pt; margin: 7.5pt 0cm 11.25pt 0cm;\"><span style=\"font-family: lato; color: #2a2a2a;\"><span style=\"font-size: 12pt;\">El abanico de posibles entidades beneficiarias de esta convocatoria incluye a asociaciones, fundaciones y universidades conectadas con la Econom\u00eda Social.<\/span><\/span><\/p>\n<h2 style=\"text-align: justify;\"><span style=\"font-family: lato;\">Fomentar el autoempleo y el emprendimiento colectivo<\/span><\/h2>\n<p class=\"MsoNormal\" style=\"text-align: justify; line-height: 15.0pt; margin: 7.5pt 0cm 11.25pt 0cm;\"><span style=\"font-family: lato; color: #2a2a2a; font-size: 12pt;\">Las actuaciones que se fomentan est\u00e1n dirigidas a impulsar la <strong>cultura del emprendimiento<\/strong> tanto desde el <strong>autoempleo<\/strong>, como mediante la constituci\u00f3n de <strong>sociedades cooperativas<\/strong> que act\u00faen en campos relacionados con servicios asistenciales a la tercera edad, la mejora del medio ambiente, el desarrollo sostenible y la mejora de las condiciones de vida en el medio rural, pero tambi\u00e9n las relacionadas con el cooperativismo de viviendas y consumo.<\/span><\/p>\n<p class=\"MsoNormal\" style=\"text-align: justify; line-height: 15.0pt; margin: 7.5pt 0cm 11.25pt 0cm;\"><span style=\"font-family: lato; color: #2a2a2a; font-size: 12pt;\">Otra de las l\u00edneas de acci\u00f3n de estas ayudas es facilitar la incorporaci\u00f3n al mercado de trabajo de <strong>personas con discapacidad o en riesgo de exclusi\u00f3n social<\/strong>.<\/span><\/p>\n<p class=\"MsoNormal\" style=\"text-align: justify; line-height: 15.0pt; margin: 7.5pt 0cm 11.25pt 0cm;\"><span style=\"font-family: lato; color: #2a2a2a; font-size: 12pt;\">El desarrollo de planes para facilitar el <strong>relevo generacional<\/strong> y la incorporaci\u00f3n al mercado de trabajo de las <strong>mujeres y<\/strong> de los <strong>colectivos con mayores dificultades<\/strong> de acceso como las personas j\u00f3venes, las personas desempleadas de larga duraci\u00f3n o mayores de 45 a\u00f1os tambi\u00e9n pueden optar a estas ayudas, al igual de las acciones dirigidas a apoyar la digitalizaci\u00f3n y la sostenibilidad econ\u00f3mica de las personas emprendedoras, aut\u00f3nomas o promotoras de la Econom\u00eda Social.<\/span><\/p>\n<p class=\"MsoNormal\" style=\"text-align: justify; line-height: 15.0pt; margin: 7.5pt 0cm 11.25pt 0cm;\"><span style=\"font-family: lato; color: #2a2a2a;\"><span style=\"font-size: 12pt;\">El fomento de la <strong>igualdad real y efectiva<\/strong> entre mujeres y hombres tambi\u00e9n es susceptible de optar a las subvenciones convocadas.<\/span><\/span><\/p>\n<h2 style=\"text-align: justify;\"><span style=\"font-family: lato;\">Fomento del asociacionismo de las personas j\u00f3venes<\/span><\/h2>\n<p class=\"MsoNormal\" style=\"text-align: justify; line-height: 15.0pt; margin: 7.5pt 0cm 11.25pt 0cm;\"><span style=\"font-family: lato; color: #2a2a2a; font-size: 12pt;\">Como novedad, en esta convocatoria se fomentan las actuaciones dirigidas a facilitar la mayor <strong>participaci\u00f3n de las personas j\u00f3venes en los \u00f3rganos de decisi\u00f3n en las entidades y organizaciones<\/strong> representativas y el fomento del <strong>asociacionismo<\/strong> de personas j\u00f3venes en entidades de la econom\u00eda social y en el \u00e1mbito del trabajo aut\u00f3nomo.<\/span><\/p>\n<p class=\"MsoNormal\" style=\"text-align: justify; line-height: 15.0pt; margin: 7.5pt 0cm 11.25pt 0cm;\"><span style=\"font-family: lato; font-size: 12pt;\"><strong><span style=\"color: #2a2a2a;\">Periodo de solicitudes hasta el 18 de mayo. <\/span><\/strong><\/span><\/p>\n<p class=\"MsoNormal\" style=\"text-align: justify; line-height: 15.0pt; margin: 7.5pt 0cm 11.25pt 0cm;\"><span lang=\"CA\" style=\"font-family: lato; font-size: 12pt;\"><a href=\"https:\/\/www.pap.hacienda.gob.es\/bdnstrans\/GE\/es\/convocatoria\/621424\" target=\"_blank\" rel=\"noopener\"><span lang=\"ES\">Bases de la convocatoria<\/span><\/a><\/span><\/p>\n","protected":false},"excerpt":{"rendered":"<p>El ministerio de Trabajo y Econom\u00eda Social ha lanzado una nueva&#8230;<\/p>\n","protected":false},"featured_media":8263,"template":"","meta":{"_acf_changed":false},"categories":[319],"noticias":[],"class_list":["post-8262","noticias","type-noticias","status-publish","has-post-thumbnail","hentry","category-noticias-y-blog"],"acf":[],"_links":{"self":[{"href":"https:\/\/test.madridemprende.anovagroup.es\/en\/wp-json\/wp\/v2\/noticias\/8262"}],"collection":[{"href":"https:\/\/test.madridemprende.anovagroup.es\/en\/wp-json\/wp\/v2\/noticias"}],"about":[{"href":"https:\/\/test.madridemprende.anovagroup.es\/en\/wp-json\/wp\/v2\/types\/noticias"}],"version-history":[{"count":0,"href":"https:\/\/test.madridemprende.anovagroup.es\/en\/wp-json\/wp\/v2\/noticias\/8262\/revisions"}],"wp:featuredmedia":[{"embeddable":true,"href":"https:\/\/test.madridemprende.anovagroup.es\/en\/wp-json\/wp\/v2\/media\/8263"}],"wp:attachment":[{"href":"https:\/\/test.madridemprende.anovagroup.es\/en\/wp-json\/wp\/v2\/media?parent=8262"}],"wp:term":[{"taxonomy":"category","embeddable":true,"href":"https:\/\/test.madridemprende.anovagroup.es\/en\/wp-json\/wp\/v2\/categories?post=8262"},{"taxonomy":"noticias","embeddable":true,"href":"https:\/\/test.madridemprende.anovagroup.es\/en\/wp-json\/wp\/v2\/noticias?post=8262"}],"curies":[{"name":"wp","href":"https:\/\/api.w.org\/{rel}","templated":true}]}}