{"id":8352,"date":"2022-06-08T10:30:13","date_gmt":"2022-06-08T08:30:13","guid":{"rendered":"https:\/\/pre.madridemprende.anovagroup.es\/?post_type=noticias&#038;p=8352"},"modified":"2022-06-15T23:28:26","modified_gmt":"2022-06-15T21:28:26","slug":"programas-de-aceleracion-en-los-viveros","status":"publish","type":"noticias","link":"https:\/\/test.madridemprende.anovagroup.es\/en\/noticias\/programas-de-aceleracion-en-los-viveros\/","title":{"rendered":"Programas de aceleraci\u00f3n en los viveros de empresas"},"content":{"rendered":"<ul>\n<li><strong>Acelera Villaverde <\/strong><strong>est\u00e1 especializado en empresas sociales<\/strong><\/li>\n<li><strong>Acelera Carabanchel est\u00e1 especializado en empresas tecnol\u00f3gicas<\/strong><\/li>\n<li><strong>Conoce estos programas gratuitos y aprovecha todas las ventajas que ofrecen para tu proyecto<\/strong><\/li>\n<li><strong>Presentaci\u00f3n de candidaturas hasta el 15 de julio<\/strong><\/li>\n<\/ul>\n<p>&nbsp;<\/p>\n<p>Ya est\u00e1 en marcha la <strong>III edici\u00f3n del los programas de aceleraci\u00f3n de los viveros de empresas de Villaverde y Carabanchel,<\/strong> tendr\u00e1n una duraci\u00f3n de <strong>4 meses<\/strong>, desde el pr\u00f3ximo octubre hasta enero de 2023.<\/p>\n<p>Los programas de aceleraci\u00f3n son un <strong>servicio gratuito y\u00a0 personalizado<\/strong> de acompa\u00f1amiento y asesoramiento, donde los 10 proyectos seleccionados tambi\u00e9n tendr\u00e1n la oportunidad de acceder a sesiones de mentor\u00eda especializadas, sesiones formativas y de<em> coaching<\/em> espec\u00edficas, y de <em>networking<\/em>. Adem\u00e1s, tendr\u00e1n la posibilidad de tener un espacio de <em>coworking<\/em> gratuito sujeto a disponibilidad, salas de reuniones y sesi\u00f3n de diagn\u00f3stico principal.<\/p>\n<p>La <strong>aceleraci\u00f3n<\/strong> busca potenciar y fortalecer el actual ecosistema emprendedor de la ciudad. A su vez, favorece el establecimiento y permanencia en Madrid de empresas basadas en el talento, la innovaci\u00f3n y el aporte de valor a las ideas.<\/p>\n<p>El programa <strong>#AceleraVillaverde<\/strong>\u00a0quiere impulsar a <strong>empresas sociales<\/strong>, mediante el apoyo a las personas, a las ciudades y a la sostenibilidad dentro del ecosistema emprendedor en general.<\/p>\n<p>Por su parte, <strong>#AceleraCarabanchel<\/strong> impulsa a <strong>empresas de base tecnol\u00f3gica<\/strong>, con tem\u00e1ticas de venta online, industria 4.0 y <em>ecommerce<\/em>.<\/p>\n<p>\u00bfTienes una idea o proyecto? Conoce estos programas gratuitos y aprovecha todas las ventajas que ofrecen para tu proyecto. No te pierdas esta oportunidad \u00fanica y exclusiva de la que tan solo 10 proyectos podr\u00e1n formar parte.<\/p>\n<p>Si est\u00e1s interesad@ y quieres enviar tu <strong>candidatura<\/strong>, el plazo estar\u00e1 abierto<strong> hasta el<\/strong> <strong>15 de julio. <\/strong>Presenta ya tu proyecto a\u00a0<a href=\"https:\/\/aceleravillaverde.appcink.com\/\" target=\"_blank\" rel=\"noopener\">Acelera Villaverde<\/a> o a\u00a0<a href=\"https:\/\/aceleracarabanchel.appcink.com\/\" target=\"_blank\" rel=\"noopener\">Acelera Carabanchel<\/a><\/p>\n","protected":false},"excerpt":{"rendered":"<p>Acelera Villaverde y Acelera Carabanchel, especializados en empresas sociales y en tecnol\u00f3gicas. Conoce estos programas gratuitos y aprovecha todas las ventajas que ofrecen para tu proyecto.<br \/>\nPresentaci\u00f3n de candidaturas hasta el 15 de julio.<\/p>\n","protected":false},"featured_media":8353,"template":"","meta":{"_acf_changed":false},"categories":[317],"noticias":[115,117,116],"class_list":["post-8352","noticias","type-noticias","status-publish","has-post-thumbnail","hentry","category-noticias","noticias-acelera","noticias-carabanchel","noticias-villaverde"],"acf":[],"_links":{"self":[{"href":"https:\/\/test.madridemprende.anovagroup.es\/en\/wp-json\/wp\/v2\/noticias\/8352"}],"collection":[{"href":"https:\/\/test.madridemprende.anovagroup.es\/en\/wp-json\/wp\/v2\/noticias"}],"about":[{"href":"https:\/\/test.madridemprende.anovagroup.es\/en\/wp-json\/wp\/v2\/types\/noticias"}],"version-history":[{"count":0,"href":"https:\/\/test.madridemprende.anovagroup.es\/en\/wp-json\/wp\/v2\/noticias\/8352\/revisions"}],"wp:featuredmedia":[{"embeddable":true,"href":"https:\/\/test.madridemprende.anovagroup.es\/en\/wp-json\/wp\/v2\/media\/8353"}],"wp:attachment":[{"href":"https:\/\/test.madridemprende.anovagroup.es\/en\/wp-json\/wp\/v2\/media?parent=8352"}],"wp:term":[{"taxonomy":"category","embeddable":true,"href":"https:\/\/test.madridemprende.anovagroup.es\/en\/wp-json\/wp\/v2\/categories?post=8352"},{"taxonomy":"noticias","embeddable":true,"href":"https:\/\/test.madridemprende.anovagroup.es\/en\/wp-json\/wp\/v2\/noticias?post=8352"}],"curies":[{"name":"wp","href":"https:\/\/api.w.org\/{rel}","templated":true}]}}