{"id":10600,"date":"2022-08-02T12:04:09","date_gmt":"2022-08-02T10:04:09","guid":{"rendered":"https:\/\/pre.madridemprende.anovagroup.es\/?post_type=noticias&#038;p=10600"},"modified":"2022-08-02T12:04:09","modified_gmt":"2022-08-02T10:04:09","slug":"plan-relanza-ii-ayudas-economicas-para-autonomos-madrilenos","status":"publish","type":"noticias","link":"https:\/\/test.madridemprende.anovagroup.es\/fr\/noticias\/plan-relanza-ii-ayudas-economicas-para-autonomos-madrilenos\/","title":{"rendered":"Plan Relanza II, ayudas econ\u00f3micas para aut\u00f3nomos madrile\u00f1os"},"content":{"rendered":"<ul>\n<li><strong>El Plan Relanza II va destinado a los trabajadores por cuenta propia de Madrid<\/strong><\/li>\n<li><strong>La cuant\u00eda de la ayuda asciende a 3.000 euros por solicitante, a fondo perdido<\/strong><\/li>\n<\/ul>\n<p><strong>\u00a0<\/strong><\/p>\n<p>El Plan Relanza II es una l\u00ednea de ayudas dirigidas a trabajadores y trabajadoras <strong>aut\u00f3nomos<\/strong> que prestan su actividad econ\u00f3mica en el <strong>municipio de Madrid.<\/strong><\/p>\n<h2>Objeto<\/h2>\n<p>Su objetivo es contribuir al <strong>mantenimiento<\/strong> y <strong>sostenibilidad<\/strong> de su actividad econ\u00f3mica y contribuir a <strong>mitigar<\/strong>, en la medida de lo posible, las <strong>p\u00e9rdidas econ\u00f3micas<\/strong> que la <strong>crisis<\/strong> econ\u00f3mica actual haya podido generar en sus empresas.<\/p>\n<h2>Importe<\/h2>\n<p>La ayuda consistir\u00e1 en una subvenci\u00f3n por importe de <strong>3.000 euros por solicitante, a fondo perdido. <\/strong><\/p>\n<p>La <strong>cuant\u00eda total<\/strong> del cr\u00e9dito destinado a estas ayudas asciende a un importe de <strong>5.001.000 euros<\/strong>.<\/p>\n<h2>Beneficiarios<\/h2>\n<p>Podr\u00e1n ser <strong>beneficiarios<\/strong> de las ayudas los trabajadores y trabajadoras aut\u00f3nomos que cumplan los siguientes <strong>requisitos<\/strong>:<\/p>\n<ol>\n<li>Estar dados de <strong>alta<\/strong> en el R\u00e9gimen Especial de la Seguridad Social de Trabajadores por Cuenta Propia o Aut\u00f3nomos (<strong>RETA<\/strong>) a la fecha de presentaci\u00f3n de la solicitud.<\/li>\n<li>Haber iniciado su actividad econ\u00f3mica a partir al <strong>1 de enero de 2017.<\/strong><\/li>\n<li>Que la sede de la empresa o el local donde se desarrolla o se presta la actividad econ\u00f3mica se encuentre en el <strong>t\u00e9rmino municipal de Madrid<\/strong>.<\/li>\n<li><strong>No haber sido beneficiarios<\/strong> de las ayudas a aut\u00f3nomos en el marco del Plan Relanza del Ayuntamiento de Madrid <strong>en el a\u00f1o 2021<\/strong>.<\/li>\n<li>Estar al corriente en el cumplimiento de las obligaciones tributarias con la Administraci\u00f3n del Estado, con la Seguridad Social y con el Ayuntamiento de Madrid.<\/li>\n<li>No estar incursa en alguna de las circunstancias recogidas en el art\u00edculo 13, apartados 2 y 3 de la Ley 38\/2003, de 17 de noviembre, General de Subvenciones.<\/li>\n<li>Cumplir las obligaciones impuestas por el art\u00edculo 14 de la Ley General de Subvenciones a los beneficiarios.<\/li>\n<li>Quedan <strong>excluidos los aut\u00f3nomos societarios<\/strong> (tener acciones o participaciones de la sociedad y llevar a cabo funciones gerenciales, directivas o trabajar en ella; las personas trabajadoras aut\u00f3nomas en calidad de familiares colaboradores del titular de la explotaci\u00f3n).<\/li>\n<li>En el caso de <strong>comunidades de bienes<\/strong> la ayuda deber\u00e1 solicitarla un solo comunero, aquel que hubiera sido designado como representante por el resto.<\/li>\n<\/ol>\n<h2>Presentaci\u00f3n de solicitudes<\/h2>\n<p>La <strong>solicitud<\/strong> podr\u00e1 presentarse junto con la <strong>documentaci\u00f3n requerida<\/strong>\u00a0de <strong>forma electr\u00f3nica<\/strong>, accediendo a la web <a href=\"http:\/\/www.planrelanzamadrid.es\/\" target=\"_blank\" rel=\"noopener\">www.planrelanzamadrid.es<\/a><\/p>\n<p>Tambi\u00e9n se podr\u00e1 presentar la solicitud de <strong>manera presencial<\/strong> en el registro de la sede corporativa de la C\u00e1mara Oficial de Comercio, Industria y Servicios de Madrid (Plaza de la Independencia, 1, 28001 Madrid), de lunes a viernes de 9 a 14 horas.<\/p>\n<p>El <strong>plazo para la presentaci\u00f3n<\/strong> de las solicitudes <strong>comienza el 3 de agosto a las 00:00 horas<\/strong> y permanecer\u00e1 abierto <strong>hasta el 15 de septiembre a las 23:59 horas<\/strong>.<\/p>\n<p><a href=\"https:\/\/pre.madridemprende.anovagroup.es\/plan-relanza-ii\/\" target=\"_blank\" rel=\"noopener\"><strong>M\u00e1s informaci\u00f3n y bases de la convocatoria<\/strong><\/a><strong>.\u00a0<\/strong><\/p>\n","protected":false},"excerpt":{"rendered":"<p>L\u00ednea de ayudas dirigidas a trabajadores y trabajadoras aut\u00f3nomos que prestan su actividad econ\u00f3mica en el municipio de Madrid. La cuant\u00eda de la ayuda asciende a 3.000 euros por solicitante, a fondo perdido.<\/p>\n","protected":false},"featured_media":10601,"template":"","meta":{"_acf_changed":false},"categories":[317],"noticias":[134,142,129],"class_list":["post-10600","noticias","type-noticias","status-publish","has-post-thumbnail","hentry","category-noticias","noticias-autonomos","noticias-plan-relanza-ii","noticias-subvenciones"],"acf":[],"_links":{"self":[{"href":"https:\/\/test.madridemprende.anovagroup.es\/fr\/wp-json\/wp\/v2\/noticias\/10600"}],"collection":[{"href":"https:\/\/test.madridemprende.anovagroup.es\/fr\/wp-json\/wp\/v2\/noticias"}],"about":[{"href":"https:\/\/test.madridemprende.anovagroup.es\/fr\/wp-json\/wp\/v2\/types\/noticias"}],"version-history":[{"count":0,"href":"https:\/\/test.madridemprende.anovagroup.es\/fr\/wp-json\/wp\/v2\/noticias\/10600\/revisions"}],"wp:featuredmedia":[{"embeddable":true,"href":"https:\/\/test.madridemprende.anovagroup.es\/fr\/wp-json\/wp\/v2\/media\/10601"}],"wp:attachment":[{"href":"https:\/\/test.madridemprende.anovagroup.es\/fr\/wp-json\/wp\/v2\/media?parent=10600"}],"wp:term":[{"taxonomy":"category","embeddable":true,"href":"https:\/\/test.madridemprende.anovagroup.es\/fr\/wp-json\/wp\/v2\/categories?post=10600"},{"taxonomy":"noticias","embeddable":true,"href":"https:\/\/test.madridemprende.anovagroup.es\/fr\/wp-json\/wp\/v2\/noticias?post=10600"}],"curies":[{"name":"wp","href":"https:\/\/api.w.org\/{rel}","templated":true}]}}