{"id":12056,"date":"2022-12-05T12:17:33","date_gmt":"2022-12-05T11:17:33","guid":{"rendered":"https:\/\/pre.madridemprende.anovagroup.es\/?post_type=noticias&#038;p=12056"},"modified":"2022-12-05T11:28:01","modified_gmt":"2022-12-05T10:28:01","slug":"ayudas-a-emprendedoras-digitales","status":"publish","type":"noticias","link":"https:\/\/test.madridemprende.anovagroup.es\/fr\/noticias\/ayudas-a-emprendedoras-digitales\/","title":{"rendered":"Ayudas a emprendedoras digitales"},"content":{"rendered":"<p>El Ministerio de Asuntos Econ\u00f3micos y Transformaci\u00f3n Digital, MINECO, destinar\u00e1 hasta <strong>51 millones de euros<\/strong> en los pr\u00f3ximos tres a\u00f1os a impulsar el emprendimiento digital femenino a trav\u00e9s de la l\u00ednea de financiaci\u00f3n <a href=\"https:\/\/www.enisa.es\/es\/financia-tu-empresa\/lineas-de-financiacion\/d\/emprendedoras-digitales\"><strong>ENISA Emprendedoras Digitales<\/strong><\/a>.<\/p>\n<h2>\u00bfEn qu\u00e9 consiste la ayuda?<\/h2>\n<p>Apoyar e impulsar, a trav\u00e9s de la financiaci\u00f3n, proyectos de emprendimiento digital femenino y reducir la brecha de g\u00e9nero existente en este \u00e1mbito.<\/p>\n<h2>\u00bfA qu\u00e9 empresas va destinada?<\/h2>\n<p>Podr\u00e1n obtener los pr\u00e9stamos participativos las peque\u00f1as y medianas empresas emergentes o en crecimiento en las que una o varias <strong>mujeres<\/strong> ostenten una <strong>posici\u00f3n relevante de liderazgo o de poder dentro de sociedad<\/strong>: en el accionariado, en el \u00f3rgano de administraci\u00f3n o formando parte del equipo directivo.<\/p>\n<p>Esta l\u00ednea est\u00e1 dirigida tanto a empresas de nueva creaci\u00f3n como a aquellas que est\u00e9n considerando un proyecto de consolidaci\u00f3n, crecimiento o internacionalizaci\u00f3n.<\/p>\n<h2>Requisitos<\/h2>\n<ul>\n<li>Domicilio social en Espa\u00f1a.<\/li>\n<li>Ser una pyme, conforme a la definici\u00f3n de la Uni\u00f3n Europea.<\/li>\n<li>Tener personalidad jur\u00eddica propia, independiente de la de los socios o part\u00edcipes.<\/li>\n<li>El proyecto empresarial ha de demostrar su viabilidad t\u00e9cnica y econ\u00f3mica, y presentar un modelo de negocio innovador, novedoso o con claras ventajas competitivas.<\/li>\n<li>La empresa prestataria deber\u00e1 cofinanciar las necesidades financieras asociadas al proyecto empresarial.<\/li>\n<li>Los fondos propios de la sociedad ser\u00e1n equivalentes, como m\u00ednimo, a la cuant\u00eda del pr\u00e9stamo.<\/li>\n<li>La empresa que solicite un pr\u00e9stamo ENISA deber\u00e1 mostrar una estructura financiera equilibrada y profesionalidad en su gesti\u00f3n.<\/li>\n<li>Deber\u00e1n presentarse las cuentas del \u00faltimo ejercicio cerrado, que habr\u00e1n sido depositadas en el Registro Mercantil o en otro registro p\u00fablico que proceda.<\/li>\n<li>La empresa que reciba un pr\u00e9stamo ENISA, por un importe superior a 300.000 euros, deber\u00e1 tener auditados externamente los estados financieros del \u00faltimo ejercicio cerrado.<\/li>\n<li>Quedan excluidas las empresas cuya actividad corresponda a los sectores inmobiliario y financiero.<\/li>\n<\/ul>\n<h2>Condiciones<\/h2>\n<ul>\n<li><strong>Importe m\u00ednimo<\/strong> del pr\u00e9stamo: <strong>25.000 euros.<\/strong><\/li>\n<li><strong>Importe m\u00e1ximo<\/strong> del pr\u00e9stamo: <strong>1.500.000 euros.<\/strong><\/li>\n<li>Para la determinaci\u00f3n del importe se valorar\u00e1, entre otros factores, la cuant\u00eda de fondos propios y la estructura financiera de la sociedad.<\/li>\n<li>El <strong>tipo de inter\u00e9s<\/strong> se aplicar\u00e1 en dos tramos:\n<ul>\n<li>Primer tramo: eur\u00edbor + 3,75 %.<\/li>\n<li>Segundo tramo: aplicamos un inter\u00e9s variable en funci\u00f3n de la rentabilidad financiera de la empresa, con un l\u00edmite m\u00e1ximo establecido entre el 3 % y el 8 %, de acuerdo con la calificaci\u00f3n (rating) de la operaci\u00f3n.<\/li>\n<\/ul>\n<\/li>\n<li>Comisi\u00f3n de apertura: 0,5 %.<\/li>\n<li>Vencimiento: m\u00e1ximo 9 a\u00f1os.<\/li>\n<li>Carencia de principal: m\u00e1ximo 7 a\u00f1os.<\/li>\n<li>Comisi\u00f3n por amortizaci\u00f3n anticipada: equivalente al importe que el pr\u00e9stamo hubiese devengado en concepto de segundo tramo de intereses si el pr\u00e9stamo se hubiera amortizado en los plazos acordados y el segundo tramo de inter\u00e9s se hubiese liquidado al tipo m\u00e1ximo, deduciendo los intereses de segundo tramo devengados hasta la fecha de amortizaci\u00f3n anticipada. Quedar\u00e1n exentas de esta comisi\u00f3n las amortizaciones anticipadas que se produzcan como consecuencia de una operaci\u00f3n de refinanciaci\u00f3n.<\/li>\n<li>Comisi\u00f3n de vencimiento anticipado por cambio en el accionariado: en el caso de cambio en la mayor\u00eda de control de la empresa prestataria y\/o de transmisi\u00f3n global por cualquier t\u00edtulo de los activos de la empresa prestataria, se establece la opci\u00f3n a favor de ENISA de declarar el vencimiento anticipado del pr\u00e9stamo. En el caso de ejercer dicha opci\u00f3n, se establecer\u00e1 una penalizaci\u00f3n por vencimiento anticipado, equivalente al importe que el pr\u00e9stamo hubiese devengado en concepto de segundo tramo de intereses (si el pr\u00e9stamo se hubiera amortizado en los plazos acordados y el segundo tramo de inter\u00e9s se hubiese liquidado al tipo m\u00e1ximo), deduciendo los intereses de segundo tramo devengados hasta la fecha de vencimiento anticipado.<\/li>\n<li>La amortizaci\u00f3n de intereses y principal es trimestral.<\/li>\n<li>Para la concesi\u00f3n del pr\u00e9stamo no se exigir\u00e1n garant\u00edas adicionales a las del propio proyecto empresarial.<\/li>\n<\/ul>\n<h2>Plazo de inscripci\u00f3n<\/h2>\n<p><a href=\"https:\/\/planderecuperacion.gob.es\/como-acceder-a-los-fondos\/convocatorias\/DRU\/149\/emprendedoras-digitales\" target=\"_blank\" rel=\"noopener\"><strong>Convocatoria abierta hasta el 31\/12\/2023<\/strong><\/a><\/p>\n<h2><\/h2>\n<h2>Enlaces de inter\u00e9s<\/h2>\n<p class=\"elementor-post__title\"><a href=\"https:\/\/pre.madridemprende.anovagroup.es\/noticias\/lineas-de-financiacion-de-enisa\/\">L\u00edneas de financiaci\u00f3n de ENISA<\/a><\/p>\n<p><a href=\"https:\/\/portalayudas.mineco.gob.es\/emprendedoras-digitales\/Paginas\/Index.aspx\" target=\"_blank\" rel=\"noopener\">https:\/\/portalayudas.mineco.gob.es\/emprendedoras-digitales\/Paginas\/Index.aspx<\/a><\/p>\n<p><a href=\"https:\/\/www.enisa.es\/es\/financia-tu-empresa\/lineas-de-financiacion\/d\/emprendedoras-digitales\" target=\"_blank\" rel=\"noopener\">https:\/\/www.enisa.es\/es\/financia-tu-empresa\/lineas-de-financiacion\/d\/emprendedoras-digitales<\/a><\/p>\n","protected":false},"excerpt":{"rendered":"<p>El Ministerio de Asuntos Econ\u00f3micos y Transformaci\u00f3n Digital destinar\u00e1 hasta 51 millones de euros en los pr\u00f3ximos tres a\u00f1os a impulsar el emprendimiento digital femenino a trav\u00e9s de la l\u00ednea de financiaci\u00f3n ENISA Emprendedoras Digitales. <\/p>\n","protected":false},"featured_media":12058,"template":"","meta":{"_acf_changed":false},"categories":[319],"noticias":[238,224],"class_list":["post-12056","noticias","type-noticias","status-publish","has-post-thumbnail","hentry","category-noticias-y-blog","noticias-ayudas","noticias-enisa"],"acf":[],"_links":{"self":[{"href":"https:\/\/test.madridemprende.anovagroup.es\/fr\/wp-json\/wp\/v2\/noticias\/12056"}],"collection":[{"href":"https:\/\/test.madridemprende.anovagroup.es\/fr\/wp-json\/wp\/v2\/noticias"}],"about":[{"href":"https:\/\/test.madridemprende.anovagroup.es\/fr\/wp-json\/wp\/v2\/types\/noticias"}],"version-history":[{"count":0,"href":"https:\/\/test.madridemprende.anovagroup.es\/fr\/wp-json\/wp\/v2\/noticias\/12056\/revisions"}],"wp:featuredmedia":[{"embeddable":true,"href":"https:\/\/test.madridemprende.anovagroup.es\/fr\/wp-json\/wp\/v2\/media\/12058"}],"wp:attachment":[{"href":"https:\/\/test.madridemprende.anovagroup.es\/fr\/wp-json\/wp\/v2\/media?parent=12056"}],"wp:term":[{"taxonomy":"category","embeddable":true,"href":"https:\/\/test.madridemprende.anovagroup.es\/fr\/wp-json\/wp\/v2\/categories?post=12056"},{"taxonomy":"noticias","embeddable":true,"href":"https:\/\/test.madridemprende.anovagroup.es\/fr\/wp-json\/wp\/v2\/noticias?post=12056"}],"curies":[{"name":"wp","href":"https:\/\/api.w.org\/{rel}","templated":true}]}}